{"id":2620,"date":"2018-12-05T14:52:51","date_gmt":"2018-12-05T20:52:51","guid":{"rendered":"https:\/\/www.oaxaca.gob.mx\/ieepo\/portal\/?p=2620"},"modified":"2018-12-05T14:52:51","modified_gmt":"2018-12-05T20:52:51","slug":"felicita-ieepo-a-escolares-por-su-participacion-en-consulta-infantil-y-juvenil-2018","status":"publish","type":"post","link":"https:\/\/www.oaxaca.gob.mx\/ieepo\/felicita-ieepo-a-escolares-por-su-participacion-en-consulta-infantil-y-juvenil-2018\/","title":{"rendered":"Felicita IEEPO a escolares por su participaci\u00f3n en Consulta Infantil y Juvenil 2018"},"content":{"rendered":"<ul>\n<li>El Instituto Estatal de Educaci\u00f3n P\u00fablica de Oaxaca apoy\u00f3 al INE con la instalaci\u00f3n de casillas en 360 planteles educativos<\/li>\n<\/ul>\n<p><strong>Oaxaca de Ju\u00e1rez, Oax. 5 de diciembre de 2018.\u00a0<\/strong>Estudiantes de nivel secundaria reconocieron la importancia de expresarse libremente y poner en pr\u00e1ctica su derecho a participar, como sucedi\u00f3 en la pasada Consulta Infantil y Juvenil 2018, donde tuvieron la oportunidad de compartir opiniones en temas de igualdad de g\u00e9nero, derechos humanos y convivencia cotidiana.<\/p>\n<p>En esta actividad, el Instituto Estatal de Educaci\u00f3n P\u00fablica de Oaxaca (IEEPO) apoy\u00f3 al Instituto Nacional Electoral (INE), para que en 360 instituciones de educaci\u00f3n b\u00e1sica de la entidad se instalaran casillas donde las ni\u00f1as, ni\u00f1os y adolescentes ejercieran su derecho a participar en la vida democr\u00e1tica que rige los destinos de nuestro pa\u00eds.<\/p>\n<p>El IEEPO felicit\u00f3 la participaci\u00f3n de la poblaci\u00f3n escolar de los diferentes planteles, ya que al conocer sus opiniones sobre lo que ocurre en su entorno, las autoridades locales y federales podr\u00e1n generar pol\u00edticas p\u00fablicas enfocadas a las principales necesidades e inquietudes de este importante sector de la poblaci\u00f3n.<\/p>\n<p>Al hablar sobre su experiencia en este ejercicio, alumnos de la Secundaria Federal \u201cMois\u00e9s S\u00e1enz Garza\u201d expresaron que los temas abordados en la Consulta Infantil y Juvenil 2018, adem\u00e1s de ser de relevancia, dan la oportunidad a las y los\u00a0 adolescentes de expresar su sentir.<\/p>\n<p>Mitai Celeste, estudiante del tercer grado, resalt\u00f3 que la igualdad de g\u00e9nero favorece los ambientes arm\u00f3nicos en los planteles educativos; en tanto que, Gerardo Daniel agradeci\u00f3 a las autoridades por permitirle expresar sus necesidades emocionales y\u00a0 sociales.<\/p>\n<p>\u201cEste tipo de ejercicios participativos abonan en la democracia que se ejerce en el pa\u00eds, puesto que se cumple con el derecho a la libertad de expresi\u00f3n\u201d, dijo.<\/p>\n<p>De igual forma, Josu\u00e9 Emiliano resalt\u00f3 que es importante que las autoridades conozcan la opini\u00f3n de las y los adolescentes, para contribuir en cambios positivos. Agreg\u00f3 que \u201cparticipar en la consulta fue emocionante, porque refuerza su sentido de pertenencia al pa\u00eds\u201d e invit\u00f3 a sus compa\u00f1eros a ser parte de este tipo de ejercicios democr\u00e1ticos.<\/p>\n<p>Cabe se\u00f1alar que el objetivo general de la Consulta Infantil y Juvenil 2018, realizada del 17 al 25 de noviembre pasado, fue generar un espacio de participaci\u00f3n y reflexi\u00f3n sobre aspectos relacionados con la perspectiva de g\u00e9nero en la vida cotidiana, cuyos resultados servir\u00e1n para impulsar pol\u00edticas p\u00fablicas que contribuyan a la igualdad de g\u00e9nero en nuestro pa\u00eds desde la perspectiva de los derechos de ni\u00f1as, ni\u00f1os y adolescentes.<\/p>\n<p>Adem\u00e1s, este ejercicio busc\u00f3 que el alumnado, entre 6 y 17 a\u00f1os, ejerciera su derecho a participar y a expresar su opini\u00f3n, tambi\u00e9n a contar con informaci\u00f3n y elementos de diagn\u00f3stico sobre aspectos relacionados con percepciones de g\u00e9nero en la vida cotidiana y del respeto a los derechos humanos, adem\u00e1s de involucrar a instituciones, como el IEEPO y a organizaciones de la sociedad civil, en la implementaci\u00f3n y promoci\u00f3n de la consulta.<\/p>\n<p>&nbsp;\t\t<\/p>\n","protected":false},"excerpt":{"rendered":"El Instituto Estatal de Educaci\u00f3n P\u00fablica de Oaxaca apoy\u00f3 al INE con la instalaci\u00f3n de casillas en 360 planteles educativos Oaxaca de Ju\u00e1rez, Oax. 5 de diciembre de 2018.\u00a0Estudiantes de nivel secundaria reconocieron la importancia de expresarse libremente y poner en pr\u00e1ctica su derecho a participar, como sucedi\u00f3 en la pasada Consulta Infantil y Juvenil [&hellip;]","protected":false},"author":1,"featured_media":2625,"comment_status":"open","ping_status":"open","sticky":false,"template":"","format":"standard","meta":{"episode_type":"","audio_file":"","podmotor_file_id":"","podmotor_episode_id":"","cover_image":"","cover_image_id":"","duration":"","filesize":"","filesize_raw":"","date_recorded":"","explicit":"","block":"","footnotes":""},"categories":[10,11],"tags":[],"series":[],"class_list":["post-2620","post","type-post","status-publish","format-standard","has-post-thumbnail","hentry","category-slide","category-noticias"],"episode_featured_image":"https:\/\/www.oaxaca.gob.mx\/ieepo\/wp-content\/uploads\/sites\/75\/2018\/12\/05-12-18.png","episode_player_image":"https:\/\/www.oaxaca.gob.mx\/ieepo\/wp-content\/plugins\/seriously-simple-podcasting\/assets\/images\/no-album-art.png","download_link":"","player_link":"","audio_player":false,"episode_data":{"playerMode":"dark","subscribeUrls":[],"rssFeedUrl":"https:\/\/www.oaxaca.gob.mx\/ieepo\/feed\/podcast\/instituto-estatal-de-educacion-publica-de-oaxaca","embedCode":"<blockquote class=\"wp-embedded-content\" data-secret=\"fzcg9ehJhy\"><a href=\"https:\/\/www.oaxaca.gob.mx\/ieepo\/felicita-ieepo-a-escolares-por-su-participacion-en-consulta-infantil-y-juvenil-2018\/\">Felicita IEEPO a escolares por su participaci\u00f3n en Consulta Infantil y Juvenil 2018<\/a><\/blockquote><iframe sandbox=\"allow-scripts\" security=\"restricted\" src=\"https:\/\/www.oaxaca.gob.mx\/ieepo\/felicita-ieepo-a-escolares-por-su-participacion-en-consulta-infantil-y-juvenil-2018\/embed\/#?secret=fzcg9ehJhy\" width=\"500\" height=\"350\" title=\"\u00abFelicita IEEPO a escolares por su participaci\u00f3n en Consulta Infantil y Juvenil 2018\u00bb \u2014 Instituto Estatal de Educaci\u00f3n P\u00fablica de Oaxaca\" data-secret=\"fzcg9ehJhy\" frameborder=\"0\" marginwidth=\"0\" marginheight=\"0\" scrolling=\"no\" class=\"wp-embedded-content\"><\/iframe><script type=\"text\/javascript\">\n\/* <![CDATA[ *\/\n\/*! This file is auto-generated *\/\n!function(d,l){\"use strict\";l.querySelector&&d.addEventListener&&\"undefined\"!=typeof URL&&(d.wp=d.wp||{},d.wp.receiveEmbedMessage||(d.wp.receiveEmbedMessage=function(e){var t=e.data;if((t||t.secret||t.message||t.value)&&!\/[^a-zA-Z0-9]\/.test(t.secret)){for(var s,r,n,a=l.querySelectorAll('iframe[data-secret=\"'+t.secret+'\"]'),o=l.querySelectorAll('blockquote[data-secret=\"'+t.secret+'\"]'),c=new RegExp(\"^https?:$\",\"i\"),i=0;i<o.length;i++)o[i].style.display=\"none\";for(i=0;i<a.length;i++)s=a[i],e.source===s.contentWindow&&(s.removeAttribute(\"style\"),\"height\"===t.message?(1e3<(r=parseInt(t.value,10))?r=1e3:~~r<200&&(r=200),s.height=r):\"link\"===t.message&&(r=new URL(s.getAttribute(\"src\")),n=new URL(t.value),c.test(n.protocol))&&n.host===r.host&&l.activeElement===s&&(d.top.location.href=t.value))}},d.addEventListener(\"message\",d.wp.receiveEmbedMessage,!1),l.addEventListener(\"DOMContentLoaded\",function(){for(var e,t,s=l.querySelectorAll(\"iframe.wp-embedded-content\"),r=0;r<s.length;r++)(t=(e=s[r]).getAttribute(\"data-secret\"))||(t=Math.random().toString(36).substring(2,12),e.src+=\"#?secret=\"+t,e.setAttribute(\"data-secret\",t)),e.contentWindow.postMessage({message:\"ready\",secret:t},\"*\")},!1)))}(window,document);\n\/\/# sourceURL=https:\/\/www.oaxaca.gob.mx\/ieepo\/wp-includes\/js\/wp-embed.min.js\n\/* ]]> *\/\n<\/script>\n"},"acf":[],"publishpress_future_action":{"enabled":false,"date":"2026-05-04 04:34:24","action":"change-status","newStatus":"draft","terms":[],"taxonomy":"category","extraData":[]},"publishpress_future_workflow_manual_trigger":{"enabledWorkflows":[]},"_links":{"self":[{"href":"https:\/\/www.oaxaca.gob.mx\/ieepo\/wp-json\/wp\/v2\/posts\/2620","targetHints":{"allow":["GET"]}}],"collection":[{"href":"https:\/\/www.oaxaca.gob.mx\/ieepo\/wp-json\/wp\/v2\/posts"}],"about":[{"href":"https:\/\/www.oaxaca.gob.mx\/ieepo\/wp-json\/wp\/v2\/types\/post"}],"author":[{"embeddable":true,"href":"https:\/\/www.oaxaca.gob.mx\/ieepo\/wp-json\/wp\/v2\/users\/1"}],"replies":[{"embeddable":true,"href":"https:\/\/www.oaxaca.gob.mx\/ieepo\/wp-json\/wp\/v2\/comments?post=2620"}],"version-history":[{"count":0,"href":"https:\/\/www.oaxaca.gob.mx\/ieepo\/wp-json\/wp\/v2\/posts\/2620\/revisions"}],"wp:featuredmedia":[{"embeddable":true,"href":"https:\/\/www.oaxaca.gob.mx\/ieepo\/wp-json\/wp\/v2\/media\/2625"}],"wp:attachment":[{"href":"https:\/\/www.oaxaca.gob.mx\/ieepo\/wp-json\/wp\/v2\/media?parent=2620"}],"wp:term":[{"taxonomy":"category","embeddable":true,"href":"https:\/\/www.oaxaca.gob.mx\/ieepo\/wp-json\/wp\/v2\/categories?post=2620"},{"taxonomy":"post_tag","embeddable":true,"href":"https:\/\/www.oaxaca.gob.mx\/ieepo\/wp-json\/wp\/v2\/tags?post=2620"},{"taxonomy":"series","embeddable":true,"href":"https:\/\/www.oaxaca.gob.mx\/ieepo\/wp-json\/wp\/v2\/series?post=2620"}],"curies":[{"name":"wp","href":"https:\/\/api.w.org\/{rel}","templated":true}]}}