{"id":2574,"date":"2018-12-02T11:48:21","date_gmt":"2018-12-02T17:48:21","guid":{"rendered":"https:\/\/www.oaxaca.gob.mx\/ieepo\/portal\/?p=2574"},"modified":"2018-12-02T11:48:21","modified_gmt":"2018-12-02T17:48:21","slug":"realiza-radios-escolares-del-ieepo-grabaciones-de-produccion-apoyada-por-unicef","status":"publish","type":"post","link":"https:\/\/www.oaxaca.gob.mx\/ieepo\/realiza-radios-escolares-del-ieepo-grabaciones-de-produccion-apoyada-por-unicef\/","title":{"rendered":"Realiza radios escolares del IEEPO grabaciones de producci\u00f3n apoyada por Unicef"},"content":{"rendered":"<ul>\n<li>La serie comprende 12 emisiones a trav\u00e9s de las cuales se busca fortalecer la prevenci\u00f3n y la protecci\u00f3n de vidas ante cualquier contingencia<\/li>\n<\/ul>\n<p>&nbsp;<\/p>\n<p><strong>Oaxaca de Ju\u00e1rez, Oax., 2 de diciembre de 2018.-\u00a0<\/strong> Como parte de las acciones de colaboraci\u00f3n conjunta entre el Instituto Estatal de Educaci\u00f3n P\u00fablica de Oaxaca (IEEPO) y el Fondo de las Naciones Unidas para la Infancia, Unicef\u00a0 M\u00e9xico, iniciaron las grabaciones de la serie radiof\u00f3nica \u201cEmergencias Radiales, disminuyendo tus vulnerabilidades y aumentando tus capacidades\u201d.<\/p>\n<p>La producci\u00f3n a cargo del \u00e1rea de Radios Escolares de la Direcci\u00f3n de Desarrollo Educativo, aborda temas de educaci\u00f3n en emergencias y en una primera fase ser\u00e1 difundida en los planteles de nivel b\u00e1sico de la regi\u00f3n del Istmo de Tehuantepec, debido a que fue una zona muy afectada por los sismos del a\u00f1o pasado.<\/p>\n<p>La serie comprende 12 emisiones a trav\u00e9s de las cuales se busca fortalecer la prevenci\u00f3n y la protecci\u00f3n de vidas ante cualquier contingencia de riesgo que se llegue a presentar, sobre todo si es en una escuela y de esta manera los ni\u00f1os y ni\u00f1as sepan c\u00f3mo actuar en una situaci\u00f3n de este tipo, ya sea en sus salones de clases, en sus casas o en su comunidad.<\/p>\n<p>En colaboraci\u00f3n con la Universidad Jos\u00e9 Vasconcelos de Oaxaca (Univas), estudiantes que forman parte de las Radios Escolares de las Escuelas Secundarias 177, Jos\u00e9 Mar\u00eda Bradomin, Mois\u00e9s Saenz Garza y Jaime Torres Bodet llevan a cabo las grabaciones, ya que ellos ser\u00e1n las voces que dar\u00e1n los mensajes a sus compa\u00f1eros y maestros.<\/p>\n<p>Previamente, recibieron capacitaci\u00f3n de parte de especialistas de Unicef, organismo que en Oaxaca a partir de los sismos registrados en septiembre del a\u00f1o pasado, increment\u00f3 sus acciones con el fin de ayudar a la comunidad escolar y docente a superar esta contingencia.\t\t<\/p>\n","protected":false},"excerpt":{"rendered":"La serie comprende 12 emisiones a trav\u00e9s de las cuales se busca fortalecer la prevenci\u00f3n y la protecci\u00f3n de vidas ante cualquier contingencia &nbsp; Oaxaca de Ju\u00e1rez, Oax., 2 de diciembre de 2018.-\u00a0 Como parte de las acciones de colaboraci\u00f3n conjunta entre el Instituto Estatal de Educaci\u00f3n P\u00fablica de Oaxaca (IEEPO) y el Fondo de [&hellip;]","protected":false},"author":1,"featured_media":2576,"comment_status":"open","ping_status":"open","sticky":false,"template":"","format":"standard","meta":{"episode_type":"","audio_file":"","podmotor_file_id":"","podmotor_episode_id":"","cover_image":"","cover_image_id":"","duration":"","filesize":"","filesize_raw":"","date_recorded":"","explicit":"","block":"","footnotes":""},"categories":[10,11],"tags":[],"series":[],"class_list":["post-2574","post","type-post","status-publish","format-standard","has-post-thumbnail","hentry","category-slide","category-noticias"],"episode_featured_image":"https:\/\/www.oaxaca.gob.mx\/ieepo\/wp-content\/uploads\/sites\/75\/2018\/12\/3-12-18.png","episode_player_image":"https:\/\/www.oaxaca.gob.mx\/ieepo\/wp-content\/plugins\/seriously-simple-podcasting\/assets\/images\/no-album-art.png","download_link":"","player_link":"","audio_player":false,"episode_data":{"playerMode":"dark","subscribeUrls":[],"rssFeedUrl":"https:\/\/www.oaxaca.gob.mx\/ieepo\/feed\/podcast\/instituto-estatal-de-educacion-publica-de-oaxaca","embedCode":"<blockquote class=\"wp-embedded-content\" data-secret=\"HeKsM5boNY\"><a href=\"https:\/\/www.oaxaca.gob.mx\/ieepo\/realiza-radios-escolares-del-ieepo-grabaciones-de-produccion-apoyada-por-unicef\/\">Realiza radios escolares del IEEPO grabaciones de producci\u00f3n apoyada por Unicef<\/a><\/blockquote><iframe sandbox=\"allow-scripts\" security=\"restricted\" src=\"https:\/\/www.oaxaca.gob.mx\/ieepo\/realiza-radios-escolares-del-ieepo-grabaciones-de-produccion-apoyada-por-unicef\/embed\/#?secret=HeKsM5boNY\" width=\"500\" height=\"350\" title=\"\u00abRealiza radios escolares del IEEPO grabaciones de producci\u00f3n apoyada por Unicef\u00bb \u2014 Instituto Estatal de Educaci\u00f3n P\u00fablica de Oaxaca\" data-secret=\"HeKsM5boNY\" frameborder=\"0\" marginwidth=\"0\" marginheight=\"0\" scrolling=\"no\" class=\"wp-embedded-content\"><\/iframe><script type=\"text\/javascript\">\n\/* <![CDATA[ *\/\n\/*! This file is auto-generated *\/\n!function(d,l){\"use strict\";l.querySelector&&d.addEventListener&&\"undefined\"!=typeof URL&&(d.wp=d.wp||{},d.wp.receiveEmbedMessage||(d.wp.receiveEmbedMessage=function(e){var t=e.data;if((t||t.secret||t.message||t.value)&&!\/[^a-zA-Z0-9]\/.test(t.secret)){for(var s,r,n,a=l.querySelectorAll('iframe[data-secret=\"'+t.secret+'\"]'),o=l.querySelectorAll('blockquote[data-secret=\"'+t.secret+'\"]'),c=new RegExp(\"^https?:$\",\"i\"),i=0;i<o.length;i++)o[i].style.display=\"none\";for(i=0;i<a.length;i++)s=a[i],e.source===s.contentWindow&&(s.removeAttribute(\"style\"),\"height\"===t.message?(1e3<(r=parseInt(t.value,10))?r=1e3:~~r<200&&(r=200),s.height=r):\"link\"===t.message&&(r=new URL(s.getAttribute(\"src\")),n=new URL(t.value),c.test(n.protocol))&&n.host===r.host&&l.activeElement===s&&(d.top.location.href=t.value))}},d.addEventListener(\"message\",d.wp.receiveEmbedMessage,!1),l.addEventListener(\"DOMContentLoaded\",function(){for(var e,t,s=l.querySelectorAll(\"iframe.wp-embedded-content\"),r=0;r<s.length;r++)(t=(e=s[r]).getAttribute(\"data-secret\"))||(t=Math.random().toString(36).substring(2,12),e.src+=\"#?secret=\"+t,e.setAttribute(\"data-secret\",t)),e.contentWindow.postMessage({message:\"ready\",secret:t},\"*\")},!1)))}(window,document);\n\/\/# sourceURL=https:\/\/www.oaxaca.gob.mx\/ieepo\/wp-includes\/js\/wp-embed.min.js\n\/* ]]> *\/\n<\/script>\n"},"acf":[],"publishpress_future_action":{"enabled":false,"date":"2026-05-04 04:57:44","action":"change-status","newStatus":"draft","terms":[],"taxonomy":"category","extraData":[]},"publishpress_future_workflow_manual_trigger":{"enabledWorkflows":[]},"_links":{"self":[{"href":"https:\/\/www.oaxaca.gob.mx\/ieepo\/wp-json\/wp\/v2\/posts\/2574","targetHints":{"allow":["GET"]}}],"collection":[{"href":"https:\/\/www.oaxaca.gob.mx\/ieepo\/wp-json\/wp\/v2\/posts"}],"about":[{"href":"https:\/\/www.oaxaca.gob.mx\/ieepo\/wp-json\/wp\/v2\/types\/post"}],"author":[{"embeddable":true,"href":"https:\/\/www.oaxaca.gob.mx\/ieepo\/wp-json\/wp\/v2\/users\/1"}],"replies":[{"embeddable":true,"href":"https:\/\/www.oaxaca.gob.mx\/ieepo\/wp-json\/wp\/v2\/comments?post=2574"}],"version-history":[{"count":0,"href":"https:\/\/www.oaxaca.gob.mx\/ieepo\/wp-json\/wp\/v2\/posts\/2574\/revisions"}],"wp:featuredmedia":[{"embeddable":true,"href":"https:\/\/www.oaxaca.gob.mx\/ieepo\/wp-json\/wp\/v2\/media\/2576"}],"wp:attachment":[{"href":"https:\/\/www.oaxaca.gob.mx\/ieepo\/wp-json\/wp\/v2\/media?parent=2574"}],"wp:term":[{"taxonomy":"category","embeddable":true,"href":"https:\/\/www.oaxaca.gob.mx\/ieepo\/wp-json\/wp\/v2\/categories?post=2574"},{"taxonomy":"post_tag","embeddable":true,"href":"https:\/\/www.oaxaca.gob.mx\/ieepo\/wp-json\/wp\/v2\/tags?post=2574"},{"taxonomy":"series","embeddable":true,"href":"https:\/\/www.oaxaca.gob.mx\/ieepo\/wp-json\/wp\/v2\/series?post=2574"}],"curies":[{"name":"wp","href":"https:\/\/api.w.org\/{rel}","templated":true}]}}