{"id":23788,"date":"2022-01-02T14:33:29","date_gmt":"2022-01-02T20:33:29","guid":{"rendered":"https:\/\/www.oaxaca.gob.mx\/ieepo\/?p=23788"},"modified":"2022-01-02T16:14:37","modified_gmt":"2022-01-02T22:14:37","slug":"regresan-estudiantes-de-nivel-basico-a-clases-este-lunes-3-de-enero-ieepo","status":"publish","type":"post","link":"https:\/\/www.oaxaca.gob.mx\/ieepo\/regresan-estudiantes-de-nivel-basico-a-clases-este-lunes-3-de-enero-ieepo\/","title":{"rendered":"Regresan estudiantes de nivel b\u00e1sico  a clases este lunes 3 de enero: IEEPO"},"content":{"rendered":"<ul class=\"listas-geo\">\n<li>El Instituto les desea \u00e9xito en su retorno a clases y en las dem\u00e1s actividades acad\u00e9micas<\/li>\n<\/ul>\n<p>&nbsp;<\/p>\n<p><strong style=\"font-weight: bold\">Oaxaca de Ju\u00e1rez, Oax. 2 de enero de 2022.-<\/strong> De acuerdo con el calendario escolar 2021-2022 de la Secretar\u00eda de Educaci\u00f3n P\u00fablica (SEP), este lunes 3 de enero regresan a clases alumnas, alumnos y personal docente de Educaci\u00f3n B\u00e1sica, de los planteles educativos en las ocho regiones de la entidad, incorporados al Instituto Estatal de Educaci\u00f3n P\u00fablica de Oaxaca (IEEPO).<\/p>\n<p>Al concluir el periodo vacacional de invierno, m\u00e1s de 874 mil 200 estudiantes, as\u00ed como un aproximado de 82 mil trabajadores, entre directivos, docentes y personal de apoyo a la educaci\u00f3n, que trabajan a distancia o en la modalidad semipresencial, al igual que el personal administrativo, retomar\u00e1n sus actividades.<\/p>\n<p>De esta manera, en educaci\u00f3n preescolar, primaria y secundaria, as\u00ed como en las escuelas normales se continuar\u00e1 con los programas y planes de estudio establecidos por la Secretar\u00eda de Educaci\u00f3n P\u00fablica.<\/p>\n<p>Sobre el regreso a clases semipresenciales en la entidad,\u00a0 al ser una prioridad la protecci\u00f3n de la salud y la vida, el IEEPO reitera que esta decisi\u00f3n es en consenso con el magisterio, madres, padres de familia, tutores y autoridades municipales, a trav\u00e9s de un proceso seguro, gradual, escalonado, mixto y\u00a0 sobre todo, acorde a las circunstancias propias de cada comunidad.<\/p>\n<p>Para las instituciones que contin\u00faan en la modalidad de educaci\u00f3n a distancia, las actividades se apoyan en estrategias que maestras y maestros han implementado con \u00e9xito como son los cuadernillos de trabajo, la asesor\u00eda en temas acad\u00e9micos y recorridos permanentes por las localidades.<\/p>\n<p>El IEEPO reconoce los esfuerzos de las y\u00a0 los docentes, padres de familia, alumnas y alumnos para lograr las metas educativas establecidas. Asimismo, les desea \u00e9xito en su retorno a clases y en las dem\u00e1s actividades acad\u00e9micas que realicen en los pr\u00f3ximos meses que restan del ciclo escolar actual.<\/p>\n<p>Por otra parte, ante las bajas temperaturas que llegan a presentarse en esta \u00e9poca invernal, el Instituto Estatal de Educaci\u00f3n P\u00fablica de Oaxaca recomienda a las madres y padres de familia tomen las medidas correspondientes para el cuidado de la salud de las y los escolares y revisen los protocolos de emergencia en las escuelas de educaci\u00f3n b\u00e1sica de esas zonas de la entidad que se encuentren en actividades semipresenciales.<\/p>\n","protected":false},"excerpt":{"rendered":"El Instituto les desea \u00e9xito en su retorno a clases y en las dem\u00e1s actividades acad\u00e9micas &nbsp; Oaxaca de Ju\u00e1rez, Oax. 2 de enero de 2022.- De acuerdo con el calendario escolar 2021-2022 de la Secretar\u00eda de Educaci\u00f3n P\u00fablica (SEP), este lunes 3 de enero regresan a clases alumnas, alumnos y personal docente de Educaci\u00f3n [&hellip;]","protected":false},"author":87,"featured_media":23790,"comment_status":"open","ping_status":"open","sticky":false,"template":"","format":"standard","meta":{"episode_type":"audio","audio_file":"","podmotor_file_id":"","podmotor_episode_id":"","cover_image":"","cover_image_id":"","duration":"","filesize":"","filesize_raw":"","date_recorded":"","explicit":"","block":"","footnotes":""},"categories":[10,11],"tags":[],"series":[],"class_list":["post-23788","post","type-post","status-publish","format-standard","has-post-thumbnail","hentry","category-slide","category-noticias"],"episode_featured_image":"https:\/\/www.oaxaca.gob.mx\/ieepo\/wp-content\/uploads\/sites\/75\/2022\/01\/02-01-22.png","episode_player_image":"https:\/\/www.oaxaca.gob.mx\/ieepo\/wp-content\/plugins\/seriously-simple-podcasting\/assets\/images\/no-album-art.png","download_link":"","player_link":"","audio_player":false,"episode_data":{"playerMode":"dark","subscribeUrls":[],"rssFeedUrl":"https:\/\/www.oaxaca.gob.mx\/ieepo\/feed\/podcast\/instituto-estatal-de-educacion-publica-de-oaxaca","embedCode":"<blockquote class=\"wp-embedded-content\" data-secret=\"TcpOmXxevM\"><a href=\"https:\/\/www.oaxaca.gob.mx\/ieepo\/regresan-estudiantes-de-nivel-basico-a-clases-este-lunes-3-de-enero-ieepo\/\">Regresan estudiantes de nivel b\u00e1sico  a clases este lunes 3 de enero: IEEPO<\/a><\/blockquote><iframe sandbox=\"allow-scripts\" security=\"restricted\" src=\"https:\/\/www.oaxaca.gob.mx\/ieepo\/regresan-estudiantes-de-nivel-basico-a-clases-este-lunes-3-de-enero-ieepo\/embed\/#?secret=TcpOmXxevM\" width=\"500\" height=\"350\" title=\"\u00abRegresan estudiantes de nivel b\u00e1sico  a clases este lunes 3 de enero: IEEPO\u00bb \u2014 Instituto Estatal de Educaci\u00f3n P\u00fablica de Oaxaca\" data-secret=\"TcpOmXxevM\" frameborder=\"0\" marginwidth=\"0\" marginheight=\"0\" scrolling=\"no\" class=\"wp-embedded-content\"><\/iframe><script type=\"text\/javascript\">\n\/* <![CDATA[ *\/\n\/*! This file is auto-generated *\/\n!function(d,l){\"use strict\";l.querySelector&&d.addEventListener&&\"undefined\"!=typeof URL&&(d.wp=d.wp||{},d.wp.receiveEmbedMessage||(d.wp.receiveEmbedMessage=function(e){var t=e.data;if((t||t.secret||t.message||t.value)&&!\/[^a-zA-Z0-9]\/.test(t.secret)){for(var s,r,n,a=l.querySelectorAll('iframe[data-secret=\"'+t.secret+'\"]'),o=l.querySelectorAll('blockquote[data-secret=\"'+t.secret+'\"]'),c=new RegExp(\"^https?:$\",\"i\"),i=0;i<o.length;i++)o[i].style.display=\"none\";for(i=0;i<a.length;i++)s=a[i],e.source===s.contentWindow&&(s.removeAttribute(\"style\"),\"height\"===t.message?(1e3<(r=parseInt(t.value,10))?r=1e3:~~r<200&&(r=200),s.height=r):\"link\"===t.message&&(r=new URL(s.getAttribute(\"src\")),n=new URL(t.value),c.test(n.protocol))&&n.host===r.host&&l.activeElement===s&&(d.top.location.href=t.value))}},d.addEventListener(\"message\",d.wp.receiveEmbedMessage,!1),l.addEventListener(\"DOMContentLoaded\",function(){for(var e,t,s=l.querySelectorAll(\"iframe.wp-embedded-content\"),r=0;r<s.length;r++)(t=(e=s[r]).getAttribute(\"data-secret\"))||(t=Math.random().toString(36).substring(2,12),e.src+=\"#?secret=\"+t,e.setAttribute(\"data-secret\",t)),e.contentWindow.postMessage({message:\"ready\",secret:t},\"*\")},!1)))}(window,document);\n\/\/# sourceURL=https:\/\/www.oaxaca.gob.mx\/ieepo\/wp-includes\/js\/wp-embed.min.js\n\/* ]]> *\/\n<\/script>\n"},"acf":[],"publishpress_future_action":{"enabled":false,"date":"2026-05-06 16:25:58","action":"change-status","newStatus":"draft","terms":[],"taxonomy":"category","extraData":[]},"publishpress_future_workflow_manual_trigger":{"enabledWorkflows":[]},"_links":{"self":[{"href":"https:\/\/www.oaxaca.gob.mx\/ieepo\/wp-json\/wp\/v2\/posts\/23788","targetHints":{"allow":["GET"]}}],"collection":[{"href":"https:\/\/www.oaxaca.gob.mx\/ieepo\/wp-json\/wp\/v2\/posts"}],"about":[{"href":"https:\/\/www.oaxaca.gob.mx\/ieepo\/wp-json\/wp\/v2\/types\/post"}],"author":[{"embeddable":true,"href":"https:\/\/www.oaxaca.gob.mx\/ieepo\/wp-json\/wp\/v2\/users\/87"}],"replies":[{"embeddable":true,"href":"https:\/\/www.oaxaca.gob.mx\/ieepo\/wp-json\/wp\/v2\/comments?post=23788"}],"version-history":[{"count":1,"href":"https:\/\/www.oaxaca.gob.mx\/ieepo\/wp-json\/wp\/v2\/posts\/23788\/revisions"}],"predecessor-version":[{"id":23791,"href":"https:\/\/www.oaxaca.gob.mx\/ieepo\/wp-json\/wp\/v2\/posts\/23788\/revisions\/23791"}],"wp:featuredmedia":[{"embeddable":true,"href":"https:\/\/www.oaxaca.gob.mx\/ieepo\/wp-json\/wp\/v2\/media\/23790"}],"wp:attachment":[{"href":"https:\/\/www.oaxaca.gob.mx\/ieepo\/wp-json\/wp\/v2\/media?parent=23788"}],"wp:term":[{"taxonomy":"category","embeddable":true,"href":"https:\/\/www.oaxaca.gob.mx\/ieepo\/wp-json\/wp\/v2\/categories?post=23788"},{"taxonomy":"post_tag","embeddable":true,"href":"https:\/\/www.oaxaca.gob.mx\/ieepo\/wp-json\/wp\/v2\/tags?post=23788"},{"taxonomy":"series","embeddable":true,"href":"https:\/\/www.oaxaca.gob.mx\/ieepo\/wp-json\/wp\/v2\/series?post=23788"}],"curies":[{"name":"wp","href":"https:\/\/api.w.org\/{rel}","templated":true}]}}