{"id":17624,"date":"2020-11-16T19:42:29","date_gmt":"2020-11-17T01:42:29","guid":{"rendered":"https:\/\/www.oaxaca.gob.mx\/ieepo\/?p=17624"},"modified":"2020-11-16T19:42:29","modified_gmt":"2020-11-17T01:42:29","slug":"iniciara-ieepo-pago-de-segunda-etapa-de-incidencias-administrativas-del-magisterio","status":"publish","type":"post","link":"https:\/\/www.oaxaca.gob.mx\/ieepo\/iniciara-ieepo-pago-de-segunda-etapa-de-incidencias-administrativas-del-magisterio\/","title":{"rendered":"Iniciar\u00e1 IEEPO pago de segunda etapa de incidencias administrativas del magisterio"},"content":{"rendered":"<ul class=\"listas-geo\">\n<li>El director general, Francisco \u00c1ngel Villarreal, inform\u00f3 que el proceso se realizar\u00e1 de acuerdo a la fecha de la incidencia, de las m\u00e1s antiguas a las m\u00e1s nuevas<\/li>\n<\/ul>\n<p>&nbsp;<br \/>\n<strong style=\"font-weight: bold\">Oaxaca de Ju\u00e1rez, Oax. 16 de noviembre de 2020.-<\/strong>\u00a0En la ruta del di\u00e1logo que permita continuar avanzando en la atenci\u00f3n de las solicitudes del magisterio oaxaque\u00f1o, como lo ha instruido el gobernador Alejandro Murat Hinojosa, el Instituto Estatal de Educaci\u00f3n P\u00fablica de Oaxaca (IEEPO), iniciar\u00e1 la segunda parte de pagos \u00fanicos de incidencias administrativas por un monto total de 250 millones de pesos.<\/p>\n<p>Esta fase, programada a partir del 20 de noviembre y hasta el 27 de enero del 2021, se efectuar\u00e1 respetando la antig\u00fcedad de la incidencia, es decir, de acuerdo a la fecha de las m\u00e1s antiguas hasta las m\u00e1s nuevas, tal como se acord\u00f3 en la mesa tripartita efectuada entre la Secretar\u00eda de Educaci\u00f3n P\u00fablica, el Gobierno de Oaxaca y el magisterio, explic\u00f3 el director general del IEEPO, Francisco \u00c1ngel Villarreal.<\/p>\n<p>Indic\u00f3 que se integr\u00f3 un calendario para que con apego a los protocolos sanitarios establecidos y las medidas de organizaci\u00f3n implementadas por el Instituto, las y los beneficiarios acudan por su remuneraci\u00f3n que se entregar\u00e1 v\u00eda orden de pago.<\/p>\n<p>De esta manera, en la Pagadur\u00eda de San Felipe del Agua en un horario de 9:00 a 13:00 horas, el 20 de noviembre se atender\u00e1 a personal de niveles especiales como son los Centros de Ense\u00f1anza Ocupacional (CEO), Centros de Educaci\u00f3n B\u00e1sica para Adultos (CEBAS) y Misiones Culturales Rurales (MCR).<\/p>\n<p>El 23 de noviembre corresponder\u00e1 al Personal de Apoyo y Asistencia a la Educaci\u00f3n (PAAE); el 24 de noviembre y 1 de diciembre a Educaci\u00f3n F\u00edsica; el mi\u00e9rcoles 2 a formadores de docentes y Educaci\u00f3n Ind\u00edgena; el 3 de diciembre a Educaci\u00f3n Especial y Educaci\u00f3n Primaria y el viernes 4 a Educaci\u00f3n Inicial, Telesecundaria y Educaci\u00f3n Preescolar.<\/p>\n<p>Por otra parte, el 16 y 17 de diciembre el nivel de Secundarias T\u00e9cnicas recibir\u00e1 el pago respectivo; el 18 de diciembre corresponder\u00e1 a Secundarias Generales; del 11 al 13 de enero y el 18 y 19 del mismo mes, acudir\u00e1n las y los trabajadores de Secundarias T\u00e9cnicas para concluir los d\u00edas del 20 al 22 y del 25 al 27 de enero con Segundarias Generales.<\/p>\n<p>El Director General del IEEPO puntualiz\u00f3 que con estas acciones se otorga certeza laboral y reivindica el papel del magisterio en la mejora de la educaci\u00f3n del estado de Oaxaca, adem\u00e1s de que se trata de tr\u00e1mites que fueron revisados, analizados y conciliados entre el gremio magisterial, por lo que es un compromiso de la instituci\u00f3n avanzar y concluir este tema, en el marco de la ley.<\/p>\n<p>Con el apoyo brindado por el Gobierno de M\u00e9xico y por gestiones del Mandatario Estatal, en una primera fase ya se aplicaron 100 millones de pesos en Oaxaca para cubrir los pagos \u00fanicos a docentes, luego de que en casi cinco a\u00f1os no hab\u00edan procedido por la reforma educativa anterior y con lo que se benefici\u00f3 a 875 trabajadoras y trabajadores de la educaci\u00f3n con expedientes validados por el IEEPO y la SEP.<\/p>\n<p>Ante las condiciones que prevalecen por la contingencia sanitaria, la autoridad educativa hace un llamado a las y los trabajadores de la educaci\u00f3n, a realizar el tr\u00e1mite con los cuidados a la salud y la vida.<\/p>\n","protected":false},"excerpt":{"rendered":"El director general, Francisco \u00c1ngel Villarreal, inform\u00f3 que el proceso se realizar\u00e1 de acuerdo a la fecha de la incidencia, de las m\u00e1s antiguas a las m\u00e1s nuevas &nbsp; Oaxaca de Ju\u00e1rez, Oax. 16 de noviembre de 2020.-\u00a0En la ruta del di\u00e1logo que permita continuar avanzando en la atenci\u00f3n de las solicitudes del magisterio oaxaque\u00f1o, [&hellip;]","protected":false},"author":87,"featured_media":17626,"comment_status":"open","ping_status":"open","sticky":false,"template":"","format":"standard","meta":{"episode_type":"audio","audio_file":"","podmotor_file_id":"","podmotor_episode_id":"","cover_image":"","cover_image_id":"","duration":"","filesize":"","filesize_raw":"","date_recorded":"","explicit":"","block":"","footnotes":""},"categories":[60,10,11],"tags":[],"series":[],"class_list":["post-17624","post","type-post","status-publish","format-standard","has-post-thumbnail","hentry","category-incidencias-magisterio","category-slide","category-noticias"],"episode_featured_image":"https:\/\/www.oaxaca.gob.mx\/ieepo\/wp-content\/uploads\/sites\/75\/2020\/11\/16-11-20.png","episode_player_image":"https:\/\/www.oaxaca.gob.mx\/ieepo\/wp-content\/plugins\/seriously-simple-podcasting\/assets\/images\/no-album-art.png","download_link":"","player_link":"","audio_player":false,"episode_data":{"playerMode":"dark","subscribeUrls":[],"rssFeedUrl":"https:\/\/www.oaxaca.gob.mx\/ieepo\/feed\/podcast\/instituto-estatal-de-educacion-publica-de-oaxaca","embedCode":"<blockquote class=\"wp-embedded-content\" data-secret=\"YKAtKE35mT\"><a href=\"https:\/\/www.oaxaca.gob.mx\/ieepo\/iniciara-ieepo-pago-de-segunda-etapa-de-incidencias-administrativas-del-magisterio\/\">Iniciar\u00e1 IEEPO pago de segunda etapa de incidencias administrativas del magisterio<\/a><\/blockquote><iframe sandbox=\"allow-scripts\" security=\"restricted\" src=\"https:\/\/www.oaxaca.gob.mx\/ieepo\/iniciara-ieepo-pago-de-segunda-etapa-de-incidencias-administrativas-del-magisterio\/embed\/#?secret=YKAtKE35mT\" width=\"500\" height=\"350\" title=\"\u00abIniciar\u00e1 IEEPO pago de segunda etapa de incidencias administrativas del magisterio\u00bb \u2014 Instituto Estatal de Educaci\u00f3n P\u00fablica de Oaxaca\" data-secret=\"YKAtKE35mT\" frameborder=\"0\" marginwidth=\"0\" marginheight=\"0\" scrolling=\"no\" class=\"wp-embedded-content\"><\/iframe><script type=\"text\/javascript\">\n\/* <![CDATA[ *\/\n\/*! This file is auto-generated *\/\n!function(d,l){\"use strict\";l.querySelector&&d.addEventListener&&\"undefined\"!=typeof URL&&(d.wp=d.wp||{},d.wp.receiveEmbedMessage||(d.wp.receiveEmbedMessage=function(e){var t=e.data;if((t||t.secret||t.message||t.value)&&!\/[^a-zA-Z0-9]\/.test(t.secret)){for(var s,r,n,a=l.querySelectorAll('iframe[data-secret=\"'+t.secret+'\"]'),o=l.querySelectorAll('blockquote[data-secret=\"'+t.secret+'\"]'),c=new RegExp(\"^https?:$\",\"i\"),i=0;i<o.length;i++)o[i].style.display=\"none\";for(i=0;i<a.length;i++)s=a[i],e.source===s.contentWindow&&(s.removeAttribute(\"style\"),\"height\"===t.message?(1e3<(r=parseInt(t.value,10))?r=1e3:~~r<200&&(r=200),s.height=r):\"link\"===t.message&&(r=new URL(s.getAttribute(\"src\")),n=new URL(t.value),c.test(n.protocol))&&n.host===r.host&&l.activeElement===s&&(d.top.location.href=t.value))}},d.addEventListener(\"message\",d.wp.receiveEmbedMessage,!1),l.addEventListener(\"DOMContentLoaded\",function(){for(var e,t,s=l.querySelectorAll(\"iframe.wp-embedded-content\"),r=0;r<s.length;r++)(t=(e=s[r]).getAttribute(\"data-secret\"))||(t=Math.random().toString(36).substring(2,12),e.src+=\"#?secret=\"+t,e.setAttribute(\"data-secret\",t)),e.contentWindow.postMessage({message:\"ready\",secret:t},\"*\")},!1)))}(window,document);\n\/\/# sourceURL=https:\/\/www.oaxaca.gob.mx\/ieepo\/wp-includes\/js\/wp-embed.min.js\n\/* ]]> *\/\n<\/script>\n"},"acf":[],"publishpress_future_action":{"enabled":false,"date":"2026-05-08 00:16:07","action":"change-status","newStatus":"draft","terms":[],"taxonomy":"category","extraData":[]},"publishpress_future_workflow_manual_trigger":{"enabledWorkflows":[]},"_links":{"self":[{"href":"https:\/\/www.oaxaca.gob.mx\/ieepo\/wp-json\/wp\/v2\/posts\/17624","targetHints":{"allow":["GET"]}}],"collection":[{"href":"https:\/\/www.oaxaca.gob.mx\/ieepo\/wp-json\/wp\/v2\/posts"}],"about":[{"href":"https:\/\/www.oaxaca.gob.mx\/ieepo\/wp-json\/wp\/v2\/types\/post"}],"author":[{"embeddable":true,"href":"https:\/\/www.oaxaca.gob.mx\/ieepo\/wp-json\/wp\/v2\/users\/87"}],"replies":[{"embeddable":true,"href":"https:\/\/www.oaxaca.gob.mx\/ieepo\/wp-json\/wp\/v2\/comments?post=17624"}],"version-history":[{"count":1,"href":"https:\/\/www.oaxaca.gob.mx\/ieepo\/wp-json\/wp\/v2\/posts\/17624\/revisions"}],"predecessor-version":[{"id":17627,"href":"https:\/\/www.oaxaca.gob.mx\/ieepo\/wp-json\/wp\/v2\/posts\/17624\/revisions\/17627"}],"wp:featuredmedia":[{"embeddable":true,"href":"https:\/\/www.oaxaca.gob.mx\/ieepo\/wp-json\/wp\/v2\/media\/17626"}],"wp:attachment":[{"href":"https:\/\/www.oaxaca.gob.mx\/ieepo\/wp-json\/wp\/v2\/media?parent=17624"}],"wp:term":[{"taxonomy":"category","embeddable":true,"href":"https:\/\/www.oaxaca.gob.mx\/ieepo\/wp-json\/wp\/v2\/categories?post=17624"},{"taxonomy":"post_tag","embeddable":true,"href":"https:\/\/www.oaxaca.gob.mx\/ieepo\/wp-json\/wp\/v2\/tags?post=17624"},{"taxonomy":"series","embeddable":true,"href":"https:\/\/www.oaxaca.gob.mx\/ieepo\/wp-json\/wp\/v2\/series?post=17624"}],"curies":[{"name":"wp","href":"https:\/\/api.w.org\/{rel}","templated":true}]}}