{"id":9195,"date":"2025-10-08T17:55:33","date_gmt":"2025-10-08T23:55:33","guid":{"rendered":"https:\/\/www.oaxaca.gob.mx\/honestidad\/?p=9195"},"modified":"2025-10-08T17:59:10","modified_gmt":"2025-10-08T23:59:10","slug":"enaltece-secretaria-de-honestidad-los-aportes-de-las-mexicanas-en-la-historia-nacional","status":"publish","type":"post","link":"https:\/\/www.oaxaca.gob.mx\/honestidad\/enaltece-secretaria-de-honestidad-los-aportes-de-las-mexicanas-en-la-historia-nacional\/","title":{"rendered":"Enaltece Secretar\u00eda de Honestidad los aportes de las mexicanas en la historia nacional"},"content":{"rendered":"<p>\u2022 Llama a la ciudadan\u00eda a tener bien cimentados los valores nacionales y el respeto a los s\u00edmbolos patrios<\/p>\n<p>Oaxaca de Ju\u00e1rez, Oax. 30 de septiembre de 2025.- Al encabezar la ceremonia de izamiento de la Bandera Nacional en la Alameda de Le\u00f3n, la titular de la Secretar\u00eda de Honestidad, Transparencia y Funci\u00f3n P\u00fablica, Leticia Elsa Reyes L\u00f3pez enalteci\u00f3 las contribuciones de las mexicanas en la historia, que dieron pauta a la Cuarta Transformaci\u00f3n.<\/p>\n<p>En el marco del programa \u201cMujeres de la Patria, Septiembre, Mes de la Transformaci\u00f3n\u201d, la servidora p\u00fablica refiri\u00f3 que es prioritario cuestionar qu\u00e9 tipo de naci\u00f3n se quiere legar a las generaciones presentes y futuras, y llam\u00f3 a la ciudadan\u00eda a tener bien cimentados los valores y el respeto a los s\u00edmbolos patrios.<\/p>\n<p>\u00abEs necesario nombrar y celebrar a Leona Vicario, Josefa Ortiz T\u00e9llez Gir\u00f3n, Gertrudis Bocanegra, Altagracia Altamirano, Manuela Medina; las hermanas Carmen y Natalia Serd\u00e1n, y a las miles de mujeres que dieron su vida por construir nuestra naci\u00f3n\u00bb, resalt\u00f3.<\/p>\n<p>Ante el funcionariado de la dependencia, autoridades educativas y militares, Reyes L\u00f3pez narr\u00f3 la gesta de la independencia y los grandes cambios estructurales que se est\u00e1n viviendo actualmente en el pa\u00eds.<\/p>\n<p>La titular de la dependencia se\u00f1al\u00f3 que, en este contexto de celebraci\u00f3n por el 215 aniversario de la Independencia de M\u00e9xico, el Gobierno del Estado a trav\u00e9s de sus instituciones tienen el compromiso de contribuir en la construcci\u00f3n de la naci\u00f3n, bajo una visi\u00f3n humanista.<\/p>\n<p>\u201cPodemos ser testigos de la cuarta gran transformaci\u00f3n de nuestro pa\u00eds, que debe orientarnos a cimentar las bases de un M\u00e9xico m\u00e1s justo y sin privilegios para unos cuantos, un pa\u00eds que erradique la corrupci\u00f3n de su sistema\u201d, expres\u00f3.<\/p>\n<p>En este tenor, se dio lectura de la Proclama de la Independencia de M\u00e9xico la cual estuvo a cargo de la directora de Responsabilidades Administrativas y Situaci\u00f3n Patrimonial, Yanis Santiago Rodr\u00edguez.<\/p>\n<p><img loading=\"lazy\" decoding=\"async\" class=\"aligncenter wp-image-9196 size-large\" src=\"https:\/\/www.oaxaca.gob.mx\/honestidad\/wp-content\/uploads\/sites\/40\/2025\/10\/WhatsApp-Image-2025-10-08-at-17.10.51-1024x682.jpeg\" alt=\"\" width=\"1024\" height=\"682\" srcset=\"https:\/\/www.oaxaca.gob.mx\/honestidad\/wp-content\/uploads\/sites\/40\/2025\/10\/WhatsApp-Image-2025-10-08-at-17.10.51-1024x682.jpeg 1024w, https:\/\/www.oaxaca.gob.mx\/honestidad\/wp-content\/uploads\/sites\/40\/2025\/10\/WhatsApp-Image-2025-10-08-at-17.10.51-300x200.jpeg 300w, https:\/\/www.oaxaca.gob.mx\/honestidad\/wp-content\/uploads\/sites\/40\/2025\/10\/WhatsApp-Image-2025-10-08-at-17.10.51-768x512.jpeg 768w, https:\/\/www.oaxaca.gob.mx\/honestidad\/wp-content\/uploads\/sites\/40\/2025\/10\/WhatsApp-Image-2025-10-08-at-17.10.51-1536x1023.jpeg 1536w, https:\/\/www.oaxaca.gob.mx\/honestidad\/wp-content\/uploads\/sites\/40\/2025\/10\/WhatsApp-Image-2025-10-08-at-17.10.51.jpeg 1600w\" sizes=\"auto, (max-width: 1024px) 100vw, 1024px\" \/><\/p>\n","protected":false},"excerpt":{"rendered":"<p>\u2022 Llama a la ciudadan\u00eda a tener bien cimentados los valores nacionales y el respeto a los s\u00edmbolos patrios Oaxaca de Ju\u00e1rez, Oax. 30 de septiembre de 2025.- Al encabezar la ceremonia de izamiento de la Bandera Nacional en la Alameda de Le\u00f3n, la titular de la Secretar\u00eda de Honestidad, Transparencia y Funci\u00f3n P\u00fablica, Leticia [&hellip;]<\/p>\n","protected":false},"author":49,"featured_media":0,"comment_status":"open","ping_status":"open","sticky":false,"template":"","format":"standard","meta":{"episode_type":"","audio_file":"","podmotor_file_id":"","podmotor_episode_id":"","cover_image":"","cover_image_id":"","duration":"","filesize":"","filesize_raw":"","date_recorded":"","explicit":"","block":"","itunes_episode_number":"","itunes_title":"","itunes_season_number":"","itunes_episode_type":"","footnotes":""},"categories":[6],"tags":[],"class_list":["post-9195","post","type-post","status-publish","format-standard","hentry","category-noticias"],"acf":[],"publishpress_future_action":{"enabled":false,"date":"2026-05-09 05:28:02","action":"change-status","newStatus":"draft","terms":[],"taxonomy":"category","extraData":[]},"publishpress_future_workflow_manual_trigger":{"enabledWorkflows":[]},"_links":{"self":[{"href":"https:\/\/www.oaxaca.gob.mx\/honestidad\/wp-json\/wp\/v2\/posts\/9195","targetHints":{"allow":["GET"]}}],"collection":[{"href":"https:\/\/www.oaxaca.gob.mx\/honestidad\/wp-json\/wp\/v2\/posts"}],"about":[{"href":"https:\/\/www.oaxaca.gob.mx\/honestidad\/wp-json\/wp\/v2\/types\/post"}],"author":[{"embeddable":true,"href":"https:\/\/www.oaxaca.gob.mx\/honestidad\/wp-json\/wp\/v2\/users\/49"}],"replies":[{"embeddable":true,"href":"https:\/\/www.oaxaca.gob.mx\/honestidad\/wp-json\/wp\/v2\/comments?post=9195"}],"version-history":[{"count":2,"href":"https:\/\/www.oaxaca.gob.mx\/honestidad\/wp-json\/wp\/v2\/posts\/9195\/revisions"}],"predecessor-version":[{"id":9198,"href":"https:\/\/www.oaxaca.gob.mx\/honestidad\/wp-json\/wp\/v2\/posts\/9195\/revisions\/9198"}],"wp:attachment":[{"href":"https:\/\/www.oaxaca.gob.mx\/honestidad\/wp-json\/wp\/v2\/media?parent=9195"}],"wp:term":[{"taxonomy":"category","embeddable":true,"href":"https:\/\/www.oaxaca.gob.mx\/honestidad\/wp-json\/wp\/v2\/categories?post=9195"},{"taxonomy":"post_tag","embeddable":true,"href":"https:\/\/www.oaxaca.gob.mx\/honestidad\/wp-json\/wp\/v2\/tags?post=9195"}],"curies":[{"name":"wp","href":"https:\/\/api.w.org\/{rel}","templated":true}]}}