{"id":6377,"date":"2022-09-23T20:05:21","date_gmt":"2022-09-24T01:05:21","guid":{"rendered":"https:\/\/www.oaxaca.gob.mx\/incude\/?p=6377"},"modified":"2022-10-14T17:37:49","modified_gmt":"2022-10-14T22:37:49","slug":"oaxaca-tiene-representacion-de-cara-a-los-paranacionales-conade-2022","status":"publish","type":"post","link":"https:\/\/www.oaxaca.gob.mx\/deporte\/oaxaca-tiene-representacion-de-cara-a-los-paranacionales-conade-2022\/","title":{"rendered":"Oaxaca tiene representaci\u00f3n de cara a los  Paranacionales Conade 2022"},"content":{"rendered":"<p style=\"text-align: center\">\r\n<div class=\"gdgallery-gallery-container\" id=\"gdgallery-container-189\" data-id=\"189\">\r\n    \r\n<div id=\"gdgallery_container_189\" style=\"display:none;\" data-view=\"justified\">\r\n            <a href=\"\" target=\"_blank\">\r\n            <img decoding=\"async\" alt=\"\"\r\n                 data-type=\"image\"\r\n                 src=\"https:\/\/www.oaxaca.gob.mx\/deporte\/wp-content\/uploads\/sites\/76\/2022\/09\/01-Representacion-paranacionales-2022.jpeg\"\r\n                 data-image=\"https:\/\/www.oaxaca.gob.mx\/deporte\/wp-content\/uploads\/sites\/76\/2022\/09\/01-Representacion-paranacionales-2022.jpeg\"\r\n                 data-description=\"\"\r\n                                 style=\"display:block\">\r\n        <\/a>\r\n            <a href=\"\" target=\"_blank\">\r\n            <img decoding=\"async\" alt=\"\"\r\n                 data-type=\"image\"\r\n                 src=\"https:\/\/www.oaxaca.gob.mx\/deporte\/wp-content\/uploads\/sites\/76\/2022\/09\/02-Representacion-paranacionales-2022.jpeg\"\r\n                 data-image=\"https:\/\/www.oaxaca.gob.mx\/deporte\/wp-content\/uploads\/sites\/76\/2022\/09\/02-Representacion-paranacionales-2022.jpeg\"\r\n                 data-description=\"\"\r\n                                 style=\"display:block\">\r\n        <\/a>\r\n            <a href=\"\" target=\"_blank\">\r\n            <img decoding=\"async\" alt=\"\"\r\n                 data-type=\"image\"\r\n                 src=\"https:\/\/www.oaxaca.gob.mx\/deporte\/wp-content\/uploads\/sites\/76\/2022\/09\/03-Representacion-paranacionales-2022.jpeg\"\r\n                 data-image=\"https:\/\/www.oaxaca.gob.mx\/deporte\/wp-content\/uploads\/sites\/76\/2022\/09\/03-Representacion-paranacionales-2022.jpeg\"\r\n                 data-description=\"\"\r\n                                 style=\"display:block\">\r\n        <\/a>\r\n            <a href=\"\" target=\"_blank\">\r\n            <img decoding=\"async\" alt=\"\"\r\n                 data-type=\"image\"\r\n                 src=\"https:\/\/www.oaxaca.gob.mx\/deporte\/wp-content\/uploads\/sites\/76\/2022\/09\/04-Representacion-paranacionales-2022.jpeg\"\r\n                 data-image=\"https:\/\/www.oaxaca.gob.mx\/deporte\/wp-content\/uploads\/sites\/76\/2022\/09\/04-Representacion-paranacionales-2022.jpeg\"\r\n                 data-description=\"\"\r\n                                 style=\"display:block\">\r\n        <\/a>\r\n            <a href=\"\" target=\"_blank\">\r\n            <img decoding=\"async\" alt=\"\"\r\n                 data-type=\"image\"\r\n                 src=\"https:\/\/www.oaxaca.gob.mx\/deporte\/wp-content\/uploads\/sites\/76\/2022\/09\/05-Representacion-paranacionales-2022.jpeg\"\r\n                 data-image=\"https:\/\/www.oaxaca.gob.mx\/deporte\/wp-content\/uploads\/sites\/76\/2022\/09\/05-Representacion-paranacionales-2022.jpeg\"\r\n                 data-description=\"\"\r\n                                 style=\"display:block\">\r\n        <\/a>\r\n    <\/div>\r\n\r\n\r\n\r\n<script type=\"text\/javascript\">\r\n\r\n\r\n    (function() {\r\n        var runMyCode = function() {\r\n            jQuery(document).ready(function () {\r\n                var container = jQuery(\"#gdgallery_container_189\");\r\n                container.unitegallery({\"gallery_theme\":\"justified\",\"tiles_type\":\"justified\",\"tiles_justified_space_between\":10,\"tile_enable_textpanel\":true,\"tile_textpanel_always_on\":true,\"tile_textpanel_title_text_align\":\"center\",\"tile_textpanel_title_font_size\":\"16\",\"tile_textpanel_title_color\":\"#FFFFFF\",\"tile_textpanel_bg_color\":\"#333333\",\"tile_textpanel_bg_opacity\":0.7,\"tile_enable_border\":true,\"tile_border_width\":\"0\",\"tile_border_color\":\"#333333\",\"tile_border_radius\":\"0\",\"tile_enable_overlay\":true,\"tile_enable_image_effect\":true,\"tile_image_effect_type\":\"blur\",\"tile_image_effect_reverse\":true,\"tile_enable_shadow\":false,\"tile_as_link\":false,\"tile_enable_icons\":true,\"tile_show_link_icon\":true,\"tile_textpanel_appear_type\":\"slide\",\"tile_textpanel_position\":\"inside_bottom\",\"tile_link_newpage\":true,\"lightbox_type\":\"wide\",\"lightbox_arrows_offset\":0,\"lightbox_overlay_color\":\"#000000\",\"lightbox_overlay_opacity\":1,\"lightbox_top_panel_opacity\":1,\"lightbox_show_numbers\":true,\"lightbox_numbers_size\":\"15\",\"lightbox_numbers_color\":\"#FFFFFF\",\"lightbox_slider_image_border_width\":\"0\",\"lightbox_slider_image_border_color\":\"#FFFFFF\",\"lightbox_slider_image_border_radius\":0,\"lightbox_slider_image_shadow\":true,\"lightbox_slider_control_swipe\":true,\"lightbox_slider_control_zoom\":true,\"lightbox_slider_image_border\":true,\"lightbox_show_textpanel\":true,\"lightbox_textpanel_enable_title\":true,\"lightbox_textpanel_enable_description\":false,\"lightbox_textpanel_padding_top\":5,\"lightbox_textpanel_padding_bottom\":5,\"lightbox_textpanel_padding_right\":5,\"lightbox_textpanel_padding_left\":5,\"lightbox_textpanel_title_color\":\"#FFFFFF\",\"lightbox_textpanel_title_text_align\":\"center\",\"lightbox_textpanel_title_font_size\":\"16\",\"lightbox_textpanel_desc_color\":\"#FFFFFF\",\"lightbox_textpanel_desc_text_align\":\"center\",\"lightbox_textpanel_desc_font_size\":\"14\"});\r\n            });\r\n        };\r\n        var timer = function() {\r\n            if (window.jQuery) {runMyCode(window.jQuery);}\r\n            else {window.setTimeout(timer, 100);}\r\n        };\r\n        timer();\r\n    })();\r\n<\/script><style>\r\n#gdgallery-container-189 {\r\n   text-align: center}\r\n\r\n.gdgallery-pagination-189{\r\ntext-align: center !important;\r\n}\r\n\r\n.gdgallery-pagination-189 a{\r\n    font-size: 15px !important;\r\n    padding: 8px 13px !important;\r\n    margin: 3px !important;\r\n    border: 1px solid #333333 !important;\r\n    border-radius: 0px !important;\r\n    color: #333333 !important;\r\n    background-color: #FFFFFF !important;\r\n    font-family: monospace !important;\r\n}\r\n\r\n.gdgallery-pagination-189 a:hover, .gdgallery-pagination-189 a.gdgallery-pagination-icon-active{\r\n    color: #FFFFFF !important;\r\n    background-color: #333333 !important;\r\n    border-color: #333333 !important;\r\n}\r\n\r\n#gdgallery-container-189 .gdgallery_load_more_space{\r\n    margin-top: 20px !important;\r\n    text-align: center !important;\r\n}\r\n\r\n#gdgallery-container-189 .gdgallery_load_more_space button{\r\n                      padding: 8px 13px !important;\r\n    font-size: 15px !important;\r\n    background-color: #333333 !important;\r\n    color: #FFFFFF !important;\r\n    border:1px solid #333333 !important;\r\n                      border-radius: 0px !important;\r\n                      font-family: monospace !important;\r\n                  }\r\n#gdgallery-container-189 .gdgallery_load_more_space button:hover{\r\n                      background-color: #FFFFFF !important;\r\n                      color: #333333 !important;\r\n                      border-color: #333333 !important;\r\n                  }\r\n\r\n#gdgallery-container-189 .gdgallery_load_more_space button,\r\n#gdgallery-container-189 .gdgallery_load_more_space button:hover,\r\n#gdgallery-container-189 .gdgallery_load_more_space button:active,\r\n#gdgallery-container-189 .gdgallery_load_more_space button:focus{\r\n    outline: none !important;\r\n}\r\n\r\n\r\n#gdgallery-container-189 .gdgallery_loading li{\r\n                      border: 3px solid #333333 !important;\r\n                  }\r\n\r\n.ug-lightbox .ug-lightbox-top-panel-overlay{\r\n    background-color: #000000 !important;\r\n}\r\n\r\n\r\n                  #gdgallery_container_189{}\r\n<\/style>\r\n\r\n\r\n\r\n<\/div>\r\n\r\n\r\n\r\n\r\n\r\n\n<ul>\n<li>\n<h4>Son 39 personas las que llevar\u00e1n los colores del estado para competir en Hermosillo, Sonora, en el mes de noviembre<\/h4>\n<\/li>\n<\/ul>\n<p><strong>\u00a0<\/strong><\/p>\n<p><strong>Oaxaca de Ju\u00e1rez, Oax. 23 de septiembre de 2022.-<\/strong> Luego de la toma de marcas de la etapa estatal, qued\u00f3 definida la selecci\u00f3n oaxaque\u00f1a que competir\u00e1 en los Paranacionales Conade 2022 que ser\u00e1n del 10 al 23 de diciembre con sede en Hermosillo, Sonora.<\/p>\n<p>La selecci\u00f3n est\u00e1 compuesta por 39 personas, de las cuales 24 son deportistas, 7 entrenadores, 4 jueces, 1 jefe de misi\u00f3n y 3 oficiales, quienes representar\u00e1n al estado de Oaxaca en las disciplinas de powerlifting, paraatletismo, golbol y paranataci\u00f3n; mientras que en jueceo habr\u00e1 representaci\u00f3n en parabasquetbol y golbol.<\/p>\n<p>El deporte que abrir\u00e1 el primero de los cuatro bloques de la competencia es la paranataci\u00f3n, que se realizar\u00e1 del 10 a 12 de noviembre y donde Oaxaca tiene a cuatro representantes encabezados por la experimentada sirena Ingrid Yoshitzune Cervantes Reyes; todos de la mano del entrenador Edgar Noel Mart\u00ednez Hern\u00e1ndez.<\/p>\n<p>El golbol se jugar\u00e1 del 14 al 16 de noviembre, donde Oaxaca tiene dos equipos, entre ellos el de la rama femenil en la categor\u00eda menor, quienes fueron campeonas el a\u00f1o pasado al vencer en par de ocasiones al representativo de Nuevo Le\u00f3n.<\/p>\n<p>La disciplina de paraateltismo, que tiene a siete oaxaque\u00f1os, iniciar\u00e1 compitiendo en la divisi\u00f3n menor y mayor, en la misma fecha del golbol y la superior competir\u00e1 del 18 al 20 de noviembre, ya en el tercer bloque, donde entrar\u00e1n en acci\u00f3n los medallistas en varias ocasiones, Juan L\u00f3pez Santiago y Rebeca Citlaly Cort\u00e9s Monta\u00f1o.<\/p>\n<p>El powerlifting ser\u00e1 el deporte que cierre actividad para Oaxaca, el 23 de noviembre, cuando entren en acci\u00f3n tres deportistas, encabezados por Nereida Ju\u00e1rez, actual campeona nacional en la disciplina.<\/p>\n<p>Como cada a\u00f1o, el Instituto de Cultura F\u00edsica y Deporte de Oaxaca (Incude Oaxaca) cobijar\u00e1 a cada representante con su uniforme exterior y de competencia, adem\u00e1s de los traslados v\u00eda a\u00e9rea, ida y vuelta, as\u00ed como la organizaci\u00f3n del abanderamiento para cada representante, a finales del mes de octubre.<\/p>\n<p>&nbsp;<\/p>\n<p style=\"text-align: center\">-0-<\/p>\n","protected":false},"excerpt":{"rendered":"<p>Son 39 personas las que llevar\u00e1n los colores del estado para competir en Hermosillo, Sonora, en el mes de noviembre \u00a0 Oaxaca de Ju\u00e1rez, Oax. 23 de septiembre de 2022.- Luego de la toma de marcas de la etapa estatal, qued\u00f3 definida la selecci\u00f3n oaxaque\u00f1a que competir\u00e1 en los Paranacionales Conade 2022 que ser\u00e1n del [&hellip;]<\/p>\n","protected":false},"author":90,"featured_media":6386,"comment_status":"open","ping_status":"open","sticky":false,"template":"","format":"standard","meta":{"episode_type":"","audio_file":"","podmotor_file_id":"","podmotor_episode_id":"","cover_image":"","cover_image_id":"","duration":"","filesize":"","filesize_raw":"","date_recorded":"","explicit":"","block":"","itunes_episode_number":"","itunes_title":"","itunes_season_number":"","itunes_episode_type":"","footnotes":""},"categories":[13,14],"tags":[],"class_list":["post-6377","post","type-post","status-publish","format-standard","has-post-thumbnail","hentry","category-noticias","category-categorianoticias"],"acf":[],"publishpress_future_action":{"enabled":false,"date":"2026-05-08 06:48:39","action":"change-status","newStatus":"draft","terms":[],"taxonomy":"category","extraData":[]},"publishpress_future_workflow_manual_trigger":{"enabledWorkflows":[]},"_links":{"self":[{"href":"https:\/\/www.oaxaca.gob.mx\/deporte\/wp-json\/wp\/v2\/posts\/6377","targetHints":{"allow":["GET"]}}],"collection":[{"href":"https:\/\/www.oaxaca.gob.mx\/deporte\/wp-json\/wp\/v2\/posts"}],"about":[{"href":"https:\/\/www.oaxaca.gob.mx\/deporte\/wp-json\/wp\/v2\/types\/post"}],"author":[{"embeddable":true,"href":"https:\/\/www.oaxaca.gob.mx\/deporte\/wp-json\/wp\/v2\/users\/90"}],"replies":[{"embeddable":true,"href":"https:\/\/www.oaxaca.gob.mx\/deporte\/wp-json\/wp\/v2\/comments?post=6377"}],"version-history":[{"count":5,"href":"https:\/\/www.oaxaca.gob.mx\/deporte\/wp-json\/wp\/v2\/posts\/6377\/revisions"}],"predecessor-version":[{"id":6389,"href":"https:\/\/www.oaxaca.gob.mx\/deporte\/wp-json\/wp\/v2\/posts\/6377\/revisions\/6389"}],"wp:featuredmedia":[{"embeddable":true,"href":"https:\/\/www.oaxaca.gob.mx\/deporte\/wp-json\/wp\/v2\/media\/6386"}],"wp:attachment":[{"href":"https:\/\/www.oaxaca.gob.mx\/deporte\/wp-json\/wp\/v2\/media?parent=6377"}],"wp:term":[{"taxonomy":"category","embeddable":true,"href":"https:\/\/www.oaxaca.gob.mx\/deporte\/wp-json\/wp\/v2\/categories?post=6377"},{"taxonomy":"post_tag","embeddable":true,"href":"https:\/\/www.oaxaca.gob.mx\/deporte\/wp-json\/wp\/v2\/tags?post=6377"}],"curies":[{"name":"wp","href":"https:\/\/api.w.org\/{rel}","templated":true}]}}