{"id":6366,"date":"2022-09-22T16:29:55","date_gmt":"2022-09-22T21:29:55","guid":{"rendered":"https:\/\/www.oaxaca.gob.mx\/incude\/?p=6366"},"modified":"2022-10-14T17:38:06","modified_gmt":"2022-10-14T22:38:06","slug":"inicia-el-incude-oaxaca-la-instalacion-del-consejo-estatal-de-cultura-fisica-y-deporte","status":"publish","type":"post","link":"https:\/\/www.oaxaca.gob.mx\/deporte\/inicia-el-incude-oaxaca-la-instalacion-del-consejo-estatal-de-cultura-fisica-y-deporte\/","title":{"rendered":"Inicia el Incude Oaxaca la instalaci\u00f3n del Consejo Estatal de Cultura F\u00edsica y Deporte"},"content":{"rendered":"<p style=\"text-align: center\">\r\n<div class=\"gdgallery-gallery-container\" id=\"gdgallery-container-188\" data-id=\"188\">\r\n    \r\n<div id=\"gdgallery_container_188\" style=\"display:none;\" data-view=\"justified\">\r\n            <a href=\"\" target=\"_blank\">\r\n            <img decoding=\"async\" alt=\"\"\r\n                 data-type=\"image\"\r\n                 src=\"https:\/\/www.oaxaca.gob.mx\/deporte\/wp-content\/uploads\/sites\/76\/2022\/09\/01-Instalacion-CECFYD.jpeg\"\r\n                 data-image=\"https:\/\/www.oaxaca.gob.mx\/deporte\/wp-content\/uploads\/sites\/76\/2022\/09\/01-Instalacion-CECFYD.jpeg\"\r\n                 data-description=\"\"\r\n                                 style=\"display:block\">\r\n        <\/a>\r\n            <a href=\"\" target=\"_blank\">\r\n            <img decoding=\"async\" alt=\"\"\r\n                 data-type=\"image\"\r\n                 src=\"https:\/\/www.oaxaca.gob.mx\/deporte\/wp-content\/uploads\/sites\/76\/2022\/09\/02-Instalacion-CECFYD.jpeg\"\r\n                 data-image=\"https:\/\/www.oaxaca.gob.mx\/deporte\/wp-content\/uploads\/sites\/76\/2022\/09\/02-Instalacion-CECFYD.jpeg\"\r\n                 data-description=\"\"\r\n                                 style=\"display:block\">\r\n        <\/a>\r\n            <a href=\"\" target=\"_blank\">\r\n            <img decoding=\"async\" alt=\"\"\r\n                 data-type=\"image\"\r\n                 src=\"https:\/\/www.oaxaca.gob.mx\/deporte\/wp-content\/uploads\/sites\/76\/2022\/09\/03-Instalacion-CECFYD.jpeg\"\r\n                 data-image=\"https:\/\/www.oaxaca.gob.mx\/deporte\/wp-content\/uploads\/sites\/76\/2022\/09\/03-Instalacion-CECFYD.jpeg\"\r\n                 data-description=\"\"\r\n                                 style=\"display:block\">\r\n        <\/a>\r\n            <a href=\"\" target=\"_blank\">\r\n            <img decoding=\"async\" alt=\"\"\r\n                 data-type=\"image\"\r\n                 src=\"https:\/\/www.oaxaca.gob.mx\/deporte\/wp-content\/uploads\/sites\/76\/2022\/09\/04-Instalacion-CECFYD.jpeg\"\r\n                 data-image=\"https:\/\/www.oaxaca.gob.mx\/deporte\/wp-content\/uploads\/sites\/76\/2022\/09\/04-Instalacion-CECFYD.jpeg\"\r\n                 data-description=\"\"\r\n                                 style=\"display:block\">\r\n        <\/a>\r\n    <\/div>\r\n\r\n\r\n\r\n<script type=\"text\/javascript\">\r\n\r\n\r\n    (function() {\r\n        var runMyCode = function() {\r\n            jQuery(document).ready(function () {\r\n                var container = jQuery(\"#gdgallery_container_188\");\r\n                container.unitegallery({\"gallery_theme\":\"justified\",\"tiles_type\":\"justified\",\"tiles_justified_space_between\":10,\"tile_enable_textpanel\":true,\"tile_textpanel_always_on\":true,\"tile_textpanel_title_text_align\":\"center\",\"tile_textpanel_title_font_size\":\"16\",\"tile_textpanel_title_color\":\"#FFFFFF\",\"tile_textpanel_bg_color\":\"#333333\",\"tile_textpanel_bg_opacity\":0.7,\"tile_enable_border\":true,\"tile_border_width\":\"0\",\"tile_border_color\":\"#333333\",\"tile_border_radius\":\"0\",\"tile_enable_overlay\":true,\"tile_enable_image_effect\":true,\"tile_image_effect_type\":\"blur\",\"tile_image_effect_reverse\":true,\"tile_enable_shadow\":false,\"tile_as_link\":false,\"tile_enable_icons\":true,\"tile_show_link_icon\":true,\"tile_textpanel_appear_type\":\"slide\",\"tile_textpanel_position\":\"inside_bottom\",\"tile_link_newpage\":true,\"lightbox_type\":\"wide\",\"lightbox_arrows_offset\":0,\"lightbox_overlay_color\":\"#000000\",\"lightbox_overlay_opacity\":1,\"lightbox_top_panel_opacity\":1,\"lightbox_show_numbers\":true,\"lightbox_numbers_size\":\"15\",\"lightbox_numbers_color\":\"#FFFFFF\",\"lightbox_slider_image_border_width\":\"0\",\"lightbox_slider_image_border_color\":\"#FFFFFF\",\"lightbox_slider_image_border_radius\":0,\"lightbox_slider_image_shadow\":true,\"lightbox_slider_control_swipe\":true,\"lightbox_slider_control_zoom\":true,\"lightbox_slider_image_border\":true,\"lightbox_show_textpanel\":true,\"lightbox_textpanel_enable_title\":true,\"lightbox_textpanel_enable_description\":false,\"lightbox_textpanel_padding_top\":5,\"lightbox_textpanel_padding_bottom\":5,\"lightbox_textpanel_padding_right\":5,\"lightbox_textpanel_padding_left\":5,\"lightbox_textpanel_title_color\":\"#FFFFFF\",\"lightbox_textpanel_title_text_align\":\"center\",\"lightbox_textpanel_title_font_size\":\"16\",\"lightbox_textpanel_desc_color\":\"#FFFFFF\",\"lightbox_textpanel_desc_text_align\":\"center\",\"lightbox_textpanel_desc_font_size\":\"14\"});\r\n            });\r\n        };\r\n        var timer = function() {\r\n            if (window.jQuery) {runMyCode(window.jQuery);}\r\n            else {window.setTimeout(timer, 100);}\r\n        };\r\n        timer();\r\n    })();\r\n<\/script><style>\r\n#gdgallery-container-188 {\r\n   text-align: center}\r\n\r\n.gdgallery-pagination-188{\r\ntext-align: center !important;\r\n}\r\n\r\n.gdgallery-pagination-188 a{\r\n    font-size: 15px !important;\r\n    padding: 8px 13px !important;\r\n    margin: 3px !important;\r\n    border: 1px solid #333333 !important;\r\n    border-radius: 0px !important;\r\n    color: #333333 !important;\r\n    background-color: #FFFFFF !important;\r\n    font-family: monospace !important;\r\n}\r\n\r\n.gdgallery-pagination-188 a:hover, .gdgallery-pagination-188 a.gdgallery-pagination-icon-active{\r\n    color: #FFFFFF !important;\r\n    background-color: #333333 !important;\r\n    border-color: #333333 !important;\r\n}\r\n\r\n#gdgallery-container-188 .gdgallery_load_more_space{\r\n    margin-top: 20px !important;\r\n    text-align: center !important;\r\n}\r\n\r\n#gdgallery-container-188 .gdgallery_load_more_space button{\r\n                      padding: 8px 13px !important;\r\n    font-size: 15px !important;\r\n    background-color: #333333 !important;\r\n    color: #FFFFFF !important;\r\n    border:1px solid #333333 !important;\r\n                      border-radius: 0px !important;\r\n                      font-family: monospace !important;\r\n                  }\r\n#gdgallery-container-188 .gdgallery_load_more_space button:hover{\r\n                      background-color: #FFFFFF !important;\r\n                      color: #333333 !important;\r\n                      border-color: #333333 !important;\r\n                  }\r\n\r\n#gdgallery-container-188 .gdgallery_load_more_space button,\r\n#gdgallery-container-188 .gdgallery_load_more_space button:hover,\r\n#gdgallery-container-188 .gdgallery_load_more_space button:active,\r\n#gdgallery-container-188 .gdgallery_load_more_space button:focus{\r\n    outline: none !important;\r\n}\r\n\r\n\r\n#gdgallery-container-188 .gdgallery_loading li{\r\n                      border: 3px solid #333333 !important;\r\n                  }\r\n\r\n.ug-lightbox .ug-lightbox-top-panel-overlay{\r\n    background-color: #000000 !important;\r\n}\r\n\r\n\r\n                  #gdgallery_container_188{}\r\n<\/style>\r\n\r\n\r\n\r\n<\/div>\r\n\r\n\r\n\r\n\r\n\r\n\n<p>&nbsp;<\/p>\n<ul>\n<li>\n<h4>La directora Montserrat de los \u00c1ngeles Arag\u00f3n Heinze tom\u00f3 protesta a las y los representantes municipales de las ocho regiones que cuentan con su OMDEP<\/h4>\n<\/li>\n<\/ul>\n<p><strong>\u00a0<\/strong><\/p>\n<p><strong>Oaxaca de Ju\u00e1rez, Oax. 22 de septiembre de 2022.-<\/strong> Luego de emitida la convocatoria por el Instituto de Cultura F\u00edsica y Deporte de Oaxaca (Incude Oaxaca), para que los 570 municipios de Oaxaca integraran su \u00d3rgano Municipal del Deporte (OMDEP), a la fecha se ha atendido a 86 municipios, de los cuales 75 concretaron su proceso de integraci\u00f3n.<\/p>\n<p>Con base en este n\u00famero de municipios, que representan a las ocho regiones de la entidad, se inici\u00f3 con el proceso de integraci\u00f3n del Consejo Estatal de Cultura F\u00edsica y Deporte, como lo marca la Ley de Cultura F\u00edsica y Deporte para el Estado de Oaxaca, que entr\u00f3 en vigor el 22 de octubre de 2019.<\/p>\n<p>La integraci\u00f3n del Consejo Estatal inici\u00f3 con la toma de protesta, en el Complejo Deportivo \u201cHermanos Flores Mag\u00f3n\u201d, a las y los representantes de los 75 municipios convocados por este Instituto, quienes, en un proceso transparente, inclusivo y equitativo, se encargaron de designar a las personas que los representar\u00e1n en el Consejo.<\/p>\n<p>El Consejo Estatal de Cultura F\u00edsica y Deporte es un \u00f3rgano de car\u00e1cter consultivo en materia de cultura f\u00edsica y deporte, el cual tiene como funci\u00f3n primordial el orientar las pol\u00edticas y acciones que deban promoverse para mejorar la calidad de las mismas, as\u00ed como asesorar a las entidades de los sectores p\u00fablico, social y privado que fomenten u organicen actividades deportivas de cualquier \u00edndole.<\/p>\n<p>Dicho Consejo debe ser un instrumento de vinculaci\u00f3n y concertaci\u00f3n entre la sociedad y el gobierno estatal, observando que se lleve a cabo el dise\u00f1o, elaboraci\u00f3n, aplicaci\u00f3n, seguimiento y evaluaci\u00f3n de resultados de los planes y programas, en el \u00e1mbito de su competencia, con perspectiva de equidad de g\u00e9nero, de forma incluyente y de conformidad con lo dispuesto en el Plan Estatal de Desarrollo para el Estado de Oaxaca.<\/p>\n<p>Luego de la toma de protesta en lo referente a los municipios, toca el turno convocar a las asociaciones deportivas estatales, las cuales deber\u00e1n estar debidamente reconocidas por este Instituto al cumplir con los requisitos que se plasman en el art\u00edculo 25, 33, 34, 35, 36, 37 y 38 de la Ley de Cultura F\u00edsica y Deporte para el Estado de Oaxaca.<\/p>\n<p>Posteriormente se convocar\u00e1 a un representante de los Consejos Estatales del Deporte Estudiantil, un representante de los medios de comunicaci\u00f3n de la fuente deportiva, otro de las instituciones de educaci\u00f3n p\u00fablica y privada de nivel superior, de la Comisi\u00f3n Nacional de Cultura F\u00edsica y Deporte (Conade) y de la Comisi\u00f3n Permanente de Cultura F\u00edsica y Deporte del Honorable Congreso del Estado.<\/p>\n<p>El Consejo Estatal estar\u00e1 integrado tambi\u00e9n por un presidente, que ser\u00e1 el Gobernador del Estado o en su caso, a quien designe; el presidente de la Comisi\u00f3n Permanente de Cultura F\u00edsica y Deporte del Honorable Congreso del Estado; un Secretario T\u00e9cnico, que ser\u00e1 el director o directora general del Instituto y los titulares o representante de las dependencias gubernamentales afines a los programas del Instituto.<\/p>\n<p>Siendo \u00e9stas el Instituto Estatal de Educaci\u00f3n P\u00fablica del Estado de Oaxaca (IEEPO), Secretar\u00eda de Pueblos Ind\u00edgenas y Afromexicanos (Sepia), Secretar\u00eda de las Culturas y Artes de Oaxaca (Seculta), Secretar\u00eda de Turismo (Sectur), Secretar\u00eda de Salud de Oaxaca, Secretar\u00eda de Seguridad P\u00fablica (SSPO), Sistema para el Desarrollo Integral de la Familia (DIF) y el Instituto de la Juventud del Estado (Injeo).<\/p>\n<p>&nbsp;<\/p>\n<p>-0-<\/p>\n","protected":false},"excerpt":{"rendered":"<p>&nbsp; La directora Montserrat de los \u00c1ngeles Arag\u00f3n Heinze tom\u00f3 protesta a las y los representantes municipales de las ocho regiones que cuentan con su OMDEP \u00a0 Oaxaca de Ju\u00e1rez, Oax. 22 de septiembre de 2022.- Luego de emitida la convocatoria por el Instituto de Cultura F\u00edsica y Deporte de Oaxaca (Incude Oaxaca), para que [&hellip;]<\/p>\n","protected":false},"author":90,"featured_media":6374,"comment_status":"open","ping_status":"open","sticky":false,"template":"","format":"standard","meta":{"episode_type":"","audio_file":"","podmotor_file_id":"","podmotor_episode_id":"","cover_image":"","cover_image_id":"","duration":"","filesize":"","filesize_raw":"","date_recorded":"","explicit":"","block":"","itunes_episode_number":"","itunes_title":"","itunes_season_number":"","itunes_episode_type":"","footnotes":""},"categories":[13,14],"tags":[],"class_list":["post-6366","post","type-post","status-publish","format-standard","has-post-thumbnail","hentry","category-noticias","category-categorianoticias"],"acf":[],"publishpress_future_action":{"enabled":false,"date":"2026-05-08 06:47:43","action":"change-status","newStatus":"draft","terms":[],"taxonomy":"category","extraData":[]},"publishpress_future_workflow_manual_trigger":{"enabledWorkflows":[]},"_links":{"self":[{"href":"https:\/\/www.oaxaca.gob.mx\/deporte\/wp-json\/wp\/v2\/posts\/6366","targetHints":{"allow":["GET"]}}],"collection":[{"href":"https:\/\/www.oaxaca.gob.mx\/deporte\/wp-json\/wp\/v2\/posts"}],"about":[{"href":"https:\/\/www.oaxaca.gob.mx\/deporte\/wp-json\/wp\/v2\/types\/post"}],"author":[{"embeddable":true,"href":"https:\/\/www.oaxaca.gob.mx\/deporte\/wp-json\/wp\/v2\/users\/90"}],"replies":[{"embeddable":true,"href":"https:\/\/www.oaxaca.gob.mx\/deporte\/wp-json\/wp\/v2\/comments?post=6366"}],"version-history":[{"count":4,"href":"https:\/\/www.oaxaca.gob.mx\/deporte\/wp-json\/wp\/v2\/posts\/6366\/revisions"}],"predecessor-version":[{"id":6376,"href":"https:\/\/www.oaxaca.gob.mx\/deporte\/wp-json\/wp\/v2\/posts\/6366\/revisions\/6376"}],"wp:featuredmedia":[{"embeddable":true,"href":"https:\/\/www.oaxaca.gob.mx\/deporte\/wp-json\/wp\/v2\/media\/6374"}],"wp:attachment":[{"href":"https:\/\/www.oaxaca.gob.mx\/deporte\/wp-json\/wp\/v2\/media?parent=6366"}],"wp:term":[{"taxonomy":"category","embeddable":true,"href":"https:\/\/www.oaxaca.gob.mx\/deporte\/wp-json\/wp\/v2\/categories?post=6366"},{"taxonomy":"post_tag","embeddable":true,"href":"https:\/\/www.oaxaca.gob.mx\/deporte\/wp-json\/wp\/v2\/tags?post=6366"}],"curies":[{"name":"wp","href":"https:\/\/api.w.org\/{rel}","templated":true}]}}