{"id":6325,"date":"2022-09-07T15:59:38","date_gmt":"2022-09-07T20:59:38","guid":{"rendered":"https:\/\/www.oaxaca.gob.mx\/incude\/?p=6325"},"modified":"2022-10-31T16:49:46","modified_gmt":"2022-10-31T22:49:46","slug":"el-incude-oaxaca-albergara-el-congreso-internacional-muevete-aprende-y-descubre","status":"publish","type":"post","link":"https:\/\/www.oaxaca.gob.mx\/deporte\/el-incude-oaxaca-albergara-el-congreso-internacional-muevete-aprende-y-descubre\/","title":{"rendered":"El Incude Oaxaca albergar\u00e1 el Congreso Internacional \u201cMu\u00e9vete, Aprende y Descubre\u201d"},"content":{"rendered":"<p style=\"text-align: center\">\r\n<div class=\"gdgallery-gallery-container\" id=\"gdgallery-container-185\" data-id=\"185\">\r\n    \r\n<div id=\"gdgallery_container_185\" style=\"display:none;\" data-view=\"justified\">\r\n            <a href=\"\" target=\"_blank\">\r\n            <img decoding=\"async\" alt=\"\"\r\n                 data-type=\"image\"\r\n                 src=\"https:\/\/www.oaxaca.gob.mx\/deporte\/wp-content\/uploads\/sites\/76\/2022\/09\/01-CI-Muevete-Aprende-y-Descubre.jpeg\"\r\n                 data-image=\"https:\/\/www.oaxaca.gob.mx\/deporte\/wp-content\/uploads\/sites\/76\/2022\/09\/01-CI-Muevete-Aprende-y-Descubre.jpeg\"\r\n                 data-description=\"\"\r\n                                 style=\"display:block\">\r\n        <\/a>\r\n            <a href=\"\" target=\"_blank\">\r\n            <img decoding=\"async\" alt=\"\"\r\n                 data-type=\"image\"\r\n                 src=\"https:\/\/www.oaxaca.gob.mx\/deporte\/wp-content\/uploads\/sites\/76\/2022\/09\/02-CI-Muevete-Aprende-y-Descubre.jpeg\"\r\n                 data-image=\"https:\/\/www.oaxaca.gob.mx\/deporte\/wp-content\/uploads\/sites\/76\/2022\/09\/02-CI-Muevete-Aprende-y-Descubre.jpeg\"\r\n                 data-description=\"\"\r\n                                 style=\"display:block\">\r\n        <\/a>\r\n            <a href=\"\" target=\"_blank\">\r\n            <img decoding=\"async\" alt=\"\"\r\n                 data-type=\"image\"\r\n                 src=\"https:\/\/www.oaxaca.gob.mx\/deporte\/wp-content\/uploads\/sites\/76\/2022\/09\/03-CI-Muevete-Aprende-y-Descubre.jpeg\"\r\n                 data-image=\"https:\/\/www.oaxaca.gob.mx\/deporte\/wp-content\/uploads\/sites\/76\/2022\/09\/03-CI-Muevete-Aprende-y-Descubre.jpeg\"\r\n                 data-description=\"\"\r\n                                 style=\"display:block\">\r\n        <\/a>\r\n            <a href=\"\" target=\"_blank\">\r\n            <img decoding=\"async\" alt=\"\"\r\n                 data-type=\"image\"\r\n                 src=\"https:\/\/www.oaxaca.gob.mx\/deporte\/wp-content\/uploads\/sites\/76\/2022\/09\/04-CI-Muevete-Aprende-y-Descubre.jpeg\"\r\n                 data-image=\"https:\/\/www.oaxaca.gob.mx\/deporte\/wp-content\/uploads\/sites\/76\/2022\/09\/04-CI-Muevete-Aprende-y-Descubre.jpeg\"\r\n                 data-description=\"\"\r\n                                 style=\"display:block\">\r\n        <\/a>\r\n            <a href=\"\" target=\"_blank\">\r\n            <img decoding=\"async\" alt=\"\"\r\n                 data-type=\"image\"\r\n                 src=\"https:\/\/www.oaxaca.gob.mx\/deporte\/wp-content\/uploads\/sites\/76\/2022\/09\/05-CI-Muevete-Aprende-y-Descubre.jpeg\"\r\n                 data-image=\"https:\/\/www.oaxaca.gob.mx\/deporte\/wp-content\/uploads\/sites\/76\/2022\/09\/05-CI-Muevete-Aprende-y-Descubre.jpeg\"\r\n                 data-description=\"\"\r\n                                 style=\"display:block\">\r\n        <\/a>\r\n            <a href=\"\" target=\"_blank\">\r\n            <img decoding=\"async\" alt=\"\"\r\n                 data-type=\"image\"\r\n                 src=\"https:\/\/www.oaxaca.gob.mx\/deporte\/wp-content\/uploads\/sites\/76\/2022\/09\/06-CI-Muevete-Aprende-y-Descubre.jpeg\"\r\n                 data-image=\"https:\/\/www.oaxaca.gob.mx\/deporte\/wp-content\/uploads\/sites\/76\/2022\/09\/06-CI-Muevete-Aprende-y-Descubre.jpeg\"\r\n                 data-description=\"\"\r\n                                 style=\"display:block\">\r\n        <\/a>\r\n    <\/div>\r\n\r\n\r\n\r\n<script type=\"text\/javascript\">\r\n\r\n\r\n    (function() {\r\n        var runMyCode = function() {\r\n            jQuery(document).ready(function () {\r\n                var container = jQuery(\"#gdgallery_container_185\");\r\n                container.unitegallery({\"gallery_theme\":\"justified\",\"tiles_type\":\"justified\",\"tiles_justified_space_between\":10,\"tile_enable_textpanel\":true,\"tile_textpanel_always_on\":true,\"tile_textpanel_title_text_align\":\"center\",\"tile_textpanel_title_font_size\":\"16\",\"tile_textpanel_title_color\":\"#FFFFFF\",\"tile_textpanel_bg_color\":\"#333333\",\"tile_textpanel_bg_opacity\":0.7,\"tile_enable_border\":true,\"tile_border_width\":\"0\",\"tile_border_color\":\"#333333\",\"tile_border_radius\":\"0\",\"tile_enable_overlay\":true,\"tile_enable_image_effect\":true,\"tile_image_effect_type\":\"blur\",\"tile_image_effect_reverse\":true,\"tile_enable_shadow\":false,\"tile_as_link\":false,\"tile_enable_icons\":true,\"tile_show_link_icon\":true,\"tile_textpanel_appear_type\":\"slide\",\"tile_textpanel_position\":\"inside_bottom\",\"tile_link_newpage\":true,\"lightbox_type\":\"wide\",\"lightbox_arrows_offset\":0,\"lightbox_overlay_color\":\"#000000\",\"lightbox_overlay_opacity\":1,\"lightbox_top_panel_opacity\":1,\"lightbox_show_numbers\":true,\"lightbox_numbers_size\":\"15\",\"lightbox_numbers_color\":\"#FFFFFF\",\"lightbox_slider_image_border_width\":\"0\",\"lightbox_slider_image_border_color\":\"#FFFFFF\",\"lightbox_slider_image_border_radius\":0,\"lightbox_slider_image_shadow\":true,\"lightbox_slider_control_swipe\":true,\"lightbox_slider_control_zoom\":true,\"lightbox_slider_image_border\":true,\"lightbox_show_textpanel\":true,\"lightbox_textpanel_enable_title\":true,\"lightbox_textpanel_enable_description\":false,\"lightbox_textpanel_padding_top\":5,\"lightbox_textpanel_padding_bottom\":5,\"lightbox_textpanel_padding_right\":5,\"lightbox_textpanel_padding_left\":5,\"lightbox_textpanel_title_color\":\"#FFFFFF\",\"lightbox_textpanel_title_text_align\":\"center\",\"lightbox_textpanel_title_font_size\":\"16\",\"lightbox_textpanel_desc_color\":\"#FFFFFF\",\"lightbox_textpanel_desc_text_align\":\"center\",\"lightbox_textpanel_desc_font_size\":\"14\"});\r\n            });\r\n        };\r\n        var timer = function() {\r\n            if (window.jQuery) {runMyCode(window.jQuery);}\r\n            else {window.setTimeout(timer, 100);}\r\n        };\r\n        timer();\r\n    })();\r\n<\/script><style>\r\n#gdgallery-container-185 {\r\n   text-align: center}\r\n\r\n.gdgallery-pagination-185{\r\ntext-align: center !important;\r\n}\r\n\r\n.gdgallery-pagination-185 a{\r\n    font-size: 15px !important;\r\n    padding: 8px 13px !important;\r\n    margin: 3px !important;\r\n    border: 1px solid #333333 !important;\r\n    border-radius: 0px !important;\r\n    color: #333333 !important;\r\n    background-color: #FFFFFF !important;\r\n    font-family: monospace !important;\r\n}\r\n\r\n.gdgallery-pagination-185 a:hover, .gdgallery-pagination-185 a.gdgallery-pagination-icon-active{\r\n    color: #FFFFFF !important;\r\n    background-color: #333333 !important;\r\n    border-color: #333333 !important;\r\n}\r\n\r\n#gdgallery-container-185 .gdgallery_load_more_space{\r\n    margin-top: 20px !important;\r\n    text-align: center !important;\r\n}\r\n\r\n#gdgallery-container-185 .gdgallery_load_more_space button{\r\n                      padding: 8px 13px !important;\r\n    font-size: 15px !important;\r\n    background-color: #333333 !important;\r\n    color: #FFFFFF !important;\r\n    border:1px solid #333333 !important;\r\n                      border-radius: 0px !important;\r\n                      font-family: monospace !important;\r\n                  }\r\n#gdgallery-container-185 .gdgallery_load_more_space button:hover{\r\n                      background-color: #FFFFFF !important;\r\n                      color: #333333 !important;\r\n                      border-color: #333333 !important;\r\n                  }\r\n\r\n#gdgallery-container-185 .gdgallery_load_more_space button,\r\n#gdgallery-container-185 .gdgallery_load_more_space button:hover,\r\n#gdgallery-container-185 .gdgallery_load_more_space button:active,\r\n#gdgallery-container-185 .gdgallery_load_more_space button:focus{\r\n    outline: none !important;\r\n}\r\n\r\n\r\n#gdgallery-container-185 .gdgallery_loading li{\r\n                      border: 3px solid #333333 !important;\r\n                  }\r\n\r\n.ug-lightbox .ug-lightbox-top-panel-overlay{\r\n    background-color: #000000 !important;\r\n}\r\n\r\n\r\n                  #gdgallery_container_185{}\r\n<\/style>\r\n\r\n\r\n\r\n<\/div>\r\n\r\n\r\n\r\n\r\n\r\n\n<p>&nbsp;<\/p>\n<ul>\n<li>\n<h4>Las actividades se realizar\u00e1n del 28 al 30 de octubre en las instalaciones del Complejo Deportivo \u00abHermanos Flores Mag\u00f3n\u00bb<\/h4>\n<\/li>\n<\/ul>\n<p><strong>\u00a0<\/strong><\/p>\n<p><strong>Oaxaca de Ju\u00e1rez, Oax. 7 de septiembre de 2022.-<\/strong> La fundaci\u00f3n internacional \u00abMi Pa\u00eds Recreo\u00bb, en coordinaci\u00f3n con el Instituto de Cultura F\u00edsica y Deporte de Oaxaca (Incude Oaxaca), convocan a docentes, entrenadores, entrenadoras, estudiantes, padres y madres de familia, ciudadan\u00eda vinculada a primera y segunda infancia y al p\u00fablico en general, a participar en el Congreso Internacional \u00abMu\u00e9vete, Aprende y Descubre\u00bb.<\/p>\n<p>El evento contar\u00e1 con la presencia de especialistas en el desarrollo social, emocional, psicol\u00f3gico y motriz en infantes, quienes impartir\u00e1n pl\u00e1ticas, talleres, din\u00e1micas colectivas, mesas de trabajo y conservatorios para el aprovechamiento de nuevos m\u00e9todos a favor del desarrollo f\u00edsico e intelectual de las ni\u00f1as y ni\u00f1os.<\/p>\n<p>La directora del Incude Oaxaca, Montserrat de los \u00c1ngeles Arag\u00f3n Heinze, dio la bienvenida a todas y todos a nombre del gobernador Alejandro Murat Hinojosa, destacando que en el Instituto se ha trabajado durante toda la administraci\u00f3n por la cultura f\u00edsica para todas las edades.<\/p>\n<p>Adem\u00e1s, agradeci\u00f3 a todas las partes involucradas del proyecto, as\u00ed como a la disposici\u00f3n de las y los formadores por continuar reforzando conocimiento a favor de las ni\u00f1as y los ni\u00f1os del estado.<\/p>\n<p>En la presentaci\u00f3n del congreso estuvo el asesor t\u00e9cnico pedag\u00f3gico de la Supervisi\u00f3n Escolar de Educaci\u00f3n F\u00edsica 02, Alejandro Bola\u00f1os Cruz; el director de Cultura F\u00edsica de la UABJO, Carlos Navarro Tom\u00e1s; el director del Centro Regional de Educaci\u00f3n Normal de Oaxaca (Creno), Luis Antonio Armenta Bernardino; as\u00ed como el director de operaci\u00f3n de asistencia alimentaria del sistema DIF Estatal, Cuitl\u00e1huac Osorio Villa.<\/p>\n<p>El doctor en psicolog\u00eda del deporte y actual director ejecutivo de la fundaci\u00f3n \u00abMi Pa\u00eds Recreo\u00bb Juan Manuel Benavides, hizo \u00e9nfasis sobre la importancia de la capacitaci\u00f3n en formadores cercanos a la educaci\u00f3n y desarrollo interpersonal de los infantes.<\/p>\n<p>Mencion\u00f3 que el evento tendr\u00e1 a 18 expositores de siete pa\u00edses, ocho de ellos mexicanos, entre los que destacan los oaxaque\u00f1os Javier Toral D\u00edaz y Leopoldo Santana Hern\u00e1ndez, as\u00ed como la presencia de Liliana Su\u00e1rez Carri\u00f3n, presidenta del Comit\u00e9 Paral\u00edmpico Mexicano (Copame) con la conferencia \u00abEl deporte adaptado como medio de integraci\u00f3n social\u00bb.<\/p>\n<p>El Congreso tiene un costo de 400 pesos con certificaci\u00f3n internacional y valor acad\u00e9mico, para mayores informes, se pueden comunicar al n\u00famero 557-452-20- 06, y\/o realizar su registro en el link <a href=\"https:\/\/forms.gle\/u2jJr6aAoAFKx9QR6\">https:\/\/forms.gle\/u2jJr6aAoAFKx9QR6<\/a><\/p>\n<p style=\"text-align: center\">-0-<\/p>\n","protected":false},"excerpt":{"rendered":"<p>&nbsp; Las actividades se realizar\u00e1n del 28 al 30 de octubre en las instalaciones del Complejo Deportivo \u00abHermanos Flores Mag\u00f3n\u00bb \u00a0 Oaxaca de Ju\u00e1rez, Oax. 7 de septiembre de 2022.- La fundaci\u00f3n internacional \u00abMi Pa\u00eds Recreo\u00bb, en coordinaci\u00f3n con el Instituto de Cultura F\u00edsica y Deporte de Oaxaca (Incude Oaxaca), convocan a docentes, entrenadores, entrenadoras, [&hellip;]<\/p>\n","protected":false},"author":90,"featured_media":6335,"comment_status":"open","ping_status":"open","sticky":false,"template":"","format":"standard","meta":{"episode_type":"","audio_file":"","podmotor_file_id":"","podmotor_episode_id":"","cover_image":"","cover_image_id":"","duration":"","filesize":"","filesize_raw":"","date_recorded":"","explicit":"","block":"","itunes_episode_number":"","itunes_title":"","itunes_season_number":"","itunes_episode_type":"","footnotes":""},"categories":[13,14],"tags":[],"class_list":["post-6325","post","type-post","status-publish","format-standard","has-post-thumbnail","hentry","category-noticias","category-categorianoticias"],"acf":[],"publishpress_future_action":{"enabled":false,"date":"2026-05-08 06:47:44","action":"change-status","newStatus":"draft","terms":[],"taxonomy":"category","extraData":[]},"publishpress_future_workflow_manual_trigger":{"enabledWorkflows":[]},"_links":{"self":[{"href":"https:\/\/www.oaxaca.gob.mx\/deporte\/wp-json\/wp\/v2\/posts\/6325","targetHints":{"allow":["GET"]}}],"collection":[{"href":"https:\/\/www.oaxaca.gob.mx\/deporte\/wp-json\/wp\/v2\/posts"}],"about":[{"href":"https:\/\/www.oaxaca.gob.mx\/deporte\/wp-json\/wp\/v2\/types\/post"}],"author":[{"embeddable":true,"href":"https:\/\/www.oaxaca.gob.mx\/deporte\/wp-json\/wp\/v2\/users\/90"}],"replies":[{"embeddable":true,"href":"https:\/\/www.oaxaca.gob.mx\/deporte\/wp-json\/wp\/v2\/comments?post=6325"}],"version-history":[{"count":5,"href":"https:\/\/www.oaxaca.gob.mx\/deporte\/wp-json\/wp\/v2\/posts\/6325\/revisions"}],"predecessor-version":[{"id":6514,"href":"https:\/\/www.oaxaca.gob.mx\/deporte\/wp-json\/wp\/v2\/posts\/6325\/revisions\/6514"}],"wp:featuredmedia":[{"embeddable":true,"href":"https:\/\/www.oaxaca.gob.mx\/deporte\/wp-json\/wp\/v2\/media\/6335"}],"wp:attachment":[{"href":"https:\/\/www.oaxaca.gob.mx\/deporte\/wp-json\/wp\/v2\/media?parent=6325"}],"wp:term":[{"taxonomy":"category","embeddable":true,"href":"https:\/\/www.oaxaca.gob.mx\/deporte\/wp-json\/wp\/v2\/categories?post=6325"},{"taxonomy":"post_tag","embeddable":true,"href":"https:\/\/www.oaxaca.gob.mx\/deporte\/wp-json\/wp\/v2\/tags?post=6325"}],"curies":[{"name":"wp","href":"https:\/\/api.w.org\/{rel}","templated":true}]}}