{"id":6279,"date":"2022-08-25T15:55:55","date_gmt":"2022-08-25T20:55:55","guid":{"rendered":"https:\/\/www.oaxaca.gob.mx\/incude\/?p=6279"},"modified":"2022-09-07T13:39:20","modified_gmt":"2022-09-07T18:39:20","slug":"maestros-de-educacion-fisica-y-presidentes-de-asociacion-se-capacitan-en-primeros-auxilios","status":"publish","type":"post","link":"https:\/\/www.oaxaca.gob.mx\/deporte\/maestros-de-educacion-fisica-y-presidentes-de-asociacion-se-capacitan-en-primeros-auxilios\/","title":{"rendered":"Maestros de educaci\u00f3n f\u00edsica y presidentes de asociaci\u00f3n se capacitan en primeros auxilios"},"content":{"rendered":"<p style=\"text-align: center\">\r\n<div class=\"gdgallery-gallery-container\" id=\"gdgallery-container-182\" data-id=\"182\">\r\n    \r\n<div id=\"gdgallery_container_182\" style=\"display:none;\" data-view=\"justified\">\r\n            <a href=\"\" target=\"_blank\">\r\n            <img decoding=\"async\" alt=\"\"\r\n                 data-type=\"image\"\r\n                 src=\"https:\/\/www.oaxaca.gob.mx\/deporte\/wp-content\/uploads\/sites\/76\/2022\/08\/01-Capacitacion-Primeros-Auxilios.jpeg\"\r\n                 data-image=\"https:\/\/www.oaxaca.gob.mx\/deporte\/wp-content\/uploads\/sites\/76\/2022\/08\/01-Capacitacion-Primeros-Auxilios.jpeg\"\r\n                 data-description=\"\"\r\n                                 style=\"display:block\">\r\n        <\/a>\r\n            <a href=\"\" target=\"_blank\">\r\n            <img decoding=\"async\" alt=\"\"\r\n                 data-type=\"image\"\r\n                 src=\"https:\/\/www.oaxaca.gob.mx\/deporte\/wp-content\/uploads\/sites\/76\/2022\/08\/02-Capacitacion-Primeros-Auxilios.jpeg\"\r\n                 data-image=\"https:\/\/www.oaxaca.gob.mx\/deporte\/wp-content\/uploads\/sites\/76\/2022\/08\/02-Capacitacion-Primeros-Auxilios.jpeg\"\r\n                 data-description=\"\"\r\n                                 style=\"display:block\">\r\n        <\/a>\r\n            <a href=\"\" target=\"_blank\">\r\n            <img decoding=\"async\" alt=\"\"\r\n                 data-type=\"image\"\r\n                 src=\"https:\/\/www.oaxaca.gob.mx\/deporte\/wp-content\/uploads\/sites\/76\/2022\/08\/03-Capacitacion-Primeros-Auxilios.jpeg\"\r\n                 data-image=\"https:\/\/www.oaxaca.gob.mx\/deporte\/wp-content\/uploads\/sites\/76\/2022\/08\/03-Capacitacion-Primeros-Auxilios.jpeg\"\r\n                 data-description=\"\"\r\n                                 style=\"display:block\">\r\n        <\/a>\r\n            <a href=\"\" target=\"_blank\">\r\n            <img decoding=\"async\" alt=\"\"\r\n                 data-type=\"image\"\r\n                 src=\"https:\/\/www.oaxaca.gob.mx\/deporte\/wp-content\/uploads\/sites\/76\/2022\/08\/04-Capacitacion-Primeros-Auxilios.jpeg\"\r\n                 data-image=\"https:\/\/www.oaxaca.gob.mx\/deporte\/wp-content\/uploads\/sites\/76\/2022\/08\/04-Capacitacion-Primeros-Auxilios.jpeg\"\r\n                 data-description=\"\"\r\n                                 style=\"display:block\">\r\n        <\/a>\r\n    <\/div>\r\n\r\n\r\n\r\n<script type=\"text\/javascript\">\r\n\r\n\r\n    (function() {\r\n        var runMyCode = function() {\r\n            jQuery(document).ready(function () {\r\n                var container = jQuery(\"#gdgallery_container_182\");\r\n                container.unitegallery({\"gallery_theme\":\"justified\",\"tiles_type\":\"justified\",\"tiles_justified_space_between\":10,\"tile_enable_textpanel\":true,\"tile_textpanel_always_on\":true,\"tile_textpanel_title_text_align\":\"center\",\"tile_textpanel_title_font_size\":\"16\",\"tile_textpanel_title_color\":\"#FFFFFF\",\"tile_textpanel_bg_color\":\"#333333\",\"tile_textpanel_bg_opacity\":0.7,\"tile_enable_border\":true,\"tile_border_width\":\"0\",\"tile_border_color\":\"#333333\",\"tile_border_radius\":\"0\",\"tile_enable_overlay\":true,\"tile_enable_image_effect\":true,\"tile_image_effect_type\":\"blur\",\"tile_image_effect_reverse\":true,\"tile_enable_shadow\":false,\"tile_as_link\":false,\"tile_enable_icons\":true,\"tile_show_link_icon\":true,\"tile_textpanel_appear_type\":\"slide\",\"tile_textpanel_position\":\"inside_bottom\",\"tile_link_newpage\":true,\"lightbox_type\":\"wide\",\"lightbox_arrows_offset\":0,\"lightbox_overlay_color\":\"#000000\",\"lightbox_overlay_opacity\":1,\"lightbox_top_panel_opacity\":1,\"lightbox_show_numbers\":true,\"lightbox_numbers_size\":\"15\",\"lightbox_numbers_color\":\"#FFFFFF\",\"lightbox_slider_image_border_width\":\"0\",\"lightbox_slider_image_border_color\":\"#FFFFFF\",\"lightbox_slider_image_border_radius\":0,\"lightbox_slider_image_shadow\":true,\"lightbox_slider_control_swipe\":true,\"lightbox_slider_control_zoom\":true,\"lightbox_slider_image_border\":true,\"lightbox_show_textpanel\":true,\"lightbox_textpanel_enable_title\":true,\"lightbox_textpanel_enable_description\":false,\"lightbox_textpanel_padding_top\":5,\"lightbox_textpanel_padding_bottom\":5,\"lightbox_textpanel_padding_right\":5,\"lightbox_textpanel_padding_left\":5,\"lightbox_textpanel_title_color\":\"#FFFFFF\",\"lightbox_textpanel_title_text_align\":\"center\",\"lightbox_textpanel_title_font_size\":\"16\",\"lightbox_textpanel_desc_color\":\"#FFFFFF\",\"lightbox_textpanel_desc_text_align\":\"center\",\"lightbox_textpanel_desc_font_size\":\"14\"});\r\n            });\r\n        };\r\n        var timer = function() {\r\n            if (window.jQuery) {runMyCode(window.jQuery);}\r\n            else {window.setTimeout(timer, 100);}\r\n        };\r\n        timer();\r\n    })();\r\n<\/script><style>\r\n#gdgallery-container-182 {\r\n   text-align: center}\r\n\r\n.gdgallery-pagination-182{\r\ntext-align: center !important;\r\n}\r\n\r\n.gdgallery-pagination-182 a{\r\n    font-size: 15px !important;\r\n    padding: 8px 13px !important;\r\n    margin: 3px !important;\r\n    border: 1px solid #333333 !important;\r\n    border-radius: 0px !important;\r\n    color: #333333 !important;\r\n    background-color: #FFFFFF !important;\r\n    font-family: monospace !important;\r\n}\r\n\r\n.gdgallery-pagination-182 a:hover, .gdgallery-pagination-182 a.gdgallery-pagination-icon-active{\r\n    color: #FFFFFF !important;\r\n    background-color: #333333 !important;\r\n    border-color: #333333 !important;\r\n}\r\n\r\n#gdgallery-container-182 .gdgallery_load_more_space{\r\n    margin-top: 20px !important;\r\n    text-align: center !important;\r\n}\r\n\r\n#gdgallery-container-182 .gdgallery_load_more_space button{\r\n                      padding: 8px 13px !important;\r\n    font-size: 15px !important;\r\n    background-color: #333333 !important;\r\n    color: #FFFFFF !important;\r\n    border:1px solid #333333 !important;\r\n                      border-radius: 0px !important;\r\n                      font-family: monospace !important;\r\n                  }\r\n#gdgallery-container-182 .gdgallery_load_more_space button:hover{\r\n                      background-color: #FFFFFF !important;\r\n                      color: #333333 !important;\r\n                      border-color: #333333 !important;\r\n                  }\r\n\r\n#gdgallery-container-182 .gdgallery_load_more_space button,\r\n#gdgallery-container-182 .gdgallery_load_more_space button:hover,\r\n#gdgallery-container-182 .gdgallery_load_more_space button:active,\r\n#gdgallery-container-182 .gdgallery_load_more_space button:focus{\r\n    outline: none !important;\r\n}\r\n\r\n\r\n#gdgallery-container-182 .gdgallery_loading li{\r\n                      border: 3px solid #333333 !important;\r\n                  }\r\n\r\n.ug-lightbox .ug-lightbox-top-panel-overlay{\r\n    background-color: #000000 !important;\r\n}\r\n\r\n\r\n                  #gdgallery_container_182{}\r\n<\/style>\r\n\r\n\r\n\r\n<\/div>\r\n\r\n\r\n\r\n\r\n\r\n\n<ul>\n<li>\n<h4>Las y los asistentes fueron capacitados en diferentes temas de primeros auxilios que servir\u00e1n para atender alguna urgencia m\u00e9dica con deportistas, alumnas y alumnos<\/h4>\n<\/li>\n<\/ul>\n<p><strong>\u00a0<\/strong><\/p>\n<p><strong>Oaxaca de Ju\u00e1rez, Oax. 25 de agosto de 2022.-<\/strong> Con duraci\u00f3n de diez horas, divididas en dos d\u00edas, se realiz\u00f3 el taller \u00abCapacitaci\u00f3n de Primeros Auxilios y Vendaje\u00bb impartido por los doctores Jos\u00e9 Alberto L\u00f3pez y Andr\u00e9s Aparicio.<\/p>\n<p>A la actividad asistieron 41 personas entre presidentes de asociaciones deportivas y maestros de educaci\u00f3n f\u00edsica de la supervisi\u00f3n escolar 02 quienes aprendieron qu\u00e9 hacer en caso de una urgencia m\u00e9dica en cuando a primeros auxilios se refiere, tema que sin duda deber\u00eda saber la mayor\u00eda de la poblaci\u00f3n.<\/p>\n<p>El Instituto de Cultura F\u00edsica y Deporte (Incude Oaxaca) brind\u00f3 principalmente las herramientas necesarias a las y los asistentes para salvaguardar vidas y evitar la gravidez de las lesiones ocurridas durante la pr\u00e1ctica deportiva y durante las clases de educaci\u00f3n f\u00edsica.<\/p>\n<p>La directora del Incude Oaxaca, Montserrat de los \u00c1ngeles Arag\u00f3n Heinze, extendi\u00f3 el saludo a cada asistente a nombre del gobernador Alejandro Murat Hinojosa, destacando la importancia de capacitarse en estos temas, sobre todo quienes tienen responsabilidad con personas como las y los\u00a0 entrenadores o maestros.<\/p>\n<p>Las y los asistentes tendr\u00e1n ahora una importante herramienta para garantizar la atenci\u00f3n primaria de sus deportistas, las y los alumnos durante los entrenamientos y las clases en caso de alguna emergencia, antes durante y despu\u00e9s.<\/p>\n<p>Entre los temas que se trataron fueron: Qu\u00e9 hacer en caso de una urgencia m\u00e9dica, Epistaxis, Maniobra de Heimlich, Esguinces, Luxaciones y Fracturas, vendajes e integraci\u00f3n del botiqu\u00edn, todas con teor\u00eda y pr\u00e1ctica.<\/p>\n<p>&nbsp;<\/p>\n<p style=\"text-align: center\">-0-<\/p>\n","protected":false},"excerpt":{"rendered":"<p>Las y los asistentes fueron capacitados en diferentes temas de primeros auxilios que servir\u00e1n para atender alguna urgencia m\u00e9dica con deportistas, alumnas y alumnos \u00a0 Oaxaca de Ju\u00e1rez, Oax. 25 de agosto de 2022.- Con duraci\u00f3n de diez horas, divididas en dos d\u00edas, se realiz\u00f3 el taller \u00abCapacitaci\u00f3n de Primeros Auxilios y Vendaje\u00bb impartido por [&hellip;]<\/p>\n","protected":false},"author":90,"featured_media":6287,"comment_status":"open","ping_status":"open","sticky":false,"template":"","format":"standard","meta":{"episode_type":"","audio_file":"","podmotor_file_id":"","podmotor_episode_id":"","cover_image":"","cover_image_id":"","duration":"","filesize":"","filesize_raw":"","date_recorded":"","explicit":"","block":"","itunes_episode_number":"","itunes_title":"","itunes_season_number":"","itunes_episode_type":"","footnotes":""},"categories":[13,14],"tags":[],"class_list":["post-6279","post","type-post","status-publish","format-standard","has-post-thumbnail","hentry","category-noticias","category-categorianoticias"],"acf":[],"publishpress_future_action":{"enabled":false,"date":"2026-05-08 08:46:40","action":"change-status","newStatus":"draft","terms":[],"taxonomy":"category","extraData":[]},"publishpress_future_workflow_manual_trigger":{"enabledWorkflows":[]},"_links":{"self":[{"href":"https:\/\/www.oaxaca.gob.mx\/deporte\/wp-json\/wp\/v2\/posts\/6279","targetHints":{"allow":["GET"]}}],"collection":[{"href":"https:\/\/www.oaxaca.gob.mx\/deporte\/wp-json\/wp\/v2\/posts"}],"about":[{"href":"https:\/\/www.oaxaca.gob.mx\/deporte\/wp-json\/wp\/v2\/types\/post"}],"author":[{"embeddable":true,"href":"https:\/\/www.oaxaca.gob.mx\/deporte\/wp-json\/wp\/v2\/users\/90"}],"replies":[{"embeddable":true,"href":"https:\/\/www.oaxaca.gob.mx\/deporte\/wp-json\/wp\/v2\/comments?post=6279"}],"version-history":[{"count":4,"href":"https:\/\/www.oaxaca.gob.mx\/deporte\/wp-json\/wp\/v2\/posts\/6279\/revisions"}],"predecessor-version":[{"id":6289,"href":"https:\/\/www.oaxaca.gob.mx\/deporte\/wp-json\/wp\/v2\/posts\/6279\/revisions\/6289"}],"wp:featuredmedia":[{"embeddable":true,"href":"https:\/\/www.oaxaca.gob.mx\/deporte\/wp-json\/wp\/v2\/media\/6287"}],"wp:attachment":[{"href":"https:\/\/www.oaxaca.gob.mx\/deporte\/wp-json\/wp\/v2\/media?parent=6279"}],"wp:term":[{"taxonomy":"category","embeddable":true,"href":"https:\/\/www.oaxaca.gob.mx\/deporte\/wp-json\/wp\/v2\/categories?post=6279"},{"taxonomy":"post_tag","embeddable":true,"href":"https:\/\/www.oaxaca.gob.mx\/deporte\/wp-json\/wp\/v2\/tags?post=6279"}],"curies":[{"name":"wp","href":"https:\/\/api.w.org\/{rel}","templated":true}]}}