{"id":9468,"date":"2017-01-30T12:25:13","date_gmt":"2017-01-30T18:25:13","guid":{"rendered":"https:\/\/www.oaxaca.gob.mx\/comunicacion\/?p=9468"},"modified":"2017-01-30T12:25:13","modified_gmt":"2017-01-30T18:25:13","slug":"ivette-moran-de-murat-impulsa-el-centro-de-rehabilitacion-y-educacion-especial-en-beneficio-de-la-poblacion-con-discapacidad","status":"publish","type":"post","link":"https:\/\/www.oaxaca.gob.mx\/comunicacion\/ivette-moran-de-murat-impulsa-el-centro-de-rehabilitacion-y-educacion-especial-en-beneficio-de-la-poblacion-con-discapacidad\/","title":{"rendered":"Ivette Mor\u00e1n de Murat impulsa el Centro de Rehabilitaci\u00f3n y Educaci\u00f3n Especial en beneficio de la poblaci\u00f3n con discapacidad"},"content":{"rendered":"\n<p>San Bartolo Coyotepec, Oaxaca. 30 de enero de 2017. Con el compromiso de brindar una atenci\u00f3n integral y de calidad \u00a0a las personas con discapacidad, la Presidenta del Sistema para el Desarrollo Integral de la Familia (DIF) del Estado de Oaxaca, Ivette Mor\u00e1n de Murat, hizo un llamado para que la poblaci\u00f3n conozca, \u00a0haga uso de los servicios y beneficios del\u00a0 Centro de Rehabilitaci\u00f3n y Educaci\u00f3n Especial (CREE) Oaxaca.<\/p>\n<p>Tras su visita al CREE Oaxaca, Ivette Mor\u00e1n constat\u00f3 las necesidades, pero tambi\u00e9n las\u00a0 fortalezas que el Centro de Atenci\u00f3n tiene para las personas con discapacidad. El espacio funciona con la colaboraci\u00f3n del Sistema Nacional DIF y el DIF Oaxaca. En \u00e9l se proporcionan servicios de rehabilitaci\u00f3n extra-hospitalaria a personas con discapacidad, principalmente a la poblaci\u00f3n de escasos recursos.<\/p>\n<p>Las terapias se proporciona en\u00a0 medicina f\u00edsica y rehabilitaci\u00f3n, terapia ocupacional, terapia de lenguaje y neuropsicolog\u00eda, con lo que se busca reintegrar a las personas con discapacidad a su entorno familiar, escolar, laboral y social.<\/p>\n<p>Al respecto, el Coordinador General del CREE Oaxaca, Jos\u00e9 Antonio Vargas Zurita, destac\u00f3 que el \u00a060 por ciento de los pacientes tienen\u00a0 exento el pago de los servicios, lo que representa un ahorro para las familias oaxaque\u00f1as, siempre con la seguridad de que la atenci\u00f3n que reciben es especializada y con personal ampliamente capacitado.<\/p>\n<p>Originaria de San Antonio de la Cal, Margarita Rodr\u00edguez Mart\u00ednez, acude cada dos d\u00edas al CREE de Oaxaca para que su hijo Carlos, de un a\u00f1o seis meses de edad, con S\u00edndrome de Down, reciba terapia f\u00edsica y ocupacional para corregir malas posturas causadas por la debilidad en los m\u00fasculos.<\/p>\n<p>La madre de familia agradeci\u00f3 el apoyo del DIF Estatal y el CREE Oaxaca, pues mediante un estudio socioecon\u00f3mico se determin\u00f3 que los servicios que se le proporcionaran no tuvieran costo.<\/p>\n<p>La atenci\u00f3n que se brinda en el Centro de Rehabilitaci\u00f3n y Educaci\u00f3n Especial es gratuita para las personas que m\u00e1s lo necesiten. Se cuenta con un taller de \u00f3rtesis \u00a0y pr\u00f3tesis a los que pueden acceder para sus Terapias.<\/p>\n<p>El CREE Estatal atiende a personas de cualquier edad que tengan alguna discapacidad y sus instalaciones est\u00e1n ubicadas en la 7\u00aa Privada de Aldama sin n\u00famero, en el municipio de San Bartolo Coyotepec. El horario de atenci\u00f3n es \u00a0de 7:00 a 14:00 horas.\t\t<\/p>\n","protected":false},"excerpt":{"rendered":"<p>San Bartolo Coyotepec, Oaxaca. 30 de enero de 2017. Con el compromiso de brindar una atenci\u00f3n integral y de calidad \u00a0a las personas con discapacidad, la Presidenta del Sistema para el Desarrollo Integral de la Familia (DIF) del Estado de Oaxaca, Ivette Mor\u00e1n de Murat, hizo un llamado para que la poblaci\u00f3n conozca, \u00a0haga uso [&hellip;]<\/p>\n","protected":false},"author":1,"featured_media":0,"comment_status":"open","ping_status":"open","sticky":false,"template":"","format":"standard","meta":{"episode_type":"","audio_file":"","podmotor_file_id":"","podmotor_episode_id":"","cover_image":"","cover_image_id":"","duration":"","filesize":"","filesize_raw":"","date_recorded":"","explicit":"","block":"","itunes_episode_number":"","itunes_title":"","itunes_season_number":"","itunes_episode_type":"","footnotes":""},"categories":[8],"tags":[175],"class_list":["post-9468","post","type-post","status-publish","format-standard","hentry","category-noticias","tag-dif"],"acf":[],"publishpress_future_action":{"enabled":false,"date":"2026-05-06 11:39:46","action":"change-status","newStatus":"draft","terms":[],"taxonomy":"category","extraData":[]},"publishpress_future_workflow_manual_trigger":{"enabledWorkflows":[]},"_links":{"self":[{"href":"https:\/\/www.oaxaca.gob.mx\/comunicacion\/wp-json\/wp\/v2\/posts\/9468","targetHints":{"allow":["GET"]}}],"collection":[{"href":"https:\/\/www.oaxaca.gob.mx\/comunicacion\/wp-json\/wp\/v2\/posts"}],"about":[{"href":"https:\/\/www.oaxaca.gob.mx\/comunicacion\/wp-json\/wp\/v2\/types\/post"}],"author":[{"embeddable":true,"href":"https:\/\/www.oaxaca.gob.mx\/comunicacion\/wp-json\/wp\/v2\/users\/1"}],"replies":[{"embeddable":true,"href":"https:\/\/www.oaxaca.gob.mx\/comunicacion\/wp-json\/wp\/v2\/comments?post=9468"}],"version-history":[{"count":0,"href":"https:\/\/www.oaxaca.gob.mx\/comunicacion\/wp-json\/wp\/v2\/posts\/9468\/revisions"}],"wp:attachment":[{"href":"https:\/\/www.oaxaca.gob.mx\/comunicacion\/wp-json\/wp\/v2\/media?parent=9468"}],"wp:term":[{"taxonomy":"category","embeddable":true,"href":"https:\/\/www.oaxaca.gob.mx\/comunicacion\/wp-json\/wp\/v2\/categories?post=9468"},{"taxonomy":"post_tag","embeddable":true,"href":"https:\/\/www.oaxaca.gob.mx\/comunicacion\/wp-json\/wp\/v2\/tags?post=9468"}],"curies":[{"name":"wp","href":"https:\/\/api.w.org\/{rel}","templated":true}]}}