{"id":862,"date":"2017-09-04T10:33:26","date_gmt":"2017-09-04T16:33:26","guid":{"rendered":"https:\/\/www.oaxaca.gob.mx\/comunicacion\/?p=862"},"modified":"2017-09-04T10:33:26","modified_gmt":"2017-09-04T16:33:26","slug":"supervisa-amh-zonas-danadas-por-lluvias-en-santa-cruz-xoxocotlan","status":"publish","type":"post","link":"https:\/\/www.oaxaca.gob.mx\/comunicacion\/supervisa-amh-zonas-danadas-por-lluvias-en-santa-cruz-xoxocotlan\/","title":{"rendered":"Supervisa AMH zonas da\u00f1adas por lluvias en Santa Cruz Xoxocotl\u00e1n"},"content":{"rendered":"<p>\t\t\t\t<img loading=\"lazy\" decoding=\"async\" class=\"alignnone size-medium wp-image-864\" src=\"\/comunicacion\/wp-content\/uploads\/2017\/09\/AMH-RECORRIDO-ZONA-AFECTADA-XOXOCOTLA\u0301N-8-300x200.jpg\" alt=\"\" width=\"300\" height=\"200\" srcset=\"https:\/\/www.oaxaca.gob.mx\/comunicacion\/wp-content\/uploads\/sites\/28\/2017\/09\/AMH-RECORRIDO-ZONA-AFECTADA-XOXOCOTLA\u0301N-8-300x200.jpg 300w, https:\/\/www.oaxaca.gob.mx\/comunicacion\/wp-content\/uploads\/sites\/28\/2017\/09\/AMH-RECORRIDO-ZONA-AFECTADA-XOXOCOTLA\u0301N-8-768x512.jpg 768w, https:\/\/www.oaxaca.gob.mx\/comunicacion\/wp-content\/uploads\/sites\/28\/2017\/09\/AMH-RECORRIDO-ZONA-AFECTADA-XOXOCOTLA\u0301N-8-1024x682.jpg 1024w, https:\/\/www.oaxaca.gob.mx\/comunicacion\/wp-content\/uploads\/sites\/28\/2017\/09\/AMH-RECORRIDO-ZONA-AFECTADA-XOXOCOTLA\u0301N-8.jpg 1400w\" sizes=\"auto, (max-width: 300px) 100vw, 300px\" \/>\u00a0\u00a0 \u00a0 \u00a0 \u00a0 \u00a0 \u00a0 \u00a0 \u00a0 \u00a0 \u00a0 \u00a0 \u00a0 \u00a0 \u00a0 \u00a0<img loading=\"lazy\" decoding=\"async\" class=\"alignnone size-medium wp-image-865\" src=\"\/comunicacion\/wp-content\/uploads\/2017\/09\/AMH-Inundaciones-xoxo-02-300x181.jpg\" alt=\"\" width=\"300\" height=\"181\" srcset=\"https:\/\/www.oaxaca.gob.mx\/comunicacion\/wp-content\/uploads\/sites\/28\/2017\/09\/AMH-Inundaciones-xoxo-02-300x181.jpg 300w, https:\/\/www.oaxaca.gob.mx\/comunicacion\/wp-content\/uploads\/sites\/28\/2017\/09\/AMH-Inundaciones-xoxo-02-768x463.jpg 768w, https:\/\/www.oaxaca.gob.mx\/comunicacion\/wp-content\/uploads\/sites\/28\/2017\/09\/AMH-Inundaciones-xoxo-02-1024x618.jpg 1024w\" sizes=\"auto, (max-width: 300px) 100vw, 300px\" \/><\/p>\n<p>&nbsp;<\/p>\n<p><img loading=\"lazy\" decoding=\"async\" class=\"alignnone size-medium wp-image-871\" src=\"\/comunicacion\/wp-content\/uploads\/2017\/09\/AMH-Inundaciones-xoxo-01-300x200.jpg\" alt=\"\" width=\"300\" height=\"200\" srcset=\"https:\/\/www.oaxaca.gob.mx\/comunicacion\/wp-content\/uploads\/sites\/28\/2017\/09\/AMH-Inundaciones-xoxo-01-300x200.jpg 300w, https:\/\/www.oaxaca.gob.mx\/comunicacion\/wp-content\/uploads\/sites\/28\/2017\/09\/AMH-Inundaciones-xoxo-01-768x512.jpg 768w, https:\/\/www.oaxaca.gob.mx\/comunicacion\/wp-content\/uploads\/sites\/28\/2017\/09\/AMH-Inundaciones-xoxo-01-1024x683.jpg 1024w\" sizes=\"auto, (max-width: 300px) 100vw, 300px\" \/>\u00a0 \u00a0 \u00a0 \u00a0 \u00a0 \u00a0 \u00a0 \u00a0 \u00a0 \u00a0 \u00a0 \u00a0 \u00a0 \u00a0 \u00a0\u00a0<img loading=\"lazy\" decoding=\"async\" class=\"alignnone size-medium wp-image-872\" src=\"\/comunicacion\/wp-content\/uploads\/2017\/09\/AMH-RECORRIDO-ZONA-AFECTADA-XOXOCOTLA\u0301N-12-300x200.jpg\" alt=\"\" width=\"300\" height=\"200\" srcset=\"https:\/\/www.oaxaca.gob.mx\/comunicacion\/wp-content\/uploads\/sites\/28\/2017\/09\/AMH-RECORRIDO-ZONA-AFECTADA-XOXOCOTLA\u0301N-12-300x200.jpg 300w, https:\/\/www.oaxaca.gob.mx\/comunicacion\/wp-content\/uploads\/sites\/28\/2017\/09\/AMH-RECORRIDO-ZONA-AFECTADA-XOXOCOTLA\u0301N-12-768x512.jpg 768w, https:\/\/www.oaxaca.gob.mx\/comunicacion\/wp-content\/uploads\/sites\/28\/2017\/09\/AMH-RECORRIDO-ZONA-AFECTADA-XOXOCOTLA\u0301N-12-1024x682.jpg 1024w, https:\/\/www.oaxaca.gob.mx\/comunicacion\/wp-content\/uploads\/sites\/28\/2017\/09\/AMH-RECORRIDO-ZONA-AFECTADA-XOXOCOTLA\u0301N-12.jpg 1400w\" sizes=\"auto, (max-width: 300px) 100vw, 300px\" \/><\/p>\n<p>&nbsp;<\/p>\n<p><img loading=\"lazy\" decoding=\"async\" class=\"alignnone size-medium wp-image-866\" src=\"\/comunicacion\/wp-content\/uploads\/2017\/09\/AMH-Inundaciones-xoxo-10-300x203.jpg\" alt=\"\" width=\"300\" height=\"203\" \/><\/p>\n<p><strong>Oaxaca de Ju\u00e1rez, Oax. 3 de septiembre de 2017. \u00a0<\/strong>El Gobernador Alejandro Murat Hinojosa realiz\u00f3 este domingo un recorrido de supervisi\u00f3n por las zonas da\u00f1adas a consecuencia de las intensas lluvias en el municipio de Santa Cruz Xoxocotl\u00e1n, en la regi\u00f3n de los Valles Centrales.<\/p>\n<p>El mandatario estatal indic\u00f3 que el Gobierno de Oaxaca a trav\u00e9s de la Coordinaci\u00f3n Estatal de Protecci\u00f3n Civil (CEPCO), solicit\u00f3 la Declaratoria de Emergencia para 90 municipios que resultaron afectados por la Onda Tropical n\u00famero 31. Tambi\u00e9n, expres\u00f3, se pedir\u00e1 el apoyo de la Secretar\u00eda de Gobernaci\u00f3n para obtener recursos del Fondo de Desastres Naturales (Fonden).<\/p>\n<p>Acompa\u00f1ado por la Presidenta del Sistema DIF Oaxaca, Ivette Mor\u00e1n y el Presidente Municipal de Santa Cruz Xoxocotl\u00e1n, Alejandro L\u00f3pez Jarqu\u00edn, Murat Hinojosa, sostuvo que mediante este recorrido se puede constatar y escuchar las necesidades de la poblaci\u00f3n que durante a\u00f1os se han visto afectada por las inundaciones de esta zona, principalmente en las colonias Mi Ranchito, Independencia y Ampliaci\u00f3n, as\u00ed como de los Fraccionamientos Los C\u00e1ntaros, Itabiani en el municipio de Santa Cruz Xoxocotl\u00e1n, que al momento han afectado 287 viviendas.<\/p>\n<p>El ejecutivo estatal indic\u00f3 que la presencia del Gabinete en esta zona reitera que el suyo es un Gobierno cercano a la gente, por lo que a la brevedad se gestionar\u00e1n los recursos materiales para dar soluci\u00f3n a los da\u00f1os, toda vez que es prioridad resguardar la integridad f\u00edsica de las familias afectadas.<\/p>\n<p>Murat Hinojosa, afirm\u00f3 tambi\u00e9n que el Gobierno de Oaxaca trabaja de manera coordinada con el Gobierno Municipal para reparar las afectaciones en las viviendas, provocadas por la obstrucci\u00f3n de r\u00edos y canales, afectando a colonias y fraccionamientos que se ubican en zonas bajas.<\/p>\n<p>A\u00f1adi\u00f3 que el Gobierno del Estado, a trav\u00e9s de Caminos y Aeropistas de Oaxaca (CAO), dispuso de 15 pipas de agua, 14 bombas de desazolve, 2 excavadoras, 2 retroexcavadoras, as\u00ed como 3 plantas potabilizadoras para el tratamiento de agua potable de los pozos que se vieron contaminados por la inundaci\u00f3n de aguas pluviales.<\/p>\n<p>Asimismo, se\u00f1al\u00f3 que se llevar\u00e1 a cabo un estudio t\u00e9cnico para la realizaci\u00f3n de un dictamen que permita llevar a cabo las obras de desazolve de r\u00edos, limpieza y trabajos de infraestructura en puentes, r\u00edos y canales.<\/p>\n<p>Adem\u00e1s, inform\u00f3 que hasta que no se solucione esta problem\u00e1tica, el Gobierno de Oaxaca, mantendr\u00e1 su presencia en esta zona, a fin de reestablecer la tranquilidad de las familias afectadas.<\/p>\n<p>Durante el recorrido, el Gobernador dialog\u00f3 con los pobladores, quienes reconocieron la presencia del ejecutivo estatal, lo cual habla de su compromiso por ser un Gobierno cercano a la gente.<\/p>\n<p>Cabe destacar que pese a la lluvia que se registr\u00f3, el Gobernador Alejandro Murat recorri\u00f3 la zona inundada del Fraccionamiento los C\u00e1ntaros, donde constat\u00f3 personalmente los da\u00f1os a las viviendas, reafirmando que su Gobierno no es omiso a las necesidades y a la problem\u00e1tica que enfrentan en estos momentos las familias de Santa Cruz Xoxocotl\u00e1n.<\/p>\n<p>Estuvieron presentes en este recorrido, el Secretario de Seguridad P\u00fablica, Jos\u00e9 Raymundo Tu\u00f1\u00f3n J\u00e1uregui, el titular de los Servicios de Salud de Oaxaca, Celestino Alonso \u00c1lvarez, el Director de la Comisi\u00f3n Nacional del Agua (Conagua), C\u00e9sar Alfonso Lagarda Lagarda, el Director General de CAO, David Miguel Mayren Carrasco, el titular de la CEPCO,\u00a0Amando Demetrio Boh\u00f3rquez Reyes y funcionarios del Gobierno estatal y federal.\t\t<\/p>\n","protected":false},"excerpt":{"rendered":"<p>\u00a0\u00a0 \u00a0 \u00a0 \u00a0 \u00a0 \u00a0 \u00a0 \u00a0 \u00a0 \u00a0 \u00a0 \u00a0 \u00a0 \u00a0 \u00a0 &nbsp; \u00a0 \u00a0 \u00a0 \u00a0 \u00a0 \u00a0 \u00a0 \u00a0 \u00a0 \u00a0 \u00a0 \u00a0 \u00a0 \u00a0 \u00a0\u00a0 &nbsp; Oaxaca de Ju\u00e1rez, Oax. 3 de septiembre de 2017. \u00a0El Gobernador Alejandro Murat Hinojosa realiz\u00f3 este domingo un recorrido de supervisi\u00f3n por las [&hellip;]<\/p>\n","protected":false},"author":1,"featured_media":879,"comment_status":"open","ping_status":"open","sticky":false,"template":"","format":"standard","meta":{"episode_type":"","audio_file":"","podmotor_file_id":"","podmotor_episode_id":"","cover_image":"","cover_image_id":"","duration":"","filesize":"","filesize_raw":"","date_recorded":"","explicit":"","block":"","itunes_episode_number":"","itunes_title":"","itunes_season_number":"","itunes_episode_type":"","footnotes":""},"categories":[8],"tags":[],"class_list":["post-862","post","type-post","status-publish","format-standard","has-post-thumbnail","hentry","category-noticias"],"acf":[],"publishpress_future_action":{"enabled":false,"date":"2026-05-03 11:51:23","action":"change-status","newStatus":"draft","terms":[],"taxonomy":"category","extraData":[]},"publishpress_future_workflow_manual_trigger":{"enabledWorkflows":[]},"_links":{"self":[{"href":"https:\/\/www.oaxaca.gob.mx\/comunicacion\/wp-json\/wp\/v2\/posts\/862","targetHints":{"allow":["GET"]}}],"collection":[{"href":"https:\/\/www.oaxaca.gob.mx\/comunicacion\/wp-json\/wp\/v2\/posts"}],"about":[{"href":"https:\/\/www.oaxaca.gob.mx\/comunicacion\/wp-json\/wp\/v2\/types\/post"}],"author":[{"embeddable":true,"href":"https:\/\/www.oaxaca.gob.mx\/comunicacion\/wp-json\/wp\/v2\/users\/1"}],"replies":[{"embeddable":true,"href":"https:\/\/www.oaxaca.gob.mx\/comunicacion\/wp-json\/wp\/v2\/comments?post=862"}],"version-history":[{"count":0,"href":"https:\/\/www.oaxaca.gob.mx\/comunicacion\/wp-json\/wp\/v2\/posts\/862\/revisions"}],"wp:featuredmedia":[{"embeddable":true,"href":"https:\/\/www.oaxaca.gob.mx\/comunicacion\/wp-json\/wp\/v2\/media\/879"}],"wp:attachment":[{"href":"https:\/\/www.oaxaca.gob.mx\/comunicacion\/wp-json\/wp\/v2\/media?parent=862"}],"wp:term":[{"taxonomy":"category","embeddable":true,"href":"https:\/\/www.oaxaca.gob.mx\/comunicacion\/wp-json\/wp\/v2\/categories?post=862"},{"taxonomy":"post_tag","embeddable":true,"href":"https:\/\/www.oaxaca.gob.mx\/comunicacion\/wp-json\/wp\/v2\/tags?post=862"}],"curies":[{"name":"wp","href":"https:\/\/api.w.org\/{rel}","templated":true}]}}