{"id":74766,"date":"2021-08-15T21:08:07","date_gmt":"2021-08-16T02:08:07","guid":{"rendered":"https:\/\/www.oaxaca.gob.mx\/comunicacion\/?p=74766"},"modified":"2021-08-16T09:26:49","modified_gmt":"2021-08-16T14:26:49","slug":"seguimos-en-alto-riesgo-de-contagios-por-covid-19-debemos-continuar-con-medidas-sanitarias-sso","status":"publish","type":"post","link":"https:\/\/www.oaxaca.gob.mx\/comunicacion\/seguimos-en-alto-riesgo-de-contagios-por-covid-19-debemos-continuar-con-medidas-sanitarias-sso\/","title":{"rendered":"Seguimos en alto riesgo de contagios por COVID-19, debemos continuar con medidas sanitarias: SSO"},"content":{"rendered":"\n\t\t<style type=\"text\/css\">\n\t\t\t#gallery-1 {\n\t\t\t\tmargin: auto;\n\t\t\t}\n\t\t\t#gallery-1 .gallery-item {\n\t\t\t\tfloat: left;\n\t\t\t\tmargin-top: 10px;\n\t\t\t\ttext-align: center;\n\t\t\t\twidth: 50%;\n\t\t\t}\n\t\t\t#gallery-1 img {\n\t\t\t\tborder: 2px solid #cfcfcf;\n\t\t\t}\n\t\t\t#gallery-1 .gallery-caption {\n\t\t\t\tmargin-left: 0;\n\t\t\t}\n\t\t\t\/* see gallery_shortcode() in wp-includes\/media.php *\/\n\t\t<\/style>\n\t\t<div id='gallery-1' class='gallery galleryid-74766 gallery-columns-2 gallery-size-medium'><dl class='gallery-item'>\n\t\t\t<dt class='gallery-icon landscape'>\n\t\t\t\t<a href='https:\/\/www.oaxaca.gob.mx\/comunicacion\/seguimos-en-alto-riesgo-de-contagios-por-covid-19-debemos-continuar-con-medidas-sanitarias-sso\/grafica-porcentajes-15-agosto\/'><img loading=\"lazy\" decoding=\"async\" width=\"300\" height=\"252\" src=\"https:\/\/www.oaxaca.gob.mx\/comunicacion\/wp-content\/uploads\/sites\/28\/2021\/08\/GRAFICA-PORCENTAJES-15-agosto-300x252.jpg\" class=\"attachment-medium size-medium\" alt=\"\" srcset=\"https:\/\/www.oaxaca.gob.mx\/comunicacion\/wp-content\/uploads\/sites\/28\/2021\/08\/GRAFICA-PORCENTAJES-15-agosto-300x252.jpg 300w, https:\/\/www.oaxaca.gob.mx\/comunicacion\/wp-content\/uploads\/sites\/28\/2021\/08\/GRAFICA-PORCENTAJES-15-agosto-1024x860.jpg 1024w, https:\/\/www.oaxaca.gob.mx\/comunicacion\/wp-content\/uploads\/sites\/28\/2021\/08\/GRAFICA-PORCENTAJES-15-agosto-768x645.jpg 768w, https:\/\/www.oaxaca.gob.mx\/comunicacion\/wp-content\/uploads\/sites\/28\/2021\/08\/GRAFICA-PORCENTAJES-15-agosto-1536x1290.jpg 1536w, https:\/\/www.oaxaca.gob.mx\/comunicacion\/wp-content\/uploads\/sites\/28\/2021\/08\/GRAFICA-PORCENTAJES-15-agosto.jpg 1890w\" sizes=\"auto, (max-width: 300px) 100vw, 300px\" \/><\/a>\n\t\t\t<\/dt><\/dl><dl class='gallery-item'>\n\t\t\t<dt class='gallery-icon landscape'>\n\t\t\t\t<a href='https:\/\/www.oaxaca.gob.mx\/comunicacion\/seguimos-en-alto-riesgo-de-contagios-por-covid-19-debemos-continuar-con-medidas-sanitarias-sso\/grafica-cifras-15-agosto\/'><img loading=\"lazy\" decoding=\"async\" width=\"300\" height=\"252\" src=\"https:\/\/www.oaxaca.gob.mx\/comunicacion\/wp-content\/uploads\/sites\/28\/2021\/08\/GRAFICA-CIFRAS-15-agosto-300x252.jpg\" class=\"attachment-medium size-medium\" alt=\"\" srcset=\"https:\/\/www.oaxaca.gob.mx\/comunicacion\/wp-content\/uploads\/sites\/28\/2021\/08\/GRAFICA-CIFRAS-15-agosto-300x252.jpg 300w, https:\/\/www.oaxaca.gob.mx\/comunicacion\/wp-content\/uploads\/sites\/28\/2021\/08\/GRAFICA-CIFRAS-15-agosto-1024x860.jpg 1024w, https:\/\/www.oaxaca.gob.mx\/comunicacion\/wp-content\/uploads\/sites\/28\/2021\/08\/GRAFICA-CIFRAS-15-agosto-768x645.jpg 768w, https:\/\/www.oaxaca.gob.mx\/comunicacion\/wp-content\/uploads\/sites\/28\/2021\/08\/GRAFICA-CIFRAS-15-agosto-1536x1290.jpg 1536w, https:\/\/www.oaxaca.gob.mx\/comunicacion\/wp-content\/uploads\/sites\/28\/2021\/08\/GRAFICA-CIFRAS-15-agosto.jpg 1890w\" sizes=\"auto, (max-width: 300px) 100vw, 300px\" \/><\/a>\n\t\t\t<\/dt><\/dl><br style=\"clear: both\" \/>\n\t\t<\/div>\n\n<p>&nbsp;<\/p>\n<ul>\n<li>La red hospitalaria para la atenci\u00f3n de pacientes con esta enfermedad respiratoria present\u00f3 un incremento del 4.3% en el n\u00famero de hospitalizados<\/li>\n<\/ul>\n<ul>\n<li>Se ha rebasado la cifra de 2 millones de dosis de vacunas aplicadas contra COVID-19<\/li>\n<\/ul>\n<p><strong>Oaxaca de Ju\u00e1rez, Oax., 15 de agosto de 2021.- <\/strong>Del 8 al 14 de agosto, Oaxaca registr\u00f3 un acumulado de 60 mil 106 casos confirmados de COVID-19 y tuvo un aumento de dos mil 457 casos en comparaci\u00f3n a la semana anterior.<\/p>\n<p>El incremento en este periodo tambi\u00e9n se vio reflejado en el n\u00famero de personas hospitalizadas, que fue de 4.3% y en el promedio de ocupaci\u00f3n de la red m\u00e9dica que lleg\u00f3 a alcanzar el 73.3% de manera global; en esta \u00faltima semana se reportaron 66 decesos a causa de esta patolog\u00eda viral.<\/p>\n<p>Al informar lo anterior, en el marco del resumen semanal sobre la situaci\u00f3n epidemiol\u00f3gica actual por COVID-19 en la entidad, el Jefe de la Unidad de Equidad en la Atenci\u00f3n M\u00e9dica de los Servicios de Salud de Oaxaca (SSO), Rams\u00e9s Enrique Guevara Z\u00e1rate, se\u00f1al\u00f3 que de acuerdo a las autoridades sanitarias federales, seguimos en sem\u00e1foro epidemiol\u00f3gico color naranja hasta el 22 de agosto.<\/p>\n<p>Refiri\u00f3 que, ante el incremento de contagios que ha ocasionado la saturaci\u00f3n hospitalaria en esta semana, de seguir este ritmo de crecimiento, la red m\u00e9dica se ver\u00e1 seriamente afectada para la atenci\u00f3n de pacientes con esta patolog\u00eda y otras enfermedades o emergencias, que tambi\u00e9n son prioritarias atender, porque no habr\u00e1 disponibilidad de camas.<\/p>\n<p>\u201cSeguimos en alto riesgo de contagios a causa del virus SARS-CoV-2 y para frenar el incremento de casos, hospitalizaciones, brotes comunitarios y defunciones, es necesario que todas y todos pongamos nuestro mayor esfuerzo implementando en todo tiempo las medidas sanitarias para bajar la curva epid\u00e9mica\u201d, resalt\u00f3.<\/p>\n<p>Detall\u00f3 que lo que har\u00e1 la diferencia para que los hospitales no se saturen, es mantener vigentes todas las medidas sanitarias para la prevenci\u00f3n de este coronavirus, como el uso del cubrebocas, lavado frecuente de manos con agua y jab\u00f3n, o bien, limpiarlas con gel antibacterial a base de alcohol al 70%, mantener la sana distancia, evitar acudir a lugares concurridos y espacios cerrados.<\/p>\n<p>Respecto a la Estrategia de la Pol\u00edtica Nacional de Vacunaci\u00f3n contra el virus SARS-CoV-2 para la prevenci\u00f3n de la COVID-19 en M\u00e9xico, dijo que se ha rebasado la cifra de dos millones de dosis aplicadas en todo el territorio estatal, de las farmac\u00e9uticas Pfizer-BioNTech, Sinovac, AstraZeneca y Cansino Biologic. Asimismo, se continu\u00f3 la inmunizaci\u00f3n a la poblaci\u00f3n mayor de 18 a\u00f1os, a quienes se les aplicaron m\u00e1s de 40 mil vacunas.<\/p>\n<p>Mencion\u00f3 que aunque cada vez son m\u00e1s las personas que reciben su esquema parcial o completo de vacunaci\u00f3n, las y los habitantes deben protegerse, pues con disciplina, esfuerzo y constancia, no s\u00f3lo se evitar\u00e1 la saturaci\u00f3n de los Centros Hospitalarios, sino tambi\u00e9n la p\u00e9rdida de seres queridos a causa de esta enfermedad.<\/p>\n<p>\u201cNo es tiempo de confiarse. Sigamos protegi\u00e9ndonos y actuando de manera responsable. \u00a1Hag\u00e1moslo, por nuestra salud, por nuestras familias!, \u00a1si te cuidas t\u00fa, nos cuidas a todas y todos!\u201d, a\u00f1adi\u00f3.<\/p>\n<p style=\"text-align: center\">-0-<\/p>\n","protected":false},"excerpt":{"rendered":"<p>&nbsp; La red hospitalaria para la atenci\u00f3n de pacientes con esta enfermedad respiratoria present\u00f3 un incremento del 4.3% en el n\u00famero de hospitalizados Se ha rebasado la cifra de 2 millones de dosis de vacunas aplicadas contra COVID-19 Oaxaca de Ju\u00e1rez, Oax., 15 de agosto de 2021.- Del 8 al 14 de agosto, Oaxaca registr\u00f3 [&hellip;]<\/p>\n","protected":false},"author":99,"featured_media":0,"comment_status":"open","ping_status":"open","sticky":false,"template":"","format":"standard","meta":{"episode_type":"","audio_file":"","podmotor_file_id":"","podmotor_episode_id":"","cover_image":"","cover_image_id":"","duration":"","filesize":"","filesize_raw":"","date_recorded":"","explicit":"","block":"","itunes_episode_number":"","itunes_title":"","itunes_season_number":"","itunes_episode_type":"","footnotes":""},"categories":[8],"tags":[],"class_list":["post-74766","post","type-post","status-publish","format-standard","hentry","category-noticias"],"acf":[],"publishpress_future_action":{"enabled":false,"date":"2026-05-04 10:59:23","action":"change-status","newStatus":"draft","terms":[],"taxonomy":"category","extraData":[]},"publishpress_future_workflow_manual_trigger":{"enabledWorkflows":[]},"_links":{"self":[{"href":"https:\/\/www.oaxaca.gob.mx\/comunicacion\/wp-json\/wp\/v2\/posts\/74766","targetHints":{"allow":["GET"]}}],"collection":[{"href":"https:\/\/www.oaxaca.gob.mx\/comunicacion\/wp-json\/wp\/v2\/posts"}],"about":[{"href":"https:\/\/www.oaxaca.gob.mx\/comunicacion\/wp-json\/wp\/v2\/types\/post"}],"author":[{"embeddable":true,"href":"https:\/\/www.oaxaca.gob.mx\/comunicacion\/wp-json\/wp\/v2\/users\/99"}],"replies":[{"embeddable":true,"href":"https:\/\/www.oaxaca.gob.mx\/comunicacion\/wp-json\/wp\/v2\/comments?post=74766"}],"version-history":[{"count":1,"href":"https:\/\/www.oaxaca.gob.mx\/comunicacion\/wp-json\/wp\/v2\/posts\/74766\/revisions"}],"predecessor-version":[{"id":74769,"href":"https:\/\/www.oaxaca.gob.mx\/comunicacion\/wp-json\/wp\/v2\/posts\/74766\/revisions\/74769"}],"wp:attachment":[{"href":"https:\/\/www.oaxaca.gob.mx\/comunicacion\/wp-json\/wp\/v2\/media?parent=74766"}],"wp:term":[{"taxonomy":"category","embeddable":true,"href":"https:\/\/www.oaxaca.gob.mx\/comunicacion\/wp-json\/wp\/v2\/categories?post=74766"},{"taxonomy":"post_tag","embeddable":true,"href":"https:\/\/www.oaxaca.gob.mx\/comunicacion\/wp-json\/wp\/v2\/tags?post=74766"}],"curies":[{"name":"wp","href":"https:\/\/api.w.org\/{rel}","templated":true}]}}