{"id":68608,"date":"2021-02-23T15:12:08","date_gmt":"2021-02-23T21:12:08","guid":{"rendered":"https:\/\/www.oaxaca.gob.mx\/comunicacion\/?p=68608"},"modified":"2021-02-23T17:55:44","modified_gmt":"2021-02-23T23:55:44","slug":"fomenta-csneo-y-fundacion-telefonica-movistar-mexico-capacitacion-para-el-empleo-de-manera-gratuita","status":"publish","type":"post","link":"https:\/\/www.oaxaca.gob.mx\/comunicacion\/fomenta-csneo-y-fundacion-telefonica-movistar-mexico-capacitacion-para-el-empleo-de-manera-gratuita\/","title":{"rendered":"Fomenta CSNEO y Fundaci\u00f3n Telef\u00f3nica Movistar M\u00e9xico capacitaci\u00f3n para el empleo de manera gratuita"},"content":{"rendered":"\n\t\t<style type=\"text\/css\">\n\t\t\t#gallery-1 {\n\t\t\t\tmargin: auto;\n\t\t\t}\n\t\t\t#gallery-1 .gallery-item {\n\t\t\t\tfloat: left;\n\t\t\t\tmargin-top: 10px;\n\t\t\t\ttext-align: center;\n\t\t\t\twidth: 50%;\n\t\t\t}\n\t\t\t#gallery-1 img {\n\t\t\t\tborder: 2px solid #cfcfcf;\n\t\t\t}\n\t\t\t#gallery-1 .gallery-caption {\n\t\t\t\tmargin-left: 0;\n\t\t\t}\n\t\t\t\/* see gallery_shortcode() in wp-includes\/media.php *\/\n\t\t<\/style>\n\t\t<div id='gallery-1' class='gallery galleryid-68608 gallery-columns-2 gallery-size-medium'><dl class='gallery-item'>\n\t\t\t<dt class='gallery-icon landscape'>\n\t\t\t\t<a href='https:\/\/www.oaxaca.gob.mx\/comunicacion\/fomenta-csneo-y-fundacion-telefonica-movistar-mexico-capacitacion-para-el-empleo-de-manera-gratuita\/curso-marketing-digital\/'><img loading=\"lazy\" decoding=\"async\" width=\"300\" height=\"300\" src=\"https:\/\/www.oaxaca.gob.mx\/comunicacion\/wp-content\/uploads\/sites\/28\/2021\/02\/Curso-Marketing-Digital-300x300.jpg\" class=\"attachment-medium size-medium\" alt=\"\" srcset=\"https:\/\/www.oaxaca.gob.mx\/comunicacion\/wp-content\/uploads\/sites\/28\/2021\/02\/Curso-Marketing-Digital-300x300.jpg 300w, https:\/\/www.oaxaca.gob.mx\/comunicacion\/wp-content\/uploads\/sites\/28\/2021\/02\/Curso-Marketing-Digital-1024x1024.jpg 1024w, https:\/\/www.oaxaca.gob.mx\/comunicacion\/wp-content\/uploads\/sites\/28\/2021\/02\/Curso-Marketing-Digital-150x150.jpg 150w, https:\/\/www.oaxaca.gob.mx\/comunicacion\/wp-content\/uploads\/sites\/28\/2021\/02\/Curso-Marketing-Digital-768x768.jpg 768w, https:\/\/www.oaxaca.gob.mx\/comunicacion\/wp-content\/uploads\/sites\/28\/2021\/02\/Curso-Marketing-Digital.jpg 1200w\" sizes=\"auto, (max-width: 300px) 100vw, 300px\" \/><\/a>\n\t\t\t<\/dt><\/dl><dl class='gallery-item'>\n\t\t\t<dt class='gallery-icon landscape'>\n\t\t\t\t<a href='https:\/\/www.oaxaca.gob.mx\/comunicacion\/fomenta-csneo-y-fundacion-telefonica-movistar-mexico-capacitacion-para-el-empleo-de-manera-gratuita\/curso-metodologias-agiles\/'><img loading=\"lazy\" decoding=\"async\" width=\"300\" height=\"300\" src=\"https:\/\/www.oaxaca.gob.mx\/comunicacion\/wp-content\/uploads\/sites\/28\/2021\/02\/Curso-Metodologias-Agiles-300x300.jpg\" class=\"attachment-medium size-medium\" alt=\"\" srcset=\"https:\/\/www.oaxaca.gob.mx\/comunicacion\/wp-content\/uploads\/sites\/28\/2021\/02\/Curso-Metodologias-Agiles-300x300.jpg 300w, https:\/\/www.oaxaca.gob.mx\/comunicacion\/wp-content\/uploads\/sites\/28\/2021\/02\/Curso-Metodologias-Agiles-1024x1024.jpg 1024w, https:\/\/www.oaxaca.gob.mx\/comunicacion\/wp-content\/uploads\/sites\/28\/2021\/02\/Curso-Metodologias-Agiles-150x150.jpg 150w, https:\/\/www.oaxaca.gob.mx\/comunicacion\/wp-content\/uploads\/sites\/28\/2021\/02\/Curso-Metodologias-Agiles-768x768.jpg 768w, https:\/\/www.oaxaca.gob.mx\/comunicacion\/wp-content\/uploads\/sites\/28\/2021\/02\/Curso-Metodologias-Agiles.jpg 1200w\" sizes=\"auto, (max-width: 300px) 100vw, 300px\" \/><\/a>\n\t\t\t<\/dt><\/dl><br style=\"clear: both\" \/>\n\t\t<\/div>\n\n<p>&nbsp;<\/p>\n<ul>\n<li>Se encuentran disponibles los cursos \u201cMarketing Digital\u201d y \u201cGesti\u00f3n de Proyectos de Metodolog\u00edas \u00c1giles\u201d<\/li>\n<\/ul>\n<ul>\n<li>Las inscripciones estar\u00e1n abiertas a partir del 23 febrero hasta el 12 de marzo<\/li>\n<\/ul>\n<p><strong>Tlalixtac de Cabrera, Oax. 23 de febrero de 2021<\/strong><strong>. <\/strong>Para profesionalizar al sector empresarial y j\u00f3venes emprendedores en el uso de herramientas digitales y nuevas tecnolog\u00edas en la modalidad MOOCs (Massive Online Open Courses), la Coordinaci\u00f3n del Servicio Nacional de Empleo Oaxaca (CSNEO) y la Fundaci\u00f3n Telef\u00f3nica Movistar M\u00e9xico, signaron un convenio de colaboraci\u00f3n con el objetivo de impartir cursos de capacitaci\u00f3n gratuitos, enfocados en la generaci\u00f3n de habilidades productivas para la empleabilidad.<\/p>\n<p>En este marco, la titular del Servicio Nacional de Empleo en la entidad, Leslie Jim\u00e9nez Valencia, explic\u00f3 que este esfuerzo permitir\u00e1 disponer de los cursos denominados \u201cMarketing Digital\u201d y \u201cGesti\u00f3n de Proyectos de Metodolog\u00edas \u00c1giles\u201d, con una duraci\u00f3n de seis a ocho semanas en un periodo de 30 a 40 horas.<\/p>\n<p>La funcionaria agreg\u00f3 que la capacitaci\u00f3n se realizar\u00e1 de manera bimestral en coordinaci\u00f3n con Fundaci\u00f3n Telef\u00f3nica Movistar M\u00e9xico, con temas de inter\u00e9s entre la juventud, para su formaci\u00f3n en las nuevas profesiones del sector tecnol\u00f3gico, que tendr\u00e1n mayor demanda en el futuro.<\/p>\n<p>\u201cCon este esquema podemos incrementar la colocaci\u00f3n de la poblaci\u00f3n desempleada en el mercado laboral, lo cual nos ha pedido atender de manera prioritaria el gobernador Alejandro Murat Hinojosa\u201d, afirm\u00f3.<\/p>\n<p>La responsable del CSNEO indic\u00f3 que derivado de las afectaciones ocasionadas por la contingencia sanitaria, tanto empresarios y emprendedores hacen uso de las herramientas en l\u00ednea que garantizan seguridad y protecci\u00f3n en los negocios comerciales y actividades laborales.<\/p>\n<p>\u201cEsta es una gran oportunidad para adaptarse a la nueva era digital, con ello fomentamos habilidades competitivas y conocimientos digitales que hoy en d\u00eda requieren las empresas para ocupar puestos de trabajo que ofertan principalmente a los j\u00f3venes\u201d, sostuvo.<\/p>\n<p>Por su parte, la Fundaci\u00f3n Telef\u00f3nica Movistar M\u00e9xico detall\u00f3 que las inscripciones estar\u00e1n abiertas a partir del 23 febrero hasta el 12 de marzo; por ello, las personas interesadas deber\u00e1n consultar las redes sociales del Servicio Nacional de Empleo Oaxaca, para obtener mayores informes.<\/p>\n<p>De igual forma, los participantes deber\u00e1n registrarse en el sitio: <a href=\"https:\/\/conectaempleo-formacion.fundaciontelefonica.com\/web\/mx-marketing-digital-csneo-ed-3\" target=\"_blank\" rel=\"noopener\" data-saferedirecturl=\"https:\/\/www.google.com\/url?q=https:\/\/conectaempleo-formacion.fundaciontelefonica.com\/web\/mx-marketing-digital-csneo-ed-3&amp;source=gmail&amp;ust=1614209973529000&amp;usg=AFQjCNHQCzAbKDYxZuv_XauL6MWGJf0qxA\">https:\/\/conectaempleo-formacion.fundaciontelefonica.com\/web\/mx-marketing-digital-csneo-ed-3<\/a>; o podr\u00e1n llamar al tel\u00e9fono 501-50-00, extensi\u00f3n 12513 y 12638.<\/p>\n<p>&nbsp;<\/p>\n<p style=\"text-align: center\">-0-<\/p>\n","protected":false},"excerpt":{"rendered":"<p>&nbsp; Se encuentran disponibles los cursos \u201cMarketing Digital\u201d y \u201cGesti\u00f3n de Proyectos de Metodolog\u00edas \u00c1giles\u201d Las inscripciones estar\u00e1n abiertas a partir del 23 febrero hasta el 12 de marzo Tlalixtac de Cabrera, Oax. 23 de febrero de 2021. Para profesionalizar al sector empresarial y j\u00f3venes emprendedores en el uso de herramientas digitales y nuevas tecnolog\u00edas [&hellip;]<\/p>\n","protected":false},"author":99,"featured_media":68610,"comment_status":"open","ping_status":"open","sticky":false,"template":"","format":"standard","meta":{"episode_type":"","audio_file":"","podmotor_file_id":"","podmotor_episode_id":"","cover_image":"","cover_image_id":"","duration":"","filesize":"","filesize_raw":"","date_recorded":"","explicit":"","block":"","itunes_episode_number":"","itunes_title":"","itunes_season_number":"","itunes_episode_type":"","footnotes":""},"categories":[8],"tags":[],"class_list":["post-68608","post","type-post","status-publish","format-standard","has-post-thumbnail","hentry","category-noticias"],"acf":[],"publishpress_future_action":{"enabled":false,"date":"2026-05-05 11:26:05","action":"change-status","newStatus":"draft","terms":[],"taxonomy":"category","extraData":[]},"publishpress_future_workflow_manual_trigger":{"enabledWorkflows":[]},"_links":{"self":[{"href":"https:\/\/www.oaxaca.gob.mx\/comunicacion\/wp-json\/wp\/v2\/posts\/68608","targetHints":{"allow":["GET"]}}],"collection":[{"href":"https:\/\/www.oaxaca.gob.mx\/comunicacion\/wp-json\/wp\/v2\/posts"}],"about":[{"href":"https:\/\/www.oaxaca.gob.mx\/comunicacion\/wp-json\/wp\/v2\/types\/post"}],"author":[{"embeddable":true,"href":"https:\/\/www.oaxaca.gob.mx\/comunicacion\/wp-json\/wp\/v2\/users\/99"}],"replies":[{"embeddable":true,"href":"https:\/\/www.oaxaca.gob.mx\/comunicacion\/wp-json\/wp\/v2\/comments?post=68608"}],"version-history":[{"count":1,"href":"https:\/\/www.oaxaca.gob.mx\/comunicacion\/wp-json\/wp\/v2\/posts\/68608\/revisions"}],"predecessor-version":[{"id":68611,"href":"https:\/\/www.oaxaca.gob.mx\/comunicacion\/wp-json\/wp\/v2\/posts\/68608\/revisions\/68611"}],"wp:featuredmedia":[{"embeddable":true,"href":"https:\/\/www.oaxaca.gob.mx\/comunicacion\/wp-json\/wp\/v2\/media\/68610"}],"wp:attachment":[{"href":"https:\/\/www.oaxaca.gob.mx\/comunicacion\/wp-json\/wp\/v2\/media?parent=68608"}],"wp:term":[{"taxonomy":"category","embeddable":true,"href":"https:\/\/www.oaxaca.gob.mx\/comunicacion\/wp-json\/wp\/v2\/categories?post=68608"},{"taxonomy":"post_tag","embeddable":true,"href":"https:\/\/www.oaxaca.gob.mx\/comunicacion\/wp-json\/wp\/v2\/tags?post=68608"}],"curies":[{"name":"wp","href":"https:\/\/api.w.org\/{rel}","templated":true}]}}