{"id":68564,"date":"2021-02-22T15:40:32","date_gmt":"2021-02-22T21:40:32","guid":{"rendered":"https:\/\/www.oaxaca.gob.mx\/comunicacion\/?p=68564"},"modified":"2021-02-22T16:23:21","modified_gmt":"2021-02-22T22:23:21","slug":"fgeo-aprehende-en-veracruz-a-ex-maestra-acusada-del-delito-de-corrupcion-de-menores-cometido-en-la-villa-de-etla-en-2007","status":"publish","type":"post","link":"https:\/\/www.oaxaca.gob.mx\/comunicacion\/fgeo-aprehende-en-veracruz-a-ex-maestra-acusada-del-delito-de-corrupcion-de-menores-cometido-en-la-villa-de-etla-en-2007\/","title":{"rendered":"FGEO aprehende en Veracruz a ex maestra acusada del delito de corrupci\u00f3n de menores cometido en la Villa de Etla, en 2007"},"content":{"rendered":"<ul>\n<li>Tras 14 a\u00f1os pr\u00f3fuga, la Instituci\u00f3n cumpliment\u00f3 orden de aprehensi\u00f3n contra la mujer J. B. L. A., en la ciudad de Coatzacoalcos, Veracruz.<\/li>\n<\/ul>\n<p><strong>Oaxaca de Ju\u00e1rez, Oax., 22 de febrero de 2021.-<\/strong>\u00a0La Fiscal\u00eda General del Estado de Oaxaca (FGEO), llev\u00f3 ante Juez a la mujer J. B. L. A., quien fue aprehendida en el estado de Veracruz se\u00f1alada como probable responsable de los delitos de corrupci\u00f3n de menores, delincuencia organizada y abuso sexual en agravio de 5 ni\u00f1os del Instituto \u00abMiguel de Cervantes\u00bb, ubicado en la Villa de Etla, cometido en 2007.<\/p>\n<p>La detenci\u00f3n de la acusada fue lograda por elementos del grupo Fuerza Especial de Reacci\u00f3n Inmediata de la Fiscal\u00eda General, en la ciudad de Coatzacoalcos, Veracruz y trasladada a la entidad oaxaque\u00f1a, para ser presentada ante el Juez de Control.<\/p>\n<p>De acuerdo con el expediente penal 135\/2010, entre el 29 de marzo y 30 de abril de 2007, la imputada y otros sujetos trasladaron a las v\u00edctimas a un domicilio contiguo del jard\u00edn de ni\u00f1os -situado en inmediaciones de la Villa de Etla- donde cometieron actos de exhibicionismo corporal y lascivos.<\/p>\n<p>Ante estos hechos, la Instituci\u00f3n de procuraci\u00f3n de justicia inici\u00f3 una exhaustiva y diligente investigaci\u00f3n, logrando ubicar y aprehender a la acusada quien se ocultaba en el estado de Veracruz y puesta a disposici\u00f3n del Juez Penal de Etla.<\/p>\n<p>En audiencia, la imputada solicit\u00f3 la ampliaci\u00f3n del t\u00e9rmino constitucional, mismo que fenece el d\u00eda 23 de febrero de 2021.<\/p>\n<p>La Fiscal\u00eda General refrenda su compromiso de garantizar justicia a ni\u00f1as, ni\u00f1os, adolescentes y mujeres v\u00edctimas de delitos sexuales, aplicando todo el rigor de la Ley a quienes atenten en su contra.<\/p>\n<p>&nbsp;<\/p>\n<p style=\"text-align: center\">-0-<\/p>\n","protected":false},"excerpt":{"rendered":"<p>Tras 14 a\u00f1os pr\u00f3fuga, la Instituci\u00f3n cumpliment\u00f3 orden de aprehensi\u00f3n contra la mujer J. B. L. A., en la ciudad de Coatzacoalcos, Veracruz. Oaxaca de Ju\u00e1rez, Oax., 22 de febrero de 2021.-\u00a0La Fiscal\u00eda General del Estado de Oaxaca (FGEO), llev\u00f3 ante Juez a la mujer J. B. L. A., quien fue aprehendida en el estado [&hellip;]<\/p>\n","protected":false},"author":99,"featured_media":62700,"comment_status":"open","ping_status":"open","sticky":false,"template":"","format":"standard","meta":{"episode_type":"","audio_file":"","podmotor_file_id":"","podmotor_episode_id":"","cover_image":"","cover_image_id":"","duration":"","filesize":"","filesize_raw":"","date_recorded":"","explicit":"","block":"","itunes_episode_number":"","itunes_title":"","itunes_season_number":"","itunes_episode_type":"","footnotes":""},"categories":[8],"tags":[],"class_list":["post-68564","post","type-post","status-publish","format-standard","has-post-thumbnail","hentry","category-noticias"],"acf":[],"publishpress_future_action":{"enabled":false,"date":"2026-05-03 02:27:41","action":"change-status","newStatus":"draft","terms":[],"taxonomy":"category","extraData":[]},"publishpress_future_workflow_manual_trigger":{"enabledWorkflows":[]},"_links":{"self":[{"href":"https:\/\/www.oaxaca.gob.mx\/comunicacion\/wp-json\/wp\/v2\/posts\/68564","targetHints":{"allow":["GET"]}}],"collection":[{"href":"https:\/\/www.oaxaca.gob.mx\/comunicacion\/wp-json\/wp\/v2\/posts"}],"about":[{"href":"https:\/\/www.oaxaca.gob.mx\/comunicacion\/wp-json\/wp\/v2\/types\/post"}],"author":[{"embeddable":true,"href":"https:\/\/www.oaxaca.gob.mx\/comunicacion\/wp-json\/wp\/v2\/users\/99"}],"replies":[{"embeddable":true,"href":"https:\/\/www.oaxaca.gob.mx\/comunicacion\/wp-json\/wp\/v2\/comments?post=68564"}],"version-history":[{"count":1,"href":"https:\/\/www.oaxaca.gob.mx\/comunicacion\/wp-json\/wp\/v2\/posts\/68564\/revisions"}],"predecessor-version":[{"id":68565,"href":"https:\/\/www.oaxaca.gob.mx\/comunicacion\/wp-json\/wp\/v2\/posts\/68564\/revisions\/68565"}],"wp:featuredmedia":[{"embeddable":true,"href":"https:\/\/www.oaxaca.gob.mx\/comunicacion\/wp-json\/wp\/v2\/media\/62700"}],"wp:attachment":[{"href":"https:\/\/www.oaxaca.gob.mx\/comunicacion\/wp-json\/wp\/v2\/media?parent=68564"}],"wp:term":[{"taxonomy":"category","embeddable":true,"href":"https:\/\/www.oaxaca.gob.mx\/comunicacion\/wp-json\/wp\/v2\/categories?post=68564"},{"taxonomy":"post_tag","embeddable":true,"href":"https:\/\/www.oaxaca.gob.mx\/comunicacion\/wp-json\/wp\/v2\/tags?post=68564"}],"curies":[{"name":"wp","href":"https:\/\/api.w.org\/{rel}","templated":true}]}}