{"id":68558,"date":"2021-02-22T15:23:16","date_gmt":"2021-02-22T21:23:16","guid":{"rendered":"https:\/\/www.oaxaca.gob.mx\/comunicacion\/?p=68558"},"modified":"2021-02-22T16:22:24","modified_gmt":"2021-02-22T22:22:24","slug":"supervisa-semaedeso-obras-de-ampliacion-del-relleno-sanitario-en-santa-maria-del-tule","status":"publish","type":"post","link":"https:\/\/www.oaxaca.gob.mx\/comunicacion\/supervisa-semaedeso-obras-de-ampliacion-del-relleno-sanitario-en-santa-maria-del-tule\/","title":{"rendered":"Supervisa Semaedeso obras de ampliaci\u00f3n del relleno sanitario en Santa Mar\u00eda del Tule"},"content":{"rendered":"\n\t\t<style type=\"text\/css\">\n\t\t\t#gallery-1 {\n\t\t\t\tmargin: auto;\n\t\t\t}\n\t\t\t#gallery-1 .gallery-item {\n\t\t\t\tfloat: left;\n\t\t\t\tmargin-top: 10px;\n\t\t\t\ttext-align: center;\n\t\t\t\twidth: 50%;\n\t\t\t}\n\t\t\t#gallery-1 img {\n\t\t\t\tborder: 2px solid #cfcfcf;\n\t\t\t}\n\t\t\t#gallery-1 .gallery-caption {\n\t\t\t\tmargin-left: 0;\n\t\t\t}\n\t\t\t\/* see gallery_shortcode() in wp-includes\/media.php *\/\n\t\t<\/style>\n\t\t<div id='gallery-1' class='gallery galleryid-68558 gallery-columns-2 gallery-size-medium'><dl class='gallery-item'>\n\t\t\t<dt class='gallery-icon landscape'>\n\t\t\t\t<a href='https:\/\/www.oaxaca.gob.mx\/comunicacion\/supervisa-semaedeso-obras-de-ampliacion-del-relleno-sanitario-en-santa-maria-del-tule\/semaedeso_-1-2\/'><img loading=\"lazy\" decoding=\"async\" width=\"300\" height=\"160\" src=\"https:\/\/www.oaxaca.gob.mx\/comunicacion\/wp-content\/uploads\/sites\/28\/2021\/02\/SEMAEDESO_-1-300x160.jpeg\" class=\"attachment-medium size-medium\" alt=\"\" srcset=\"https:\/\/www.oaxaca.gob.mx\/comunicacion\/wp-content\/uploads\/sites\/28\/2021\/02\/SEMAEDESO_-1-300x160.jpeg 300w, https:\/\/www.oaxaca.gob.mx\/comunicacion\/wp-content\/uploads\/sites\/28\/2021\/02\/SEMAEDESO_-1-768x410.jpeg 768w, https:\/\/www.oaxaca.gob.mx\/comunicacion\/wp-content\/uploads\/sites\/28\/2021\/02\/SEMAEDESO_-1.jpeg 1024w\" sizes=\"auto, (max-width: 300px) 100vw, 300px\" \/><\/a>\n\t\t\t<\/dt><\/dl><dl class='gallery-item'>\n\t\t\t<dt class='gallery-icon landscape'>\n\t\t\t\t<a href='https:\/\/www.oaxaca.gob.mx\/comunicacion\/supervisa-semaedeso-obras-de-ampliacion-del-relleno-sanitario-en-santa-maria-del-tule\/semaedeso_-4\/'><img loading=\"lazy\" decoding=\"async\" width=\"300\" height=\"200\" src=\"https:\/\/www.oaxaca.gob.mx\/comunicacion\/wp-content\/uploads\/sites\/28\/2021\/02\/SEMAEDESO_-4-300x200.jpeg\" class=\"attachment-medium size-medium\" alt=\"\" srcset=\"https:\/\/www.oaxaca.gob.mx\/comunicacion\/wp-content\/uploads\/sites\/28\/2021\/02\/SEMAEDESO_-4-300x200.jpeg 300w, https:\/\/www.oaxaca.gob.mx\/comunicacion\/wp-content\/uploads\/sites\/28\/2021\/02\/SEMAEDESO_-4-768x512.jpeg 768w, https:\/\/www.oaxaca.gob.mx\/comunicacion\/wp-content\/uploads\/sites\/28\/2021\/02\/SEMAEDESO_-4.jpeg 1024w\" sizes=\"auto, (max-width: 300px) 100vw, 300px\" \/><\/a>\n\t\t\t<\/dt><\/dl><br style=\"clear: both\" \/><dl class='gallery-item'>\n\t\t\t<dt class='gallery-icon landscape'>\n\t\t\t\t<a href='https:\/\/www.oaxaca.gob.mx\/comunicacion\/supervisa-semaedeso-obras-de-ampliacion-del-relleno-sanitario-en-santa-maria-del-tule\/semaedeso_-3-2\/'><img loading=\"lazy\" decoding=\"async\" width=\"300\" height=\"200\" src=\"https:\/\/www.oaxaca.gob.mx\/comunicacion\/wp-content\/uploads\/sites\/28\/2021\/02\/SEMAEDESO_-3-300x200.jpeg\" class=\"attachment-medium size-medium\" alt=\"\" srcset=\"https:\/\/www.oaxaca.gob.mx\/comunicacion\/wp-content\/uploads\/sites\/28\/2021\/02\/SEMAEDESO_-3-300x200.jpeg 300w, https:\/\/www.oaxaca.gob.mx\/comunicacion\/wp-content\/uploads\/sites\/28\/2021\/02\/SEMAEDESO_-3-768x512.jpeg 768w, https:\/\/www.oaxaca.gob.mx\/comunicacion\/wp-content\/uploads\/sites\/28\/2021\/02\/SEMAEDESO_-3.jpeg 1024w\" sizes=\"auto, (max-width: 300px) 100vw, 300px\" \/><\/a>\n\t\t\t<\/dt><\/dl><dl class='gallery-item'>\n\t\t\t<dt class='gallery-icon landscape'>\n\t\t\t\t<a href='https:\/\/www.oaxaca.gob.mx\/comunicacion\/supervisa-semaedeso-obras-de-ampliacion-del-relleno-sanitario-en-santa-maria-del-tule\/semaedeso_-2-2\/'><img loading=\"lazy\" decoding=\"async\" width=\"300\" height=\"200\" src=\"https:\/\/www.oaxaca.gob.mx\/comunicacion\/wp-content\/uploads\/sites\/28\/2021\/02\/SEMAEDESO_-2-300x200.jpeg\" class=\"attachment-medium size-medium\" alt=\"\" srcset=\"https:\/\/www.oaxaca.gob.mx\/comunicacion\/wp-content\/uploads\/sites\/28\/2021\/02\/SEMAEDESO_-2-300x200.jpeg 300w, https:\/\/www.oaxaca.gob.mx\/comunicacion\/wp-content\/uploads\/sites\/28\/2021\/02\/SEMAEDESO_-2-768x512.jpeg 768w, https:\/\/www.oaxaca.gob.mx\/comunicacion\/wp-content\/uploads\/sites\/28\/2021\/02\/SEMAEDESO_-2.jpeg 1024w\" sizes=\"auto, (max-width: 300px) 100vw, 300px\" \/><\/a>\n\t\t\t<\/dt><\/dl><br style=\"clear: both\" \/>\n\t\t<\/div>\n\n<p>&nbsp;<\/p>\n<ul>\n<li>En coordinaci\u00f3n con la autoridad municipal, el Gobierno del Estado realiza obras de infraestructura social en beneficio de m\u00e1s de 7siete mil familias<\/li>\n<\/ul>\n<p><strong>Santa Mar\u00eda del Tule, Oax. 22 de febrero de 2021.-<\/strong> Como parte de las acciones de preservaci\u00f3n del medio ambiente y la salud humana, el Gobierno del Estado a trav\u00e9s de la Secretar\u00eda del Medio Ambiente, Energ\u00edas y Desarrollo Sustentable (Semaedeso), supervis\u00f3 los trabajos de construcci\u00f3n del relleno sanitario Tipo \u201cD\u201d, que se realizan en este municipio.<\/p>\n<p>En representaci\u00f3n del gobernador Alejandro Murat Hinojosa, el titular de la Semaedeso, Samuel Gurri\u00f3n Mat\u00edas, junto con el presidente municipal de Santa Mar\u00eda del Tule, Gregorio Peralta V\u00e1squez, recorri\u00f3 el lugar donde se llevan a cabo estos trabajos de ampliaci\u00f3n del relleno sanitario, que beneficiar\u00e1 a m\u00e1s de siete mil familias de esta localidad de los Valles Centrales.<\/p>\n<p>Durante la supervisi\u00f3n, el secretario Samuel Gurri\u00f3n Mat\u00edas reconoci\u00f3 el compromiso permanente del municipio del Tule con el medio ambiente, y le reiter\u00f3 el total respaldo de la Semaedeso.<\/p>\n<p>\u201cSanta Mar\u00eda del Tule es un municipio ejemplar en materia de medio ambiente. Las autoridades, en todos sus \u00f3rdenes, tienen que reconocer que las obras prioritarias siempre deben ir encaminadas a fortalecer el medio ambiente, y en particular los rellenos sanitarios son claves en este momento de la historia\u201d, precis\u00f3.<\/p>\n<p>Al respecto, el presidente municipal, Gregorio Peralta V\u00e1squez, explic\u00f3 que las adecuaciones en el relleno sanitario se suman a las acciones de separaci\u00f3n de residuos que se han implementado en la comunidad y las cuales cuentan con participaci\u00f3n activa de la sociedad.<\/p>\n<p>En tanto, el diputado local por el Distrito XVII, No\u00e9 Doroteo Castillejos, mencion\u00f3 que la suma esfuerzos entre los \u00f3rdenes de gobierno se traducen en una obra de incalculable valor, no solamente para Santa Mar\u00eda del Tule, sino para toda la regi\u00f3n.<\/p>\n<p>Cabe destacar que la ampliaci\u00f3n del relleno sanitario de esta poblaci\u00f3n, en su primera etapa, contempla una celda disposici\u00f3n final la cual tendr\u00e1 una vida \u00fatil estimada de cinco a\u00f1os.<\/p>\n<p>Esta celda cuenta con medidas interiores de 40 m x 34 m y medidas exteriores de 60 m x 54 m. Asimismo, se realiz\u00f3 la construcci\u00f3n de bordos perimetrales de 10 metros de base por 2 metros de corona y 2 metros de altura, con taludes interiores y exteriores de 21 metros.<\/p>\n<p>Tambi\u00e9n se realiz\u00f3 la impermeabilizaci\u00f3n con dos capas de geotextil y una capa de geomembrana de polietileno de alta densidad de 40 mil\u00e9simas de pulgada de espesor termo fusionada y la construcci\u00f3n de pozo central de capacitaci\u00f3n de biog\u00e1s de tres metros de altura y un sistema de recolecci\u00f3n de lixiviados con tuber\u00eda de polietileno de alta densidad.<\/p>\n<p style=\"text-align: center\"><strong>-0-<\/strong><\/p>\n","protected":false},"excerpt":{"rendered":"<p>&nbsp; En coordinaci\u00f3n con la autoridad municipal, el Gobierno del Estado realiza obras de infraestructura social en beneficio de m\u00e1s de 7siete mil familias Santa Mar\u00eda del Tule, Oax. 22 de febrero de 2021.- Como parte de las acciones de preservaci\u00f3n del medio ambiente y la salud humana, el Gobierno del Estado a trav\u00e9s de [&hellip;]<\/p>\n","protected":false},"author":99,"featured_media":68559,"comment_status":"open","ping_status":"open","sticky":false,"template":"","format":"standard","meta":{"episode_type":"","audio_file":"","podmotor_file_id":"","podmotor_episode_id":"","cover_image":"","cover_image_id":"","duration":"","filesize":"","filesize_raw":"","date_recorded":"","explicit":"","block":"","itunes_episode_number":"","itunes_title":"","itunes_season_number":"","itunes_episode_type":"","footnotes":""},"categories":[8],"tags":[],"class_list":["post-68558","post","type-post","status-publish","format-standard","has-post-thumbnail","hentry","category-noticias"],"acf":[],"publishpress_future_action":{"enabled":false,"date":"2026-05-03 02:28:10","action":"change-status","newStatus":"draft","terms":[],"taxonomy":"category","extraData":[]},"publishpress_future_workflow_manual_trigger":{"enabledWorkflows":[]},"_links":{"self":[{"href":"https:\/\/www.oaxaca.gob.mx\/comunicacion\/wp-json\/wp\/v2\/posts\/68558","targetHints":{"allow":["GET"]}}],"collection":[{"href":"https:\/\/www.oaxaca.gob.mx\/comunicacion\/wp-json\/wp\/v2\/posts"}],"about":[{"href":"https:\/\/www.oaxaca.gob.mx\/comunicacion\/wp-json\/wp\/v2\/types\/post"}],"author":[{"embeddable":true,"href":"https:\/\/www.oaxaca.gob.mx\/comunicacion\/wp-json\/wp\/v2\/users\/99"}],"replies":[{"embeddable":true,"href":"https:\/\/www.oaxaca.gob.mx\/comunicacion\/wp-json\/wp\/v2\/comments?post=68558"}],"version-history":[{"count":1,"href":"https:\/\/www.oaxaca.gob.mx\/comunicacion\/wp-json\/wp\/v2\/posts\/68558\/revisions"}],"predecessor-version":[{"id":68563,"href":"https:\/\/www.oaxaca.gob.mx\/comunicacion\/wp-json\/wp\/v2\/posts\/68558\/revisions\/68563"}],"wp:featuredmedia":[{"embeddable":true,"href":"https:\/\/www.oaxaca.gob.mx\/comunicacion\/wp-json\/wp\/v2\/media\/68559"}],"wp:attachment":[{"href":"https:\/\/www.oaxaca.gob.mx\/comunicacion\/wp-json\/wp\/v2\/media?parent=68558"}],"wp:term":[{"taxonomy":"category","embeddable":true,"href":"https:\/\/www.oaxaca.gob.mx\/comunicacion\/wp-json\/wp\/v2\/categories?post=68558"},{"taxonomy":"post_tag","embeddable":true,"href":"https:\/\/www.oaxaca.gob.mx\/comunicacion\/wp-json\/wp\/v2\/tags?post=68558"}],"curies":[{"name":"wp","href":"https:\/\/api.w.org\/{rel}","templated":true}]}}