{"id":66382,"date":"2021-01-07T18:02:19","date_gmt":"2021-01-08T00:02:19","guid":{"rendered":"https:\/\/www.oaxaca.gob.mx\/comunicacion\/?p=66382"},"modified":"2021-01-07T18:48:54","modified_gmt":"2021-01-08T00:48:54","slug":"habra-agua-en-la-gonzalez-guardado-despues-de-30-anos-sin-el-servicio-cea","status":"publish","type":"post","link":"https:\/\/www.oaxaca.gob.mx\/comunicacion\/habra-agua-en-la-gonzalez-guardado-despues-de-30-anos-sin-el-servicio-cea\/","title":{"rendered":"Habr\u00e1 agua en la Gonz\u00e1lez Guardado despu\u00e9s de 30 a\u00f1os sin el servicio: CEA"},"content":{"rendered":"\n\t\t<style type=\"text\/css\">\n\t\t\t#gallery-1 {\n\t\t\t\tmargin: auto;\n\t\t\t}\n\t\t\t#gallery-1 .gallery-item {\n\t\t\t\tfloat: left;\n\t\t\t\tmargin-top: 10px;\n\t\t\t\ttext-align: center;\n\t\t\t\twidth: 33%;\n\t\t\t}\n\t\t\t#gallery-1 img {\n\t\t\t\tborder: 2px solid #cfcfcf;\n\t\t\t}\n\t\t\t#gallery-1 .gallery-caption {\n\t\t\t\tmargin-left: 0;\n\t\t\t}\n\t\t\t\/* see gallery_shortcode() in wp-includes\/media.php *\/\n\t\t<\/style>\n\t\t<div id='gallery-1' class='gallery galleryid-66382 gallery-columns-3 gallery-size-medium'><dl class='gallery-item'>\n\t\t\t<dt class='gallery-icon landscape'>\n\t\t\t\t<a href='https:\/\/www.oaxaca.gob.mx\/comunicacion\/habra-agua-en-la-gonzalez-guardado-despues-de-30-anos-sin-el-servicio-cea\/cea-zaachila-1\/'><img loading=\"lazy\" decoding=\"async\" width=\"300\" height=\"200\" src=\"https:\/\/www.oaxaca.gob.mx\/comunicacion\/wp-content\/uploads\/sites\/28\/2021\/01\/CEA-ZAACHILA-1-300x200.jpeg\" class=\"attachment-medium size-medium\" alt=\"\" srcset=\"https:\/\/www.oaxaca.gob.mx\/comunicacion\/wp-content\/uploads\/sites\/28\/2021\/01\/CEA-ZAACHILA-1-300x200.jpeg 300w, https:\/\/www.oaxaca.gob.mx\/comunicacion\/wp-content\/uploads\/sites\/28\/2021\/01\/CEA-ZAACHILA-1-1024x682.jpeg 1024w, https:\/\/www.oaxaca.gob.mx\/comunicacion\/wp-content\/uploads\/sites\/28\/2021\/01\/CEA-ZAACHILA-1-768x512.jpeg 768w, https:\/\/www.oaxaca.gob.mx\/comunicacion\/wp-content\/uploads\/sites\/28\/2021\/01\/CEA-ZAACHILA-1.jpeg 1280w\" sizes=\"auto, (max-width: 300px) 100vw, 300px\" \/><\/a>\n\t\t\t<\/dt><\/dl><dl class='gallery-item'>\n\t\t\t<dt class='gallery-icon landscape'>\n\t\t\t\t<a href='https:\/\/www.oaxaca.gob.mx\/comunicacion\/habra-agua-en-la-gonzalez-guardado-despues-de-30-anos-sin-el-servicio-cea\/cea-zaachila-5\/'><img loading=\"lazy\" decoding=\"async\" width=\"300\" height=\"200\" src=\"https:\/\/www.oaxaca.gob.mx\/comunicacion\/wp-content\/uploads\/sites\/28\/2021\/01\/CEA-ZAACHILA-5-300x200.jpeg\" class=\"attachment-medium size-medium\" alt=\"\" srcset=\"https:\/\/www.oaxaca.gob.mx\/comunicacion\/wp-content\/uploads\/sites\/28\/2021\/01\/CEA-ZAACHILA-5-300x200.jpeg 300w, https:\/\/www.oaxaca.gob.mx\/comunicacion\/wp-content\/uploads\/sites\/28\/2021\/01\/CEA-ZAACHILA-5-1024x682.jpeg 1024w, https:\/\/www.oaxaca.gob.mx\/comunicacion\/wp-content\/uploads\/sites\/28\/2021\/01\/CEA-ZAACHILA-5-768x512.jpeg 768w, https:\/\/www.oaxaca.gob.mx\/comunicacion\/wp-content\/uploads\/sites\/28\/2021\/01\/CEA-ZAACHILA-5.jpeg 1280w\" sizes=\"auto, (max-width: 300px) 100vw, 300px\" \/><\/a>\n\t\t\t<\/dt><\/dl><dl class='gallery-item'>\n\t\t\t<dt class='gallery-icon landscape'>\n\t\t\t\t<a href='https:\/\/www.oaxaca.gob.mx\/comunicacion\/habra-agua-en-la-gonzalez-guardado-despues-de-30-anos-sin-el-servicio-cea\/cea-zaachila-4\/'><img loading=\"lazy\" decoding=\"async\" width=\"300\" height=\"200\" src=\"https:\/\/www.oaxaca.gob.mx\/comunicacion\/wp-content\/uploads\/sites\/28\/2021\/01\/CEA-ZAACHILA-4-300x200.jpeg\" class=\"attachment-medium size-medium\" alt=\"\" srcset=\"https:\/\/www.oaxaca.gob.mx\/comunicacion\/wp-content\/uploads\/sites\/28\/2021\/01\/CEA-ZAACHILA-4-300x200.jpeg 300w, https:\/\/www.oaxaca.gob.mx\/comunicacion\/wp-content\/uploads\/sites\/28\/2021\/01\/CEA-ZAACHILA-4-1024x682.jpeg 1024w, https:\/\/www.oaxaca.gob.mx\/comunicacion\/wp-content\/uploads\/sites\/28\/2021\/01\/CEA-ZAACHILA-4-768x512.jpeg 768w, https:\/\/www.oaxaca.gob.mx\/comunicacion\/wp-content\/uploads\/sites\/28\/2021\/01\/CEA-ZAACHILA-4.jpeg 1280w\" sizes=\"auto, (max-width: 300px) 100vw, 300px\" \/><\/a>\n\t\t\t<\/dt><\/dl><br style=\"clear: both\" \/><dl class='gallery-item'>\n\t\t\t<dt class='gallery-icon landscape'>\n\t\t\t\t<a href='https:\/\/www.oaxaca.gob.mx\/comunicacion\/habra-agua-en-la-gonzalez-guardado-despues-de-30-anos-sin-el-servicio-cea\/cea-zaachila-3\/'><img loading=\"lazy\" decoding=\"async\" width=\"300\" height=\"200\" src=\"https:\/\/www.oaxaca.gob.mx\/comunicacion\/wp-content\/uploads\/sites\/28\/2021\/01\/CEA-ZAACHILA-3-300x200.jpeg\" class=\"attachment-medium size-medium\" alt=\"\" srcset=\"https:\/\/www.oaxaca.gob.mx\/comunicacion\/wp-content\/uploads\/sites\/28\/2021\/01\/CEA-ZAACHILA-3-300x200.jpeg 300w, https:\/\/www.oaxaca.gob.mx\/comunicacion\/wp-content\/uploads\/sites\/28\/2021\/01\/CEA-ZAACHILA-3-1024x682.jpeg 1024w, https:\/\/www.oaxaca.gob.mx\/comunicacion\/wp-content\/uploads\/sites\/28\/2021\/01\/CEA-ZAACHILA-3-768x512.jpeg 768w, https:\/\/www.oaxaca.gob.mx\/comunicacion\/wp-content\/uploads\/sites\/28\/2021\/01\/CEA-ZAACHILA-3.jpeg 1280w\" sizes=\"auto, (max-width: 300px) 100vw, 300px\" \/><\/a>\n\t\t\t<\/dt><\/dl><dl class='gallery-item'>\n\t\t\t<dt class='gallery-icon landscape'>\n\t\t\t\t<a href='https:\/\/www.oaxaca.gob.mx\/comunicacion\/habra-agua-en-la-gonzalez-guardado-despues-de-30-anos-sin-el-servicio-cea\/cea-zaachila-2\/'><img loading=\"lazy\" decoding=\"async\" width=\"300\" height=\"200\" src=\"https:\/\/www.oaxaca.gob.mx\/comunicacion\/wp-content\/uploads\/sites\/28\/2021\/01\/CEA-ZAACHILA-2-300x200.jpeg\" class=\"attachment-medium size-medium\" alt=\"\" srcset=\"https:\/\/www.oaxaca.gob.mx\/comunicacion\/wp-content\/uploads\/sites\/28\/2021\/01\/CEA-ZAACHILA-2-300x200.jpeg 300w, https:\/\/www.oaxaca.gob.mx\/comunicacion\/wp-content\/uploads\/sites\/28\/2021\/01\/CEA-ZAACHILA-2-1024x682.jpeg 1024w, https:\/\/www.oaxaca.gob.mx\/comunicacion\/wp-content\/uploads\/sites\/28\/2021\/01\/CEA-ZAACHILA-2-768x512.jpeg 768w, https:\/\/www.oaxaca.gob.mx\/comunicacion\/wp-content\/uploads\/sites\/28\/2021\/01\/CEA-ZAACHILA-2.jpeg 1280w\" sizes=\"auto, (max-width: 300px) 100vw, 300px\" \/><\/a>\n\t\t\t<\/dt><\/dl>\n\t\t\t<br style='clear: both' \/>\n\t\t<\/div>\n\n<p>&nbsp;<\/p>\n<ul>\n<li>Arrancan los trabajos de la primera etapa para la construcci\u00f3n del sistema de agua potable que permitir\u00e1 489 tomas domiciliarias<\/li>\n<\/ul>\n<p><strong>Villa de Zaachila, Oax. 07 de enero de 2021.-<\/strong> La Comisi\u00f3n Estatal del Agua (CEA), dio inicio a los trabajos de la primera etapa para la construcci\u00f3n del sistema de agua potable en la colonia Guillermo Gonz\u00e1lez Guardado de este municipio de los Valles Centrales, a\u00f1eja necesidad que ser\u00e1 cubierta despu\u00e9s de m\u00e1s de tres d\u00e9cadas.<\/p>\n<p>Dicha obra requerir\u00e1 una inversi\u00f3n de 12 millones 061 mil 108 pesos y contemplar\u00e1 la construcci\u00f3n de un pozo profundo y del sistema de agua potable, misma que beneficiar\u00e1 de manera directa a 4 mil 276 habitantes.<\/p>\n<p>Durante el acto de inicio de estos trabajos, atestiguado por las y los colonos y el edil de Villa de Zaachila, se destac\u00f3 que esta obra impulsada por el Gobernador de Oaxaca, ser\u00e1 una realidad luego de d\u00e9cadas de espera por el vital l\u00edquido en esta colonia de Zaachila.<\/p>\n<p>En esta primera etapa se introducir\u00e1n 489 tomas domiciliarias y las partidas del proyecto incluye la subestaci\u00f3n el\u00e9ctrica, tren de descarga, plataforma, una mampara, la l\u00ednea de conducci\u00f3n de un kil\u00f3metro de tres pulgadas, un tanque elevado de 80 metros c\u00fabicos y la red de distribuci\u00f3n de este servicio p\u00fablico.<\/p>\n<p>Con acciones como esta, la administraci\u00f3n estatal atiende las necesidades de la poblaci\u00f3n en los rubros de agua potable, alcantarillado y saneamiento; adem\u00e1s de que se implementan las acciones y medidas respectivas para la debida atenci\u00f3n de los servicios p\u00fablicos en las referidas materias.<\/p>\n<p style=\"text-align: center\">-o-<\/p>\n","protected":false},"excerpt":{"rendered":"<p>&nbsp; Arrancan los trabajos de la primera etapa para la construcci\u00f3n del sistema de agua potable que permitir\u00e1 489 tomas domiciliarias Villa de Zaachila, Oax. 07 de enero de 2021.- La Comisi\u00f3n Estatal del Agua (CEA), dio inicio a los trabajos de la primera etapa para la construcci\u00f3n del sistema de agua potable en la [&hellip;]<\/p>\n","protected":false},"author":99,"featured_media":66383,"comment_status":"open","ping_status":"open","sticky":false,"template":"","format":"standard","meta":{"episode_type":"","audio_file":"","podmotor_file_id":"","podmotor_episode_id":"","cover_image":"","cover_image_id":"","duration":"","filesize":"","filesize_raw":"","date_recorded":"","explicit":"","block":"","itunes_episode_number":"","itunes_title":"","itunes_season_number":"","itunes_episode_type":"","footnotes":""},"categories":[8],"tags":[],"class_list":["post-66382","post","type-post","status-publish","format-standard","has-post-thumbnail","hentry","category-noticias"],"acf":[],"publishpress_future_action":{"enabled":false,"date":"2026-05-08 11:41:28","action":"change-status","newStatus":"draft","terms":[],"taxonomy":"category","extraData":[]},"publishpress_future_workflow_manual_trigger":{"enabledWorkflows":[]},"_links":{"self":[{"href":"https:\/\/www.oaxaca.gob.mx\/comunicacion\/wp-json\/wp\/v2\/posts\/66382","targetHints":{"allow":["GET"]}}],"collection":[{"href":"https:\/\/www.oaxaca.gob.mx\/comunicacion\/wp-json\/wp\/v2\/posts"}],"about":[{"href":"https:\/\/www.oaxaca.gob.mx\/comunicacion\/wp-json\/wp\/v2\/types\/post"}],"author":[{"embeddable":true,"href":"https:\/\/www.oaxaca.gob.mx\/comunicacion\/wp-json\/wp\/v2\/users\/99"}],"replies":[{"embeddable":true,"href":"https:\/\/www.oaxaca.gob.mx\/comunicacion\/wp-json\/wp\/v2\/comments?post=66382"}],"version-history":[{"count":1,"href":"https:\/\/www.oaxaca.gob.mx\/comunicacion\/wp-json\/wp\/v2\/posts\/66382\/revisions"}],"predecessor-version":[{"id":66388,"href":"https:\/\/www.oaxaca.gob.mx\/comunicacion\/wp-json\/wp\/v2\/posts\/66382\/revisions\/66388"}],"wp:featuredmedia":[{"embeddable":true,"href":"https:\/\/www.oaxaca.gob.mx\/comunicacion\/wp-json\/wp\/v2\/media\/66383"}],"wp:attachment":[{"href":"https:\/\/www.oaxaca.gob.mx\/comunicacion\/wp-json\/wp\/v2\/media?parent=66382"}],"wp:term":[{"taxonomy":"category","embeddable":true,"href":"https:\/\/www.oaxaca.gob.mx\/comunicacion\/wp-json\/wp\/v2\/categories?post=66382"},{"taxonomy":"post_tag","embeddable":true,"href":"https:\/\/www.oaxaca.gob.mx\/comunicacion\/wp-json\/wp\/v2\/tags?post=66382"}],"curies":[{"name":"wp","href":"https:\/\/api.w.org\/{rel}","templated":true}]}}