{"id":65703,"date":"2020-12-16T12:53:01","date_gmt":"2020-12-16T18:53:01","guid":{"rendered":"https:\/\/www.oaxaca.gob.mx\/comunicacion\/?p=65703"},"modified":"2020-12-16T12:59:17","modified_gmt":"2020-12-16T18:59:17","slug":"presenta-seculta-creaciones-de-la-convocatoria-mas-inclusion-mas-cultura","status":"publish","type":"post","link":"https:\/\/www.oaxaca.gob.mx\/comunicacion\/presenta-seculta-creaciones-de-la-convocatoria-mas-inclusion-mas-cultura\/","title":{"rendered":"Presenta Seculta creaciones de la convocatoria \u201cM\u00e1s Inclusi\u00f3n m\u00e1s cultura\u201d"},"content":{"rendered":"\n\t\t<style type=\"text\/css\">\n\t\t\t#gallery-1 {\n\t\t\t\tmargin: auto;\n\t\t\t}\n\t\t\t#gallery-1 .gallery-item {\n\t\t\t\tfloat: left;\n\t\t\t\tmargin-top: 10px;\n\t\t\t\ttext-align: center;\n\t\t\t\twidth: 33%;\n\t\t\t}\n\t\t\t#gallery-1 img {\n\t\t\t\tborder: 2px solid #cfcfcf;\n\t\t\t}\n\t\t\t#gallery-1 .gallery-caption {\n\t\t\t\tmargin-left: 0;\n\t\t\t}\n\t\t\t\/* see gallery_shortcode() in wp-includes\/media.php *\/\n\t\t<\/style>\n\t\t<div id='gallery-1' class='gallery galleryid-65703 gallery-columns-3 gallery-size-medium'><dl class='gallery-item'>\n\t\t\t<dt class='gallery-icon landscape'>\n\t\t\t\t<a href='https:\/\/www.oaxaca.gob.mx\/comunicacion\/seculta-mas-inclusion-mas-cultura-1\/'><img loading=\"lazy\" decoding=\"async\" width=\"300\" height=\"200\" src=\"https:\/\/www.oaxaca.gob.mx\/comunicacion\/wp-content\/uploads\/sites\/28\/2020\/12\/SECULTA-Mas-inclusion-mas-cultura-1-300x200.jpeg\" class=\"attachment-medium size-medium\" alt=\"\" srcset=\"https:\/\/www.oaxaca.gob.mx\/comunicacion\/wp-content\/uploads\/sites\/28\/2020\/12\/SECULTA-Mas-inclusion-mas-cultura-1-300x200.jpeg 300w, https:\/\/www.oaxaca.gob.mx\/comunicacion\/wp-content\/uploads\/sites\/28\/2020\/12\/SECULTA-Mas-inclusion-mas-cultura-1-1024x682.jpeg 1024w, https:\/\/www.oaxaca.gob.mx\/comunicacion\/wp-content\/uploads\/sites\/28\/2020\/12\/SECULTA-Mas-inclusion-mas-cultura-1-768x512.jpeg 768w, https:\/\/www.oaxaca.gob.mx\/comunicacion\/wp-content\/uploads\/sites\/28\/2020\/12\/SECULTA-Mas-inclusion-mas-cultura-1.jpeg 1280w\" sizes=\"auto, (max-width: 300px) 100vw, 300px\" \/><\/a>\n\t\t\t<\/dt><\/dl><dl class='gallery-item'>\n\t\t\t<dt class='gallery-icon landscape'>\n\t\t\t\t<a href='https:\/\/www.oaxaca.gob.mx\/comunicacion\/seculta-mas-inclusion-mas-cultura-3\/'><img loading=\"lazy\" decoding=\"async\" width=\"300\" height=\"200\" src=\"https:\/\/www.oaxaca.gob.mx\/comunicacion\/wp-content\/uploads\/sites\/28\/2020\/12\/SECULTA-Mas-inclusion-mas-cultura-3-300x200.jpeg\" class=\"attachment-medium size-medium\" alt=\"\" srcset=\"https:\/\/www.oaxaca.gob.mx\/comunicacion\/wp-content\/uploads\/sites\/28\/2020\/12\/SECULTA-Mas-inclusion-mas-cultura-3-300x200.jpeg 300w, https:\/\/www.oaxaca.gob.mx\/comunicacion\/wp-content\/uploads\/sites\/28\/2020\/12\/SECULTA-Mas-inclusion-mas-cultura-3-1024x682.jpeg 1024w, https:\/\/www.oaxaca.gob.mx\/comunicacion\/wp-content\/uploads\/sites\/28\/2020\/12\/SECULTA-Mas-inclusion-mas-cultura-3-768x512.jpeg 768w, https:\/\/www.oaxaca.gob.mx\/comunicacion\/wp-content\/uploads\/sites\/28\/2020\/12\/SECULTA-Mas-inclusion-mas-cultura-3.jpeg 1280w\" sizes=\"auto, (max-width: 300px) 100vw, 300px\" \/><\/a>\n\t\t\t<\/dt><\/dl><dl class='gallery-item'>\n\t\t\t<dt class='gallery-icon landscape'>\n\t\t\t\t<a href='https:\/\/www.oaxaca.gob.mx\/comunicacion\/seculta-mas-inclusion-mas-cultura-2\/'><img loading=\"lazy\" decoding=\"async\" width=\"300\" height=\"200\" src=\"https:\/\/www.oaxaca.gob.mx\/comunicacion\/wp-content\/uploads\/sites\/28\/2020\/12\/SECULTA-Mas-inclusion-mas-cultura-2-300x200.jpeg\" class=\"attachment-medium size-medium\" alt=\"\" srcset=\"https:\/\/www.oaxaca.gob.mx\/comunicacion\/wp-content\/uploads\/sites\/28\/2020\/12\/SECULTA-Mas-inclusion-mas-cultura-2-300x200.jpeg 300w, https:\/\/www.oaxaca.gob.mx\/comunicacion\/wp-content\/uploads\/sites\/28\/2020\/12\/SECULTA-Mas-inclusion-mas-cultura-2-1024x682.jpeg 1024w, https:\/\/www.oaxaca.gob.mx\/comunicacion\/wp-content\/uploads\/sites\/28\/2020\/12\/SECULTA-Mas-inclusion-mas-cultura-2-768x512.jpeg 768w, https:\/\/www.oaxaca.gob.mx\/comunicacion\/wp-content\/uploads\/sites\/28\/2020\/12\/SECULTA-Mas-inclusion-mas-cultura-2.jpeg 1280w\" sizes=\"auto, (max-width: 300px) 100vw, 300px\" \/><\/a>\n\t\t\t<\/dt><\/dl><br style=\"clear: both\" \/>\n\t\t<\/div>\n\n<p>&nbsp;<\/p>\n<ul>\n<li>La Muestra Cultural se podr\u00e1 disfrutar a partir de este mi\u00e9rcoles 16 de diciembre, a las 20:00 horas, en la p\u00e1gina de Facebook de la dependencia<strong><br \/>\n<\/strong><\/li>\n<\/ul>\n<p><strong>Oaxaca de Ju<\/strong><strong>\u00e1<\/strong><strong>rez, Oax.\u00a0<\/strong><strong>16 de diciembre de 2020.-<\/strong>\u00a0El Gobierno del Estado, a trav\u00e9s de la Secretar\u00eda de las Culturas y Artes de Oaxaca (Seculta), realiz\u00f3 del 7 al 11 de diciembre, la Muestra Cultural de la convocatoria \u201cM\u00e1s Inclusi\u00f3n m\u00e1s cultura\u201d en las instalaciones de la Biblioteca P\u00fablica Central \u201cMargarita Maza\u201d.<\/p>\n<p>En esta convocatoria \u201cM\u00e1s Inclusi\u00f3n m\u00e1s cultura\u201d, la cual se emiti\u00f3 con apoyo de la Secretar\u00eda de Cultura Federal, resultaron ganadores 10 proyectos, cada uno acreedor a un est\u00edmulo econ\u00f3mico de 19 mil pesos que se aplicaron para el impulso de los proyectos.<\/p>\n<p>La Muestra Cultural -derivada de este convocatoria-, tiene el objetivo de promover la plena inclusi\u00f3n de las personas con cualquier tipo de discapacidad en la participaci\u00f3n efectiva en la vida cultural. Se encuentra dirigida a quienes se dedican a la creaci\u00f3n, formaci\u00f3n, investigaci\u00f3n, promoci\u00f3n y gesti\u00f3n de las diversas artes.<\/p>\n<p>Los proyectos presentados fueron: \u201cLa lucha por reconocimiento de la mujer afromexicana\u201d en pinturas en \u00f3leo, de Santa Obdulia Hern\u00e1ndez Nicol\u00e1s (Yuy\u00e9); \u201cLa creaci\u00f3n milenaria de artesan\u00edas a base de carrizo\u201d, de Guillermo Mendoza; \u201cSe\u00f1as y escenas. Tercera llamada \u00a1Principiamos!\u201d, taller de formaci\u00f3n esc\u00e9nica teatral para personas con discapacidad auditiva, de Marco Antonio Ju\u00e1rez Mart\u00ednez y \u201cEl baile tambi\u00e9n es inclusivo\u201d, de Los \u00c1ngeles de Luz.<\/p>\n<p>Asimismo, los proyectos \u201cInterpretaci\u00f3n del movimiento\u201d, de Rolando Sig\u00fcenza Acevedo; \u201cCuentos de arte para todas y todos\u201d, de Yoliztlaman Xiuhtecuhtli Carcoba Ru\u00edz; \u201cFotodiario en pandemia con personas con discapacidad\u201d, de Pedro Edgardo Iranda Gij\u00f3n; \u201cEcos Sonoros\u201d, de Israel L\u00f3pez Sampedro; \u201cCaminando en la obscuridad\u201d, de Griselda L\u00f3pez Santiago y \u201cYE\u00b4 DILLZAA &#8211; Flores zapotecas\u201d, de Isabel M\u00e9ndez Javier.<\/p>\n<p>La Muestra Cultural de la convocatoria \u201cM\u00e1s Inclusi\u00f3n m\u00e1s cultura\u201d se realiz\u00f3 con todos los protocolos sanitarios correspondientes. La Seculta invita al p\u00fablico en general a rememorar este encuentro, a partir de este mi\u00e9rcoles 16 de diciembre, a las 20:00 horas, en la p\u00e1gina de Facebook:\u00a0<a id=\"LPlnk537364\" href=\"https:\/\/www.facebook.com\/seculta\" target=\"_blank\" rel=\"noopener noreferrer\" data-auth=\"NotApplicable\">https:\/\/www.facebook.com\/seculta<\/a><\/p>\n<div id=\"LPBorder_GTaHR0cHM6Ly93d3cuZmFjZWJvb2suY29tL3NlY3VsdGE.\" class=\"LPBorder199486\">\n<div class=\"_2Ypz6DjF0cnPXsnj_7roel\">\n<div class=\"_1nC-FSfxis9BCt3z-FF2DU\"><button class=\"ms-Button ms-Button--icon _3klEWn_NpZR-PsWYhCiZ3_ root-58\" title=\"Mostrar tama\u00f1o original\" type=\"button\" aria-label=\"Mostrar tama\u00f1o original\" data-is-focusable=\"true\"><span class=\"ms-Button-flexContainer flexContainer-45\" data-automationid=\"splitbuttonprimary\"><i class=\"ms-Icon root-32 css-52 ms-Button-icon icon-47\" data-icon-name=\"FullScreen\" aria-hidden=\"true\">\ue740<\/i><\/span><\/button><\/div>\n<table id=\"LPContainer199486\" role=\"presentation\">\n<tbody>\n<tr valign=\"top\">\n<td>\n<div id=\"LPImageContainer199486\"><\/div>\n<\/td>\n<td>\n<div id=\"LPTitle199486\"><a id=\"LPUrlAnchor199486\" href=\"https:\/\/www.facebook.com\/seculta\" target=\"_blank\" rel=\"noopener noreferrer\">Secretar\u00eda de las Culturas y Artes de Oaxaca &#8211; Home | Facebook<\/a><\/div>\n<div id=\"LPDescription199486\">Secretar\u00eda de las Culturas y Artes de Oaxaca, Oaxaca City. 128K likes. Secretar\u00eda de las Culturas y Artes de Oaxaca<\/div>\n<div id=\"LPMetadata199486\">www.facebook.com<\/div>\n<\/td>\n<\/tr>\n<\/tbody>\n<\/table>\n<\/div>\n<\/div>\n","protected":false},"excerpt":{"rendered":"<p>&nbsp; La Muestra Cultural se podr\u00e1 disfrutar a partir de este mi\u00e9rcoles 16 de diciembre, a las 20:00 horas, en la p\u00e1gina de Facebook de la dependencia Oaxaca de Ju\u00e1rez, Oax.\u00a016 de diciembre de 2020.-\u00a0El Gobierno del Estado, a trav\u00e9s de la Secretar\u00eda de las Culturas y Artes de Oaxaca (Seculta), realiz\u00f3 del 7 al [&hellip;]<\/p>\n","protected":false},"author":34,"featured_media":65701,"comment_status":"open","ping_status":"open","sticky":false,"template":"","format":"standard","meta":{"episode_type":"","audio_file":"","podmotor_file_id":"","podmotor_episode_id":"","cover_image":"","cover_image_id":"","duration":"","filesize":"","filesize_raw":"","date_recorded":"","explicit":"","block":"","itunes_episode_number":"","itunes_title":"","itunes_season_number":"","itunes_episode_type":"","footnotes":""},"categories":[8],"tags":[371],"class_list":["post-65703","post","type-post","status-publish","format-standard","has-post-thumbnail","hentry","category-noticias","tag-seculta"],"acf":[],"publishpress_future_action":{"enabled":false,"date":"2026-05-05 10:48:47","action":"change-status","newStatus":"draft","terms":[],"taxonomy":"category","extraData":[]},"publishpress_future_workflow_manual_trigger":{"enabledWorkflows":[]},"_links":{"self":[{"href":"https:\/\/www.oaxaca.gob.mx\/comunicacion\/wp-json\/wp\/v2\/posts\/65703","targetHints":{"allow":["GET"]}}],"collection":[{"href":"https:\/\/www.oaxaca.gob.mx\/comunicacion\/wp-json\/wp\/v2\/posts"}],"about":[{"href":"https:\/\/www.oaxaca.gob.mx\/comunicacion\/wp-json\/wp\/v2\/types\/post"}],"author":[{"embeddable":true,"href":"https:\/\/www.oaxaca.gob.mx\/comunicacion\/wp-json\/wp\/v2\/users\/34"}],"replies":[{"embeddable":true,"href":"https:\/\/www.oaxaca.gob.mx\/comunicacion\/wp-json\/wp\/v2\/comments?post=65703"}],"version-history":[{"count":1,"href":"https:\/\/www.oaxaca.gob.mx\/comunicacion\/wp-json\/wp\/v2\/posts\/65703\/revisions"}],"predecessor-version":[{"id":65704,"href":"https:\/\/www.oaxaca.gob.mx\/comunicacion\/wp-json\/wp\/v2\/posts\/65703\/revisions\/65704"}],"wp:featuredmedia":[{"embeddable":true,"href":"https:\/\/www.oaxaca.gob.mx\/comunicacion\/wp-json\/wp\/v2\/media\/65701"}],"wp:attachment":[{"href":"https:\/\/www.oaxaca.gob.mx\/comunicacion\/wp-json\/wp\/v2\/media?parent=65703"}],"wp:term":[{"taxonomy":"category","embeddable":true,"href":"https:\/\/www.oaxaca.gob.mx\/comunicacion\/wp-json\/wp\/v2\/categories?post=65703"},{"taxonomy":"post_tag","embeddable":true,"href":"https:\/\/www.oaxaca.gob.mx\/comunicacion\/wp-json\/wp\/v2\/tags?post=65703"}],"curies":[{"name":"wp","href":"https:\/\/api.w.org\/{rel}","templated":true}]}}