{"id":65284,"date":"2020-12-10T21:45:39","date_gmt":"2020-12-11T03:45:39","guid":{"rendered":"https:\/\/www.oaxaca.gob.mx\/comunicacion\/?p=65284"},"modified":"2020-12-10T22:44:15","modified_gmt":"2020-12-11T04:44:15","slug":"gobierno-del-estado-e-iberdrola-mexico-llevan-energia-electrica-a-comunidades-oaxaquenas","status":"publish","type":"post","link":"https:\/\/www.oaxaca.gob.mx\/comunicacion\/gobierno-del-estado-e-iberdrola-mexico-llevan-energia-electrica-a-comunidades-oaxaquenas\/","title":{"rendered":"Gobierno del Estado e Iberdrola M\u00e9xico llevan energ\u00eda el\u00e9ctrica a comunidades oaxaque\u00f1as"},"content":{"rendered":"\n\t\t<style type=\"text\/css\">\n\t\t\t#gallery-1 {\n\t\t\t\tmargin: auto;\n\t\t\t}\n\t\t\t#gallery-1 .gallery-item {\n\t\t\t\tfloat: left;\n\t\t\t\tmargin-top: 10px;\n\t\t\t\ttext-align: center;\n\t\t\t\twidth: 33%;\n\t\t\t}\n\t\t\t#gallery-1 img {\n\t\t\t\tborder: 2px solid #cfcfcf;\n\t\t\t}\n\t\t\t#gallery-1 .gallery-caption {\n\t\t\t\tmargin-left: 0;\n\t\t\t}\n\t\t\t\/* see gallery_shortcode() in wp-includes\/media.php *\/\n\t\t<\/style>\n\t\t<div id='gallery-1' class='gallery galleryid-65284 gallery-columns-3 gallery-size-medium'><dl class='gallery-item'>\n\t\t\t<dt class='gallery-icon landscape'>\n\t\t\t\t<a href='https:\/\/www.oaxaca.gob.mx\/comunicacion\/gobierno-del-estado-e-iberdrola-mexico-llevan-energia-electrica-a-comunidades-oaxaquenas\/sebien-1-6\/'><img loading=\"lazy\" decoding=\"async\" width=\"300\" height=\"200\" src=\"https:\/\/www.oaxaca.gob.mx\/comunicacion\/wp-content\/uploads\/sites\/28\/2020\/12\/SEBIEN-1-300x200.jpeg\" class=\"attachment-medium size-medium\" alt=\"\" srcset=\"https:\/\/www.oaxaca.gob.mx\/comunicacion\/wp-content\/uploads\/sites\/28\/2020\/12\/SEBIEN-1-300x200.jpeg 300w, https:\/\/www.oaxaca.gob.mx\/comunicacion\/wp-content\/uploads\/sites\/28\/2020\/12\/SEBIEN-1-1024x682.jpeg 1024w, https:\/\/www.oaxaca.gob.mx\/comunicacion\/wp-content\/uploads\/sites\/28\/2020\/12\/SEBIEN-1-768x512.jpeg 768w, https:\/\/www.oaxaca.gob.mx\/comunicacion\/wp-content\/uploads\/sites\/28\/2020\/12\/SEBIEN-1.jpeg 1280w\" sizes=\"auto, (max-width: 300px) 100vw, 300px\" \/><\/a>\n\t\t\t<\/dt><\/dl><dl class='gallery-item'>\n\t\t\t<dt class='gallery-icon landscape'>\n\t\t\t\t<a href='https:\/\/www.oaxaca.gob.mx\/comunicacion\/gobierno-del-estado-e-iberdrola-mexico-llevan-energia-electrica-a-comunidades-oaxaquenas\/sebien-5-3\/'><img loading=\"lazy\" decoding=\"async\" width=\"300\" height=\"200\" src=\"https:\/\/www.oaxaca.gob.mx\/comunicacion\/wp-content\/uploads\/sites\/28\/2020\/12\/SEBIEN-5-300x200.jpeg\" class=\"attachment-medium size-medium\" alt=\"\" srcset=\"https:\/\/www.oaxaca.gob.mx\/comunicacion\/wp-content\/uploads\/sites\/28\/2020\/12\/SEBIEN-5-300x200.jpeg 300w, https:\/\/www.oaxaca.gob.mx\/comunicacion\/wp-content\/uploads\/sites\/28\/2020\/12\/SEBIEN-5-1024x682.jpeg 1024w, https:\/\/www.oaxaca.gob.mx\/comunicacion\/wp-content\/uploads\/sites\/28\/2020\/12\/SEBIEN-5-768x512.jpeg 768w, https:\/\/www.oaxaca.gob.mx\/comunicacion\/wp-content\/uploads\/sites\/28\/2020\/12\/SEBIEN-5.jpeg 1280w\" sizes=\"auto, (max-width: 300px) 100vw, 300px\" \/><\/a>\n\t\t\t<\/dt><\/dl><dl class='gallery-item'>\n\t\t\t<dt class='gallery-icon landscape'>\n\t\t\t\t<a href='https:\/\/www.oaxaca.gob.mx\/comunicacion\/gobierno-del-estado-e-iberdrola-mexico-llevan-energia-electrica-a-comunidades-oaxaquenas\/sebien-4-5\/'><img loading=\"lazy\" decoding=\"async\" width=\"300\" height=\"200\" src=\"https:\/\/www.oaxaca.gob.mx\/comunicacion\/wp-content\/uploads\/sites\/28\/2020\/12\/SEBIEN-4-300x200.jpeg\" class=\"attachment-medium size-medium\" alt=\"\" srcset=\"https:\/\/www.oaxaca.gob.mx\/comunicacion\/wp-content\/uploads\/sites\/28\/2020\/12\/SEBIEN-4-300x200.jpeg 300w, https:\/\/www.oaxaca.gob.mx\/comunicacion\/wp-content\/uploads\/sites\/28\/2020\/12\/SEBIEN-4-1024x682.jpeg 1024w, https:\/\/www.oaxaca.gob.mx\/comunicacion\/wp-content\/uploads\/sites\/28\/2020\/12\/SEBIEN-4-768x512.jpeg 768w, https:\/\/www.oaxaca.gob.mx\/comunicacion\/wp-content\/uploads\/sites\/28\/2020\/12\/SEBIEN-4.jpeg 1280w\" sizes=\"auto, (max-width: 300px) 100vw, 300px\" \/><\/a>\n\t\t\t<\/dt><\/dl><br style=\"clear: both\" \/><dl class='gallery-item'>\n\t\t\t<dt class='gallery-icon landscape'>\n\t\t\t\t<a href='https:\/\/www.oaxaca.gob.mx\/comunicacion\/gobierno-del-estado-e-iberdrola-mexico-llevan-energia-electrica-a-comunidades-oaxaquenas\/sebien-3-6\/'><img loading=\"lazy\" decoding=\"async\" width=\"300\" height=\"200\" src=\"https:\/\/www.oaxaca.gob.mx\/comunicacion\/wp-content\/uploads\/sites\/28\/2020\/12\/SEBIEN-3-300x200.jpeg\" class=\"attachment-medium size-medium\" alt=\"\" srcset=\"https:\/\/www.oaxaca.gob.mx\/comunicacion\/wp-content\/uploads\/sites\/28\/2020\/12\/SEBIEN-3-300x200.jpeg 300w, https:\/\/www.oaxaca.gob.mx\/comunicacion\/wp-content\/uploads\/sites\/28\/2020\/12\/SEBIEN-3-1024x682.jpeg 1024w, https:\/\/www.oaxaca.gob.mx\/comunicacion\/wp-content\/uploads\/sites\/28\/2020\/12\/SEBIEN-3-768x512.jpeg 768w, https:\/\/www.oaxaca.gob.mx\/comunicacion\/wp-content\/uploads\/sites\/28\/2020\/12\/SEBIEN-3.jpeg 1280w\" sizes=\"auto, (max-width: 300px) 100vw, 300px\" \/><\/a>\n\t\t\t<\/dt><\/dl><dl class='gallery-item'>\n\t\t\t<dt class='gallery-icon landscape'>\n\t\t\t\t<a href='https:\/\/www.oaxaca.gob.mx\/comunicacion\/gobierno-del-estado-e-iberdrola-mexico-llevan-energia-electrica-a-comunidades-oaxaquenas\/sebien-2-6\/'><img loading=\"lazy\" decoding=\"async\" width=\"300\" height=\"200\" src=\"https:\/\/www.oaxaca.gob.mx\/comunicacion\/wp-content\/uploads\/sites\/28\/2020\/12\/SEBIEN-2-300x200.jpeg\" class=\"attachment-medium size-medium\" alt=\"\" srcset=\"https:\/\/www.oaxaca.gob.mx\/comunicacion\/wp-content\/uploads\/sites\/28\/2020\/12\/SEBIEN-2-300x200.jpeg 300w, https:\/\/www.oaxaca.gob.mx\/comunicacion\/wp-content\/uploads\/sites\/28\/2020\/12\/SEBIEN-2-1024x682.jpeg 1024w, https:\/\/www.oaxaca.gob.mx\/comunicacion\/wp-content\/uploads\/sites\/28\/2020\/12\/SEBIEN-2-768x512.jpeg 768w, https:\/\/www.oaxaca.gob.mx\/comunicacion\/wp-content\/uploads\/sites\/28\/2020\/12\/SEBIEN-2.jpeg 1280w\" sizes=\"auto, (max-width: 300px) 100vw, 300px\" \/><\/a>\n\t\t\t<\/dt><\/dl>\n\t\t\t<br style='clear: both' \/>\n\t\t<\/div>\n\n<p>&nbsp;<\/p>\n<ul>\n<li>Con una inversi\u00f3n de 30 millones de pesos en cinco a\u00f1os, el programa Luces de Esperanza beneficiar\u00e1 a 6 mil oaxaque\u00f1os<\/li>\n<li>Gracias a la buena coordinaci\u00f3n entre la empresa y los gobiernos estatal y municipales, la primera fase del proyecto ya es una realidad<\/li>\n<\/ul>\n<p><strong>San Pedro Pochutla, Oax. 10 de diciembre de 2020.-<\/strong> El Gobierno de Oaxaca e Iberdrola M\u00e9xico anunciaron hoy la llegada al estado del programa Luces de Esperanza, cuyo objetivo es llevar energ\u00eda el\u00e9ctrica a comunidades rurales que no tienen acceso a este servicio e impulsar su desarrollo. Este proyecto, en el que se invertir\u00e1 un total de 30 millones de pesos a lo largo de cinco a\u00f1os, cuenta tambi\u00e9n con la colaboraci\u00f3n t\u00e9cnica de Ilum\u00e9xico.<\/p>\n<p>\u201cCon el esfuerzo conjunto del sector gubernamental, del sector privado, as\u00ed como de las y los ciudadanos pochutlecos, logramos un largo anhelo para 380 personas que, debido a las condiciones geogr\u00e1ficas, se encuentran a m\u00e1s de 5 kil\u00f3metros de la luz el\u00e9ctrica convencional y que por ello no hab\u00edan tenido acceso a la energ\u00eda el\u00e9ctrica en sus viviendas\u201d, expres\u00f3 el gobernador Alejandro Murat Hinojosa en el evento de encendido de las primeras 95 viviendas beneficiadas por Luces de Esperanza.<\/p>\n<p>El Mandatario Estatal explic\u00f3 que este programa demuestra el compromiso y la responsabilidad social que la empresa Iberdrola M\u00e9xico tiene con el estado de Oaxaca, toda vez que mediante la instalaci\u00f3n de sistemas solares aut\u00f3nomos en viviendas y espacios comunitarios, se mejora sustancialmente la calidad de vida y las oportunidades de crecimiento de 6 mil oaxaque\u00f1as y oaxaque\u00f1os que llevan a\u00f1os viviendo sin este servicio.<\/p>\n<p>\u201cNuestro compromiso de alcanzar los Objetivos de Desarrollo Sostenible (ODS) de la Agenda 2030, se refrenda con estas acciones que nos permiten hacer realidad un mundo m\u00e1s justo para todas las personas y en este caso, contribuir al ODS 7 Energ\u00eda asequible y no contaminante\u201d, agreg\u00f3.<\/p>\n<p>Enrique Alba, CEO de Iberdrola M\u00e9xico, resalt\u00f3 que el acceso a la energ\u00eda es fundamental para impulsar la educaci\u00f3n, la econom\u00eda, la salud y la seguridad de las personas. \u201cEstamos comprometidos con M\u00e9xico, por eso quisimos expandir el proyecto al sur-sureste, en concreto a Oaxaca, y confiamos en que Luces de Esperanza permitir\u00e1 a los beneficiarios mejorar su calidad de vida\u201d, dijo.<\/p>\n<p>La titular de la Secretar\u00eda de Bienestar de Oaxaca (Sebien), Yolanda Mart\u00ednez L\u00f3pez, destac\u00f3 que en la entidad, menos del 1% de la poblaci\u00f3n carece de acceso a la energ\u00eda el\u00e9ctrica, de acuerdo con los datos publicados por el Consejo Nacional de Evaluaci\u00f3n de Pol\u00edtica de Desarrollo Social (Coneval) en 2018, pero que \u201cla instrucci\u00f3n del gobernador Alejandro Murat es crear alianzas estrat\u00e9gicas para lograr que todas y cada una de las oaxaque\u00f1as y oaxaque\u00f1os tengan garantizado el acceso a los servicios b\u00e1sicos que les permitan desarrollarse a su m\u00e1ximo potencial y hacer realidad sus sue\u00f1os\u201d.<\/p>\n<p>La instalaci\u00f3n de 95 paneles solares en nueve comunidades representa el cierre de la primera fase de Luces de Esperanza, precis\u00f3 la titular de la pol\u00edtica social de Oaxaca en un evento en el que tambi\u00e9n particip\u00f3 el CEO de Ilum\u00e9xico, Manuel Wiechers; la presidenta municipal de San Pedro Pochutla, Saymi Pineda, y la diputada local Yarith Tannos.<\/p>\n<p>Cabe precisar que Luces de Esperanza inici\u00f3 en 2019 en la Huasteca Potosina, en donde la compa\u00f1\u00eda anunci\u00f3 tambi\u00e9n una inversi\u00f3n de 30 millones de pesos. En aquel estado, el programa llev\u00f3 energ\u00eda el\u00e9ctrica a 50 viviendas y 3 espacios comunitarios en la primera fase y est\u00e1 por finalizar la segunda en el primer trimestre de 2021.<\/p>\n<p>&nbsp;<\/p>\n<p style=\"text-align: center\">-0-<\/p>\n","protected":false},"excerpt":{"rendered":"<p>&nbsp; Con una inversi\u00f3n de 30 millones de pesos en cinco a\u00f1os, el programa Luces de Esperanza beneficiar\u00e1 a 6 mil oaxaque\u00f1os Gracias a la buena coordinaci\u00f3n entre la empresa y los gobiernos estatal y municipales, la primera fase del proyecto ya es una realidad San Pedro Pochutla, Oax. 10 de diciembre de 2020.- El [&hellip;]<\/p>\n","protected":false},"author":99,"featured_media":65285,"comment_status":"open","ping_status":"open","sticky":false,"template":"","format":"standard","meta":{"episode_type":"","audio_file":"","podmotor_file_id":"","podmotor_episode_id":"","cover_image":"","cover_image_id":"","duration":"","filesize":"","filesize_raw":"","date_recorded":"","explicit":"","block":"","itunes_episode_number":"","itunes_title":"","itunes_season_number":"","itunes_episode_type":"","footnotes":""},"categories":[8],"tags":[],"class_list":["post-65284","post","type-post","status-publish","format-standard","has-post-thumbnail","hentry","category-noticias"],"acf":[],"publishpress_future_action":{"enabled":false,"date":"2026-05-08 11:21:31","action":"change-status","newStatus":"draft","terms":[],"taxonomy":"category","extraData":[]},"publishpress_future_workflow_manual_trigger":{"enabledWorkflows":[]},"_links":{"self":[{"href":"https:\/\/www.oaxaca.gob.mx\/comunicacion\/wp-json\/wp\/v2\/posts\/65284","targetHints":{"allow":["GET"]}}],"collection":[{"href":"https:\/\/www.oaxaca.gob.mx\/comunicacion\/wp-json\/wp\/v2\/posts"}],"about":[{"href":"https:\/\/www.oaxaca.gob.mx\/comunicacion\/wp-json\/wp\/v2\/types\/post"}],"author":[{"embeddable":true,"href":"https:\/\/www.oaxaca.gob.mx\/comunicacion\/wp-json\/wp\/v2\/users\/99"}],"replies":[{"embeddable":true,"href":"https:\/\/www.oaxaca.gob.mx\/comunicacion\/wp-json\/wp\/v2\/comments?post=65284"}],"version-history":[{"count":1,"href":"https:\/\/www.oaxaca.gob.mx\/comunicacion\/wp-json\/wp\/v2\/posts\/65284\/revisions"}],"predecessor-version":[{"id":65290,"href":"https:\/\/www.oaxaca.gob.mx\/comunicacion\/wp-json\/wp\/v2\/posts\/65284\/revisions\/65290"}],"wp:featuredmedia":[{"embeddable":true,"href":"https:\/\/www.oaxaca.gob.mx\/comunicacion\/wp-json\/wp\/v2\/media\/65285"}],"wp:attachment":[{"href":"https:\/\/www.oaxaca.gob.mx\/comunicacion\/wp-json\/wp\/v2\/media?parent=65284"}],"wp:term":[{"taxonomy":"category","embeddable":true,"href":"https:\/\/www.oaxaca.gob.mx\/comunicacion\/wp-json\/wp\/v2\/categories?post=65284"},{"taxonomy":"post_tag","embeddable":true,"href":"https:\/\/www.oaxaca.gob.mx\/comunicacion\/wp-json\/wp\/v2\/tags?post=65284"}],"curies":[{"name":"wp","href":"https:\/\/api.w.org\/{rel}","templated":true}]}}