{"id":63645,"date":"2020-11-09T15:57:15","date_gmt":"2020-11-09T21:57:15","guid":{"rendered":"https:\/\/www.oaxaca.gob.mx\/comunicacion\/?p=63645"},"modified":"2020-11-09T16:13:32","modified_gmt":"2020-11-09T22:13:32","slug":"oaxaca-se-une-a-los-16-dias-de-activismo-mundial-para-eliminar-la-violencia-de-genero","status":"publish","type":"post","link":"https:\/\/www.oaxaca.gob.mx\/comunicacion\/oaxaca-se-une-a-los-16-dias-de-activismo-mundial-para-eliminar-la-violencia-de-genero\/","title":{"rendered":"Oaxaca se une a los 16 d\u00edas de activismo mundial para eliminar la violencia de g\u00e9nero"},"content":{"rendered":"\n\t\t<style type=\"text\/css\">\n\t\t\t#gallery-1 {\n\t\t\t\tmargin: auto;\n\t\t\t}\n\t\t\t#gallery-1 .gallery-item {\n\t\t\t\tfloat: left;\n\t\t\t\tmargin-top: 10px;\n\t\t\t\ttext-align: center;\n\t\t\t\twidth: 50%;\n\t\t\t}\n\t\t\t#gallery-1 img {\n\t\t\t\tborder: 2px solid #cfcfcf;\n\t\t\t}\n\t\t\t#gallery-1 .gallery-caption {\n\t\t\t\tmargin-left: 0;\n\t\t\t}\n\t\t\t\/* see gallery_shortcode() in wp-includes\/media.php *\/\n\t\t<\/style>\n\t\t<div id='gallery-1' class='gallery galleryid-63645 gallery-columns-2 gallery-size-medium'><dl class='gallery-item'>\n\t\t\t<dt class='gallery-icon landscape'>\n\t\t\t\t<a href='https:\/\/www.oaxaca.gob.mx\/comunicacion\/oaxaca-se-une-a-los-16-dias-de-activismo-mundial-para-eliminar-la-violencia-de-genero\/smo-1-53\/'><img loading=\"lazy\" decoding=\"async\" width=\"300\" height=\"188\" src=\"https:\/\/www.oaxaca.gob.mx\/comunicacion\/wp-content\/uploads\/sites\/28\/2020\/11\/SMO-1-2-300x188.jpg\" class=\"attachment-medium size-medium\" alt=\"\" srcset=\"https:\/\/www.oaxaca.gob.mx\/comunicacion\/wp-content\/uploads\/sites\/28\/2020\/11\/SMO-1-2-300x188.jpg 300w, https:\/\/www.oaxaca.gob.mx\/comunicacion\/wp-content\/uploads\/sites\/28\/2020\/11\/SMO-1-2-1024x643.jpg 1024w, https:\/\/www.oaxaca.gob.mx\/comunicacion\/wp-content\/uploads\/sites\/28\/2020\/11\/SMO-1-2-768x483.jpg 768w, https:\/\/www.oaxaca.gob.mx\/comunicacion\/wp-content\/uploads\/sites\/28\/2020\/11\/SMO-1-2.jpg 1224w\" sizes=\"auto, (max-width: 300px) 100vw, 300px\" \/><\/a>\n\t\t\t<\/dt><\/dl><dl class='gallery-item'>\n\t\t\t<dt class='gallery-icon landscape'>\n\t\t\t\t<a href='https:\/\/www.oaxaca.gob.mx\/comunicacion\/oaxaca-se-une-a-los-16-dias-de-activismo-mundial-para-eliminar-la-violencia-de-genero\/smo-4-18\/'><img loading=\"lazy\" decoding=\"async\" width=\"300\" height=\"200\" src=\"https:\/\/www.oaxaca.gob.mx\/comunicacion\/wp-content\/uploads\/sites\/28\/2020\/11\/SMO-4-3-300x200.jpg\" class=\"attachment-medium size-medium\" alt=\"\" srcset=\"https:\/\/www.oaxaca.gob.mx\/comunicacion\/wp-content\/uploads\/sites\/28\/2020\/11\/SMO-4-3-300x200.jpg 300w, https:\/\/www.oaxaca.gob.mx\/comunicacion\/wp-content\/uploads\/sites\/28\/2020\/11\/SMO-4-3-768x512.jpg 768w, https:\/\/www.oaxaca.gob.mx\/comunicacion\/wp-content\/uploads\/sites\/28\/2020\/11\/SMO-4-3.jpg 1024w\" sizes=\"auto, (max-width: 300px) 100vw, 300px\" \/><\/a>\n\t\t\t<\/dt><\/dl><br style=\"clear: both\" \/><dl class='gallery-item'>\n\t\t\t<dt class='gallery-icon landscape'>\n\t\t\t\t<a href='https:\/\/www.oaxaca.gob.mx\/comunicacion\/oaxaca-se-une-a-los-16-dias-de-activismo-mundial-para-eliminar-la-violencia-de-genero\/smo-3-32\/'><img loading=\"lazy\" decoding=\"async\" width=\"300\" height=\"227\" src=\"https:\/\/www.oaxaca.gob.mx\/comunicacion\/wp-content\/uploads\/sites\/28\/2020\/11\/SMO-3-4-300x227.jpg\" class=\"attachment-medium size-medium\" alt=\"\" srcset=\"https:\/\/www.oaxaca.gob.mx\/comunicacion\/wp-content\/uploads\/sites\/28\/2020\/11\/SMO-3-4-300x227.jpg 300w, https:\/\/www.oaxaca.gob.mx\/comunicacion\/wp-content\/uploads\/sites\/28\/2020\/11\/SMO-3-4-768x582.jpg 768w, https:\/\/www.oaxaca.gob.mx\/comunicacion\/wp-content\/uploads\/sites\/28\/2020\/11\/SMO-3-4.jpg 1024w\" sizes=\"auto, (max-width: 300px) 100vw, 300px\" \/><\/a>\n\t\t\t<\/dt><\/dl><dl class='gallery-item'>\n\t\t\t<dt class='gallery-icon landscape'>\n\t\t\t\t<a href='https:\/\/www.oaxaca.gob.mx\/comunicacion\/oaxaca-se-une-a-los-16-dias-de-activismo-mundial-para-eliminar-la-violencia-de-genero\/smo-2-52\/'><img loading=\"lazy\" decoding=\"async\" width=\"300\" height=\"239\" src=\"https:\/\/www.oaxaca.gob.mx\/comunicacion\/wp-content\/uploads\/sites\/28\/2020\/11\/SMO-2-2-300x239.jpg\" class=\"attachment-medium size-medium\" alt=\"\" srcset=\"https:\/\/www.oaxaca.gob.mx\/comunicacion\/wp-content\/uploads\/sites\/28\/2020\/11\/SMO-2-2-300x239.jpg 300w, https:\/\/www.oaxaca.gob.mx\/comunicacion\/wp-content\/uploads\/sites\/28\/2020\/11\/SMO-2-2-1024x815.jpg 1024w, https:\/\/www.oaxaca.gob.mx\/comunicacion\/wp-content\/uploads\/sites\/28\/2020\/11\/SMO-2-2-768x611.jpg 768w, https:\/\/www.oaxaca.gob.mx\/comunicacion\/wp-content\/uploads\/sites\/28\/2020\/11\/SMO-2-2.jpg 1300w\" sizes=\"auto, (max-width: 300px) 100vw, 300px\" \/><\/a>\n\t\t\t<\/dt><\/dl><br style=\"clear: both\" \/>\n\t\t<\/div>\n\n<p>&nbsp;<\/p>\n<p><strong>Ciudad de M\u00e9xico. 9 de noviembre de 2020.-<\/strong> El gobierno estatal a trav\u00e9s de la Secretar\u00eda de las Mujeres de Oaxaca (SMO), se suma al programa de los 16 d\u00edas de activismo internacional contra la violencia hacia las mujeres y ni\u00f1as, durante la XLI Sesi\u00f3n Ordinaria del Sistema Nacional para Prevenir, Atender, Sancionar y Erradicar la Violencia contra las Mujeres, presidido por la secretaria de gobernaci\u00f3n (Segob) Olga S\u00e1nchez Cordero.<\/p>\n<p>Dicho Programa fue presentado por la presidenta del Instituto Nacional de las Mujeres y secretaria ejecutiva del Sistema, Nadine Gasman Zylbermann, el cual contempla acciones de coordinaci\u00f3n entre la federaci\u00f3n, las entidades federativas y los municipios, para hacer m\u00e1s eficiente la pol\u00edtica integral de combate a la violencia contra las mujeres.<\/p>\n<p>Asimismo, en dichas actividades se incluyen tres esferas de incidencia: el \u00e1mbito pol\u00edtico, la acci\u00f3n colectiva y la incorporaci\u00f3n de los medios de comunicaci\u00f3n como ente transformador. Adem\u00e1s se hizo un llamado para consolidar el <a href=\"https:\/\/twitter.com\/hashtag\/PintaM%C3%A9xicoDeNaranja?src=hashtag_click\" target=\"_blank\" rel=\"noopener noreferrer\" data-saferedirecturl=\"https:\/\/www.google.com\/url?q=https:\/\/twitter.com\/hashtag\/PintaM%25C3%25A9xicoDeNaranja?src%3Dhashtag_click&amp;source=gmail&amp;ust=1605046170128000&amp;usg=AFQjCNF1KREjzhRXpbMf9JkTZthz3P8zYw\">#PintaM\u00e9xicoDeNaranja<\/a> 2020 utilizando los espacios p\u00fablicos ilumin\u00e1ndolos de naranja para refrendar el compromiso colectivo para tomar conciencia y erradicar la violencia hacia las mujeres.<\/p>\n<p>La convocatoria para actuar durante 16 d\u00edas, que comprende del 25 de noviembre al 10 de diciembre, se genera en el marco del D\u00eda Internacional de la Eliminaci\u00f3n de la Violencia contra la Mujer, establecido en memoria del asesinato de las hermanas Patria, Minerva y Mar\u00eda Teresa Mirabal en Rep\u00fablica Dominicana por su activismo pol\u00edtico en oposici\u00f3n al gobierno del dictador Rafael Le\u00f3nidas Trujillo.<\/p>\n<p>En este sentido, la titular de la SMO, Ana V\u00e1squez Colmenares Guzm\u00e1n, ante sus homologas de todo el pa\u00eds, coincidi\u00f3 con la abogada de la naci\u00f3n en que es indispensable realizar una reestructura del pensamiento social tradicional, posible s\u00f3lo desde la reeducaci\u00f3n y la concientizaci\u00f3n de toda la sociedad, para de esta manera erradicar la violencia y junto con ella todas las pr\u00e1cticas discriminatorias.<\/p>\n<p>En dicho encuentro estuvieron presentes el subsecretario de Derechos Humanos, Poblaci\u00f3n y Migraci\u00f3n de la Segob, Alejandro Encinas Rodr\u00edguez; la titular de la Comisi\u00f3n Nacional para Prevenir y Erradicar la Violencia contra las Mujeres (Conavim), Fabiola Alan\u00eds S\u00e1mano; y la secretaria ejecutiva del Grupo Interinstitucional de Estrategias contra las Violencias hacia las mujeres, ni\u00f1as y adolescentes (GIEV), Alicia Leal Puerta.<\/p>\n<p>Participaron tambi\u00e9n el titular de la Unidad de Inteligencia Financiera, Santiago Nieto Castillo; la titular del Instituto Nacional de Desarrollo Social, Luz Beatriz Rosales Esteva; el secretario ejecutivo del Sistema Nacional de Protecci\u00f3n Integral de Ni\u00f1as, Ni\u00f1os y Adolescentes, Ricardo Bucio M\u00fajica.<\/p>\n<p>As\u00ed tambi\u00e9n la directora de Asuntos Internacionales de la Mujer de la Secretar\u00eda de Relaciones Exteriores, Geraldine Gachuz Mart\u00ednez; \u00a0la jefa de Gobierno de la Ciudad de M\u00e9xico, Claudia Sheinbaum Pardo; la presidenta de la Comisi\u00f3n Nacional de los Derechos Humanos, Rosario Piedra Ibarra y la representante de ONU-Mujeres en M\u00e9xico, Bel\u00e9n Sanz Luque.<\/p>\n<p style=\"text-align: center\">-O-<\/p>\n","protected":false},"excerpt":{"rendered":"<p>&nbsp; Ciudad de M\u00e9xico. 9 de noviembre de 2020.- El gobierno estatal a trav\u00e9s de la Secretar\u00eda de las Mujeres de Oaxaca (SMO), se suma al programa de los 16 d\u00edas de activismo internacional contra la violencia hacia las mujeres y ni\u00f1as, durante la XLI Sesi\u00f3n Ordinaria del Sistema Nacional para Prevenir, Atender, Sancionar y [&hellip;]<\/p>\n","protected":false},"author":99,"featured_media":63646,"comment_status":"open","ping_status":"open","sticky":false,"template":"","format":"standard","meta":{"episode_type":"","audio_file":"","podmotor_file_id":"","podmotor_episode_id":"","cover_image":"","cover_image_id":"","duration":"","filesize":"","filesize_raw":"","date_recorded":"","explicit":"","block":"","itunes_episode_number":"","itunes_title":"","itunes_season_number":"","itunes_episode_type":"","footnotes":""},"categories":[8],"tags":[],"class_list":["post-63645","post","type-post","status-publish","format-standard","has-post-thumbnail","hentry","category-noticias"],"acf":[],"publishpress_future_action":{"enabled":false,"date":"2026-05-08 11:21:31","action":"change-status","newStatus":"draft","terms":[],"taxonomy":"category","extraData":[]},"publishpress_future_workflow_manual_trigger":{"enabledWorkflows":[]},"_links":{"self":[{"href":"https:\/\/www.oaxaca.gob.mx\/comunicacion\/wp-json\/wp\/v2\/posts\/63645","targetHints":{"allow":["GET"]}}],"collection":[{"href":"https:\/\/www.oaxaca.gob.mx\/comunicacion\/wp-json\/wp\/v2\/posts"}],"about":[{"href":"https:\/\/www.oaxaca.gob.mx\/comunicacion\/wp-json\/wp\/v2\/types\/post"}],"author":[{"embeddable":true,"href":"https:\/\/www.oaxaca.gob.mx\/comunicacion\/wp-json\/wp\/v2\/users\/99"}],"replies":[{"embeddable":true,"href":"https:\/\/www.oaxaca.gob.mx\/comunicacion\/wp-json\/wp\/v2\/comments?post=63645"}],"version-history":[{"count":1,"href":"https:\/\/www.oaxaca.gob.mx\/comunicacion\/wp-json\/wp\/v2\/posts\/63645\/revisions"}],"predecessor-version":[{"id":63650,"href":"https:\/\/www.oaxaca.gob.mx\/comunicacion\/wp-json\/wp\/v2\/posts\/63645\/revisions\/63650"}],"wp:featuredmedia":[{"embeddable":true,"href":"https:\/\/www.oaxaca.gob.mx\/comunicacion\/wp-json\/wp\/v2\/media\/63646"}],"wp:attachment":[{"href":"https:\/\/www.oaxaca.gob.mx\/comunicacion\/wp-json\/wp\/v2\/media?parent=63645"}],"wp:term":[{"taxonomy":"category","embeddable":true,"href":"https:\/\/www.oaxaca.gob.mx\/comunicacion\/wp-json\/wp\/v2\/categories?post=63645"},{"taxonomy":"post_tag","embeddable":true,"href":"https:\/\/www.oaxaca.gob.mx\/comunicacion\/wp-json\/wp\/v2\/tags?post=63645"}],"curies":[{"name":"wp","href":"https:\/\/api.w.org\/{rel}","templated":true}]}}