{"id":63421,"date":"2020-11-04T12:30:15","date_gmt":"2020-11-04T18:30:15","guid":{"rendered":"https:\/\/www.oaxaca.gob.mx\/comunicacion\/?p=63421"},"modified":"2020-11-04T13:49:59","modified_gmt":"2020-11-04T19:49:59","slug":"invita-secretaria-de-economia-al-seminario-virtual-oportunidades-comerciales-y-de-inversion-entre-oaxaca-y-canada-2","status":"publish","type":"post","link":"https:\/\/www.oaxaca.gob.mx\/comunicacion\/invita-secretaria-de-economia-al-seminario-virtual-oportunidades-comerciales-y-de-inversion-entre-oaxaca-y-canada-2\/","title":{"rendered":"Invita Secretar\u00eda de Econom\u00eda al seminario virtual  \u201cOportunidades Comerciales y de Inversi\u00f3n entre Oaxaca y Canad\u00e1\u201d"},"content":{"rendered":"<p>&nbsp;<\/p>\n\n\t\t<style type=\"text\/css\">\n\t\t\t#gallery-1 {\n\t\t\t\tmargin: auto;\n\t\t\t}\n\t\t\t#gallery-1 .gallery-item {\n\t\t\t\tfloat: left;\n\t\t\t\tmargin-top: 10px;\n\t\t\t\ttext-align: center;\n\t\t\t\twidth: 100%;\n\t\t\t}\n\t\t\t#gallery-1 img {\n\t\t\t\tborder: 2px solid #cfcfcf;\n\t\t\t}\n\t\t\t#gallery-1 .gallery-caption {\n\t\t\t\tmargin-left: 0;\n\t\t\t}\n\t\t\t\/* see gallery_shortcode() in wp-includes\/media.php *\/\n\t\t<\/style>\n\t\t<div id='gallery-1' class='gallery galleryid-63421 gallery-columns-1 gallery-size-medium'><dl class='gallery-item'>\n\t\t\t<dt class='gallery-icon landscape'>\n\t\t\t\t<a href='https:\/\/www.oaxaca.gob.mx\/comunicacion\/sec-economia-seminario-2\/'><img loading=\"lazy\" decoding=\"async\" width=\"300\" height=\"300\" src=\"https:\/\/www.oaxaca.gob.mx\/comunicacion\/wp-content\/uploads\/sites\/28\/2020\/11\/SEC-ECONOMIA-Seminario-1-300x300.jpg\" class=\"attachment-medium size-medium\" alt=\"\" srcset=\"https:\/\/www.oaxaca.gob.mx\/comunicacion\/wp-content\/uploads\/sites\/28\/2020\/11\/SEC-ECONOMIA-Seminario-1-300x300.jpg 300w, https:\/\/www.oaxaca.gob.mx\/comunicacion\/wp-content\/uploads\/sites\/28\/2020\/11\/SEC-ECONOMIA-Seminario-1-1024x1024.jpg 1024w, https:\/\/www.oaxaca.gob.mx\/comunicacion\/wp-content\/uploads\/sites\/28\/2020\/11\/SEC-ECONOMIA-Seminario-1-150x150.jpg 150w, https:\/\/www.oaxaca.gob.mx\/comunicacion\/wp-content\/uploads\/sites\/28\/2020\/11\/SEC-ECONOMIA-Seminario-1-768x768.jpg 768w, https:\/\/www.oaxaca.gob.mx\/comunicacion\/wp-content\/uploads\/sites\/28\/2020\/11\/SEC-ECONOMIA-Seminario-1.jpg 1250w\" sizes=\"auto, (max-width: 300px) 100vw, 300px\" \/><\/a>\n\t\t\t<\/dt><\/dl><br style=\"clear: both\" \/>\n\t\t<\/div>\n\n<ul>\n<li>Con esta acci\u00f3n, el Gobierno del Estado impulsa la comercializaci\u00f3n y competitividad de las MiPyMEs de sectores estrat\u00e9gicos de Oaxaca<strong><br \/>\n<\/strong><\/li>\n<\/ul>\n<p><strong>Oaxaca de Ju\u00e1rez, Oax. 4 de noviembre de 2020.<\/strong>\u00a0La Secretar\u00eda de Econom\u00eda del Gobierno de Oaxaca, en coordinaci\u00f3n con la Embajada de M\u00e9xico en Canad\u00e1 y la Representaci\u00f3n de la Secretar\u00eda de Econom\u00eda del Gobierno de M\u00e9xico en Canad\u00e1, invitan al Seminario Virtual \u201cOportunidades Comerciales y de Inversi\u00f3n entre Oaxaca y Canad\u00e1\u201d.<\/p>\n<p>Esta actividad se lleva a cabo con el objetivo dar a conocer a empresarios, productores y comercializadores las oportunidades en materia de exportaci\u00f3n e inversi\u00f3n, y en seguimiento al Seminario \u201cVentajas del T-MEC\u201d realizado en el mes de julio.<\/p>\n<p>El seminario se realizar\u00e1 el pr\u00f3ximo lunes 9 de noviembre v\u00eda zoom a las 11:00 horas. Para participar, las y los interesados deber\u00e1n registrarse en la plataforma\u00a0<a id=\"LPlnk706886\" href=\"https:\/\/www.oaxaca.gob.mx\/se\/seminario-virtual-oportunidades-comerciales-y-de-inversion-entre-oaxaca-y-canada-2\/\" target=\"_blank\" rel=\"noopener noreferrer\" data-auth=\"NotApplicable\">https:\/\/www.oaxaca.gob.mx\/se\/seminario-virtual-oportunidades-comerciales-y-de-inversion-entre-oaxaca-y-canada-2\/<\/a>.<\/p>\n<p>Se abordar\u00e1n temas enfocados en agricultura, PyMEs, comercio electr\u00f3nico, r\u00e9gimen de inversi\u00f3n, relaciones comerciales con Oaxaca \u2013 Canad\u00e1, potencial del T-MEC para Oaxaca y oportunidades de importaci\u00f3n en Canad\u00e1.<\/p>\n<p>Con la realizaci\u00f3n de este Seminario, el Gobierno del Estado que encabeza Alejandro Murat Hinojosa busca impulsar la comercializaci\u00f3n y competitividad de las MiPyMEs de sectores estrat\u00e9gicos del estado, y con potencial de oferta exportable, enfocado en el ingreso y permanencia en el mercado canadiense.<\/p>\n<p>&nbsp;<\/p>\n","protected":false},"excerpt":{"rendered":"<p>&nbsp; Con esta acci\u00f3n, el Gobierno del Estado impulsa la comercializaci\u00f3n y competitividad de las MiPyMEs de sectores estrat\u00e9gicos de Oaxaca Oaxaca de Ju\u00e1rez, Oax. 4 de noviembre de 2020.\u00a0La Secretar\u00eda de Econom\u00eda del Gobierno de Oaxaca, en coordinaci\u00f3n con la Embajada de M\u00e9xico en Canad\u00e1 y la Representaci\u00f3n de la Secretar\u00eda de Econom\u00eda del [&hellip;]<\/p>\n","protected":false},"author":34,"featured_media":63424,"comment_status":"open","ping_status":"open","sticky":false,"template":"","format":"standard","meta":{"episode_type":"","audio_file":"","podmotor_file_id":"","podmotor_episode_id":"","cover_image":"","cover_image_id":"","duration":"","filesize":"","filesize_raw":"","date_recorded":"","explicit":"","block":"","itunes_episode_number":"","itunes_title":"","itunes_season_number":"","itunes_episode_type":"","footnotes":""},"categories":[8,1],"tags":[180],"class_list":["post-63421","post","type-post","status-publish","format-standard","has-post-thumbnail","hentry","category-noticias","category-sin-categoria","tag-economia"],"acf":[],"publishpress_future_action":{"enabled":false,"date":"2026-05-05 11:38:09","action":"change-status","newStatus":"draft","terms":[],"taxonomy":"category","extraData":[]},"publishpress_future_workflow_manual_trigger":{"enabledWorkflows":[]},"_links":{"self":[{"href":"https:\/\/www.oaxaca.gob.mx\/comunicacion\/wp-json\/wp\/v2\/posts\/63421","targetHints":{"allow":["GET"]}}],"collection":[{"href":"https:\/\/www.oaxaca.gob.mx\/comunicacion\/wp-json\/wp\/v2\/posts"}],"about":[{"href":"https:\/\/www.oaxaca.gob.mx\/comunicacion\/wp-json\/wp\/v2\/types\/post"}],"author":[{"embeddable":true,"href":"https:\/\/www.oaxaca.gob.mx\/comunicacion\/wp-json\/wp\/v2\/users\/34"}],"replies":[{"embeddable":true,"href":"https:\/\/www.oaxaca.gob.mx\/comunicacion\/wp-json\/wp\/v2\/comments?post=63421"}],"version-history":[{"count":1,"href":"https:\/\/www.oaxaca.gob.mx\/comunicacion\/wp-json\/wp\/v2\/posts\/63421\/revisions"}],"predecessor-version":[{"id":63436,"href":"https:\/\/www.oaxaca.gob.mx\/comunicacion\/wp-json\/wp\/v2\/posts\/63421\/revisions\/63436"}],"wp:featuredmedia":[{"embeddable":true,"href":"https:\/\/www.oaxaca.gob.mx\/comunicacion\/wp-json\/wp\/v2\/media\/63424"}],"wp:attachment":[{"href":"https:\/\/www.oaxaca.gob.mx\/comunicacion\/wp-json\/wp\/v2\/media?parent=63421"}],"wp:term":[{"taxonomy":"category","embeddable":true,"href":"https:\/\/www.oaxaca.gob.mx\/comunicacion\/wp-json\/wp\/v2\/categories?post=63421"},{"taxonomy":"post_tag","embeddable":true,"href":"https:\/\/www.oaxaca.gob.mx\/comunicacion\/wp-json\/wp\/v2\/tags?post=63421"}],"curies":[{"name":"wp","href":"https:\/\/api.w.org\/{rel}","templated":true}]}}