{"id":62844,"date":"2020-10-26T09:44:13","date_gmt":"2020-10-26T15:44:13","guid":{"rendered":"https:\/\/www.oaxaca.gob.mx\/comunicacion\/?p=62844"},"modified":"2020-10-26T14:08:56","modified_gmt":"2020-10-26T20:08:56","slug":"trasladan-a-poblacion-penitenciaria-de-santa-maria-ixcotel-a-tanivet-sspo","status":"publish","type":"post","link":"https:\/\/www.oaxaca.gob.mx\/comunicacion\/trasladan-a-poblacion-penitenciaria-de-santa-maria-ixcotel-a-tanivet-sspo\/","title":{"rendered":"Trasladan a poblaci\u00f3n penitenciaria de Santa Mar\u00eda Ixcotel a Tanivet: SSPO"},"content":{"rendered":"\n\t\t<style type=\"text\/css\">\n\t\t\t#gallery-1 {\n\t\t\t\tmargin: auto;\n\t\t\t}\n\t\t\t#gallery-1 .gallery-item {\n\t\t\t\tfloat: left;\n\t\t\t\tmargin-top: 10px;\n\t\t\t\ttext-align: center;\n\t\t\t\twidth: 33%;\n\t\t\t}\n\t\t\t#gallery-1 img {\n\t\t\t\tborder: 2px solid #cfcfcf;\n\t\t\t}\n\t\t\t#gallery-1 .gallery-caption {\n\t\t\t\tmargin-left: 0;\n\t\t\t}\n\t\t\t\/* see gallery_shortcode() in wp-includes\/media.php *\/\n\t\t<\/style>\n\t\t<div id='gallery-1' class='gallery galleryid-62844 gallery-columns-3 gallery-size-medium'><dl class='gallery-item'>\n\t\t\t<dt class='gallery-icon landscape'>\n\t\t\t\t<a href='https:\/\/www.oaxaca.gob.mx\/comunicacion\/trasladan-a-poblacion-penitenciaria-de-santa-maria-ixcotel-a-tanivet-sspo\/sspo-05-3\/'><img loading=\"lazy\" decoding=\"async\" width=\"300\" height=\"200\" src=\"https:\/\/www.oaxaca.gob.mx\/comunicacion\/wp-content\/uploads\/sites\/28\/2020\/10\/SSPO-05-300x200.jpg\" class=\"attachment-medium size-medium\" alt=\"\" srcset=\"https:\/\/www.oaxaca.gob.mx\/comunicacion\/wp-content\/uploads\/sites\/28\/2020\/10\/SSPO-05-300x200.jpg 300w, https:\/\/www.oaxaca.gob.mx\/comunicacion\/wp-content\/uploads\/sites\/28\/2020\/10\/SSPO-05-768x512.jpg 768w, https:\/\/www.oaxaca.gob.mx\/comunicacion\/wp-content\/uploads\/sites\/28\/2020\/10\/SSPO-05.jpg 1024w\" sizes=\"auto, (max-width: 300px) 100vw, 300px\" \/><\/a>\n\t\t\t<\/dt><\/dl><dl class='gallery-item'>\n\t\t\t<dt class='gallery-icon landscape'>\n\t\t\t\t<a href='https:\/\/www.oaxaca.gob.mx\/comunicacion\/trasladan-a-poblacion-penitenciaria-de-santa-maria-ixcotel-a-tanivet-sspo\/sspo-01-24\/'><img loading=\"lazy\" decoding=\"async\" width=\"300\" height=\"200\" src=\"https:\/\/www.oaxaca.gob.mx\/comunicacion\/wp-content\/uploads\/sites\/28\/2020\/10\/SSPO-01-300x200.jpg\" class=\"attachment-medium size-medium\" alt=\"\" srcset=\"https:\/\/www.oaxaca.gob.mx\/comunicacion\/wp-content\/uploads\/sites\/28\/2020\/10\/SSPO-01-300x200.jpg 300w, https:\/\/www.oaxaca.gob.mx\/comunicacion\/wp-content\/uploads\/sites\/28\/2020\/10\/SSPO-01-768x512.jpg 768w, https:\/\/www.oaxaca.gob.mx\/comunicacion\/wp-content\/uploads\/sites\/28\/2020\/10\/SSPO-01.jpg 1024w\" sizes=\"auto, (max-width: 300px) 100vw, 300px\" \/><\/a>\n\t\t\t<\/dt><\/dl><dl class='gallery-item'>\n\t\t\t<dt class='gallery-icon landscape'>\n\t\t\t\t<a href='https:\/\/www.oaxaca.gob.mx\/comunicacion\/trasladan-a-poblacion-penitenciaria-de-santa-maria-ixcotel-a-tanivet-sspo\/sspo-02-24\/'><img loading=\"lazy\" decoding=\"async\" width=\"300\" height=\"200\" src=\"https:\/\/www.oaxaca.gob.mx\/comunicacion\/wp-content\/uploads\/sites\/28\/2020\/10\/SSPO-02-300x200.jpg\" class=\"attachment-medium size-medium\" alt=\"\" srcset=\"https:\/\/www.oaxaca.gob.mx\/comunicacion\/wp-content\/uploads\/sites\/28\/2020\/10\/SSPO-02-300x200.jpg 300w, https:\/\/www.oaxaca.gob.mx\/comunicacion\/wp-content\/uploads\/sites\/28\/2020\/10\/SSPO-02-768x512.jpg 768w, https:\/\/www.oaxaca.gob.mx\/comunicacion\/wp-content\/uploads\/sites\/28\/2020\/10\/SSPO-02.jpg 1024w\" sizes=\"auto, (max-width: 300px) 100vw, 300px\" \/><\/a>\n\t\t\t<\/dt><\/dl><br style=\"clear: both\" \/><dl class='gallery-item'>\n\t\t\t<dt class='gallery-icon landscape'>\n\t\t\t\t<a href='https:\/\/www.oaxaca.gob.mx\/comunicacion\/trasladan-a-poblacion-penitenciaria-de-santa-maria-ixcotel-a-tanivet-sspo\/sspo-03-10\/'><img loading=\"lazy\" decoding=\"async\" width=\"300\" height=\"200\" src=\"https:\/\/www.oaxaca.gob.mx\/comunicacion\/wp-content\/uploads\/sites\/28\/2020\/10\/SSPO-03-300x200.jpg\" class=\"attachment-medium size-medium\" alt=\"\" srcset=\"https:\/\/www.oaxaca.gob.mx\/comunicacion\/wp-content\/uploads\/sites\/28\/2020\/10\/SSPO-03-300x200.jpg 300w, https:\/\/www.oaxaca.gob.mx\/comunicacion\/wp-content\/uploads\/sites\/28\/2020\/10\/SSPO-03-768x512.jpg 768w, https:\/\/www.oaxaca.gob.mx\/comunicacion\/wp-content\/uploads\/sites\/28\/2020\/10\/SSPO-03.jpg 1024w\" sizes=\"auto, (max-width: 300px) 100vw, 300px\" \/><\/a>\n\t\t\t<\/dt><\/dl><dl class='gallery-item'>\n\t\t\t<dt class='gallery-icon landscape'>\n\t\t\t\t<a href='https:\/\/www.oaxaca.gob.mx\/comunicacion\/trasladan-a-poblacion-penitenciaria-de-santa-maria-ixcotel-a-tanivet-sspo\/sspo-04-6\/'><img loading=\"lazy\" decoding=\"async\" width=\"300\" height=\"200\" src=\"https:\/\/www.oaxaca.gob.mx\/comunicacion\/wp-content\/uploads\/sites\/28\/2020\/10\/SSPO-04-300x200.jpg\" class=\"attachment-medium size-medium\" alt=\"\" srcset=\"https:\/\/www.oaxaca.gob.mx\/comunicacion\/wp-content\/uploads\/sites\/28\/2020\/10\/SSPO-04-300x200.jpg 300w, https:\/\/www.oaxaca.gob.mx\/comunicacion\/wp-content\/uploads\/sites\/28\/2020\/10\/SSPO-04-768x512.jpg 768w, https:\/\/www.oaxaca.gob.mx\/comunicacion\/wp-content\/uploads\/sites\/28\/2020\/10\/SSPO-04.jpg 1024w\" sizes=\"auto, (max-width: 300px) 100vw, 300px\" \/><\/a>\n\t\t\t<\/dt><\/dl>\n\t\t\t<br style='clear: both' \/>\n\t\t<\/div>\n\n<p><strong>Santa Mar\u00eda Ixcotel, Oax. 26 de octubre de 2020.<\/strong>\u00a0La Secretar\u00eda de Seguridad P\u00fablica de Oaxaca (SSPO), a trav\u00e9s de la Subsecretar\u00eda de Prevenci\u00f3n y Reinserci\u00f3n Social, y en coordinaci\u00f3n con la Secretar\u00eda de la Defensa Nacional (Sedena) y la Guardia Nacional (GN), realiz\u00f3 el cierre definitivo del Centro Penitenciario de Santa Mar\u00eda, Ixcotel.<\/p>\n<p>Por tal motivo, fueron trasladas 906 Personas Privadas de Libertad (PPL); es decir, 806 al Centro Penitenciario ubicado en San Francisco, Tanivet; 50 PPL al de Miahuatl\u00e1n de Porfirio D\u00edaz y 50 PPL al Centro Penitenciario de la Villa de Etla.<\/p>\n<p>Lo anterior, en atenci\u00f3n a los dict\u00e1menes de protecci\u00f3n civil, derivados de los da\u00f1os estructurales que el inmueble ubicado en Santa Mar\u00eda Ixcotel presenta, y con el objetivo de garantizar las condiciones de seguridad y salubridad necesarias; as\u00ed como, para lograr una efectiva reinserci\u00f3n social.<\/p>\n<p>Cabe destacar el apoyo del Comandante de la Octava Regi\u00f3n Militar de Oaxaca, General de Divisi\u00f3n Juan Arturo Cordero G\u00f3mez, para llevar a cabo con \u00e9xito esta acci\u00f3n.<\/p>\n<p>Dicho traslado fue realizado en apego al procedimiento penal, en estricto respeto a los Derechos Humanos y sin incidencia alguna, en un ambiente de orden y paz.<\/p>\n<p>Con ello, la SSPO contin\u00faa implementando acciones en resguardo de la seguridad de las PPL, de sus familiares y del personal penitenciario.<\/p>\n","protected":false},"excerpt":{"rendered":"<p>Santa Mar\u00eda Ixcotel, Oax. 26 de octubre de 2020.\u00a0La Secretar\u00eda de Seguridad P\u00fablica de Oaxaca (SSPO), a trav\u00e9s de la Subsecretar\u00eda de Prevenci\u00f3n y Reinserci\u00f3n Social, y en coordinaci\u00f3n con la Secretar\u00eda de la Defensa Nacional (Sedena) y la Guardia Nacional (GN), realiz\u00f3 el cierre definitivo del Centro Penitenciario de Santa Mar\u00eda, Ixcotel. Por tal [&hellip;]<\/p>\n","protected":false},"author":34,"featured_media":62846,"comment_status":"open","ping_status":"open","sticky":false,"template":"","format":"standard","meta":{"episode_type":"","audio_file":"","podmotor_file_id":"","podmotor_episode_id":"","cover_image":"","cover_image_id":"","duration":"","filesize":"","filesize_raw":"","date_recorded":"","explicit":"","block":"","itunes_episode_number":"","itunes_title":"","itunes_season_number":"","itunes_episode_type":"","footnotes":""},"categories":[8],"tags":[421],"class_list":["post-62844","post","type-post","status-publish","format-standard","has-post-thumbnail","hentry","category-noticias","tag-sspo"],"acf":[],"publishpress_future_action":{"enabled":false,"date":"2026-05-08 11:14:29","action":"change-status","newStatus":"draft","terms":[],"taxonomy":"category","extraData":[]},"publishpress_future_workflow_manual_trigger":{"enabledWorkflows":[]},"_links":{"self":[{"href":"https:\/\/www.oaxaca.gob.mx\/comunicacion\/wp-json\/wp\/v2\/posts\/62844","targetHints":{"allow":["GET"]}}],"collection":[{"href":"https:\/\/www.oaxaca.gob.mx\/comunicacion\/wp-json\/wp\/v2\/posts"}],"about":[{"href":"https:\/\/www.oaxaca.gob.mx\/comunicacion\/wp-json\/wp\/v2\/types\/post"}],"author":[{"embeddable":true,"href":"https:\/\/www.oaxaca.gob.mx\/comunicacion\/wp-json\/wp\/v2\/users\/34"}],"replies":[{"embeddable":true,"href":"https:\/\/www.oaxaca.gob.mx\/comunicacion\/wp-json\/wp\/v2\/comments?post=62844"}],"version-history":[{"count":1,"href":"https:\/\/www.oaxaca.gob.mx\/comunicacion\/wp-json\/wp\/v2\/posts\/62844\/revisions"}],"predecessor-version":[{"id":62850,"href":"https:\/\/www.oaxaca.gob.mx\/comunicacion\/wp-json\/wp\/v2\/posts\/62844\/revisions\/62850"}],"wp:featuredmedia":[{"embeddable":true,"href":"https:\/\/www.oaxaca.gob.mx\/comunicacion\/wp-json\/wp\/v2\/media\/62846"}],"wp:attachment":[{"href":"https:\/\/www.oaxaca.gob.mx\/comunicacion\/wp-json\/wp\/v2\/media?parent=62844"}],"wp:term":[{"taxonomy":"category","embeddable":true,"href":"https:\/\/www.oaxaca.gob.mx\/comunicacion\/wp-json\/wp\/v2\/categories?post=62844"},{"taxonomy":"post_tag","embeddable":true,"href":"https:\/\/www.oaxaca.gob.mx\/comunicacion\/wp-json\/wp\/v2\/tags?post=62844"}],"curies":[{"name":"wp","href":"https:\/\/api.w.org\/{rel}","templated":true}]}}