{"id":62702,"date":"2020-10-22T12:34:40","date_gmt":"2020-10-22T17:34:40","guid":{"rendered":"https:\/\/www.oaxaca.gob.mx\/comunicacion\/?p=62702"},"modified":"2020-10-22T14:06:51","modified_gmt":"2020-10-22T19:06:51","slug":"pueblo-afromexicano-parte-de-la-grandeza-de-oaxaca-sepia","status":"publish","type":"post","link":"https:\/\/www.oaxaca.gob.mx\/comunicacion\/pueblo-afromexicano-parte-de-la-grandeza-de-oaxaca-sepia\/","title":{"rendered":"Pueblo afromexicano, parte de la grandeza de Oaxaca: Sepia"},"content":{"rendered":"\n\t\t<style type=\"text\/css\">\n\t\t\t#gallery-1 {\n\t\t\t\tmargin: auto;\n\t\t\t}\n\t\t\t#gallery-1 .gallery-item {\n\t\t\t\tfloat: left;\n\t\t\t\tmargin-top: 10px;\n\t\t\t\ttext-align: center;\n\t\t\t\twidth: 100%;\n\t\t\t}\n\t\t\t#gallery-1 img {\n\t\t\t\tborder: 2px solid #cfcfcf;\n\t\t\t}\n\t\t\t#gallery-1 .gallery-caption {\n\t\t\t\tmargin-left: 0;\n\t\t\t}\n\t\t\t\/* see gallery_shortcode() in wp-includes\/media.php *\/\n\t\t<\/style>\n\t\t<div id='gallery-1' class='gallery galleryid-62702 gallery-columns-1 gallery-size-medium'><dl class='gallery-item'>\n\t\t\t<dt class='gallery-icon landscape'>\n\t\t\t\t<a href='https:\/\/www.oaxaca.gob.mx\/comunicacion\/pueblo-afromexicano-parte-de-la-grandeza-de-oaxaca-sepia\/sepia-1-20\/'><img loading=\"lazy\" decoding=\"async\" width=\"300\" height=\"179\" src=\"https:\/\/www.oaxaca.gob.mx\/comunicacion\/wp-content\/uploads\/sites\/28\/2020\/10\/SEPIA-1-300x179.png\" class=\"attachment-medium size-medium\" alt=\"\" srcset=\"https:\/\/www.oaxaca.gob.mx\/comunicacion\/wp-content\/uploads\/sites\/28\/2020\/10\/SEPIA-1-300x179.png 300w, https:\/\/www.oaxaca.gob.mx\/comunicacion\/wp-content\/uploads\/sites\/28\/2020\/10\/SEPIA-1-768x459.png 768w, https:\/\/www.oaxaca.gob.mx\/comunicacion\/wp-content\/uploads\/sites\/28\/2020\/10\/SEPIA-1.png 960w\" sizes=\"auto, (max-width: 300px) 100vw, 300px\" \/><\/a>\n\t\t\t<\/dt><\/dl><br style=\"clear: both\" \/>\n\t\t<\/div>\n\n<ul>\n<li>Con los programas \u201cSemillas de Talento\u201d, \u201cMujeres del Ma\u00edz\u201d, \u201cFondo Semilla\u201d, \u201cVentanas del Conocimiento\u201d y \u201cMujeres Familia\u201d se brinda atenci\u00f3n a este grupo de oaxaque\u00f1as y oaxaque\u00f1os<\/li>\n<\/ul>\n<p><strong>Tlalixtac de Cabrera, Oax. 22 de octubre de 2020.-<\/strong>\u00a0En Oaxaca, la fuerza de la identidad cultural agrupa a 2.6 millones de oaxaque\u00f1as y oaxaque\u00f1os auto reconocidos como ind\u00edgenas y m\u00e1s de 196 mil como miembros del pueblo afromexicano; por ello la administraci\u00f3n que encabeza el gobernador Alejandro Murat Hinojosa, trabaja para reconocer y dar atenci\u00f3n por primera vez a las y los oaxaque\u00f1os con ascendencia africana.<\/p>\n<p>Desde la Secretar\u00eda de Pueblos Ind\u00edgenas y Afromexicano (Sepia), a cargo de Eufrosina Cruz Mendoza, se impulsa el reconocimiento, respeto e inclusi\u00f3n a favor de los pueblos originarios de la entidad, poniendo en marcha diversos programas con una atenci\u00f3n espec\u00edfica hacia estos grupos \u00e9tnicos.<\/p>\n<p>Con los programas \u201cSemillas de Talento\u201d, \u201cMujeres del Ma\u00edz\u201d, \u201cFondo Semilla\u201d, \u201cVentanas del Conocimiento\u201d y \u201cMujeres Familia\u201d se brinda atenci\u00f3n a ni\u00f1as, ni\u00f1os, j\u00f3venes, mujeres y hombres afromexicanos; por su parte junto a la Fundaci\u00f3n Devlyn, se realizan ex\u00e1menes oft\u00e1lmicos y se hace entrega de lentes de forma gratuita.<\/p>\n<p>As\u00ed tambi\u00e9n como resultado del trabajo coordinado con la Comisi\u00f3n Nacional del Agua (Conagua), se llevan a cabo proyectos para la realizaci\u00f3n de sistemas de agua potable y saneamiento en agencias, comunidades y municipios afromexicanos.<\/p>\n<p>\u201cEn Oaxaca habitan m\u00e1s de 196 mil afromexicanas y afromexicanos, con los que estamos trabajando por un reconocimiento diferenciado, abriendo paso a la participaci\u00f3n e inclusi\u00f3n, pero sobre todo a la visibilidad de este pueblo que alberga parte de nuestra historia como oaxaque\u00f1os\u201d puntualiz\u00f3 Cruz Mendoza.<\/p>\n<p>Se\u00f1al\u00f3 que desde la Sepia se tiene claro que el rostro de Oaxaca, su presente y su futuro; est\u00e1n determinados por el bienestar social, la salvaguarda de sus expresiones culturales, el acceso a la justicia y el desarrollo productivo de los pueblos originarios.<\/p>\n","protected":false},"excerpt":{"rendered":"<p>Con los programas \u201cSemillas de Talento\u201d, \u201cMujeres del Ma\u00edz\u201d, \u201cFondo Semilla\u201d, \u201cVentanas del Conocimiento\u201d y \u201cMujeres Familia\u201d se brinda atenci\u00f3n a este grupo de oaxaque\u00f1as y oaxaque\u00f1os Tlalixtac de Cabrera, Oax. 22 de octubre de 2020.-\u00a0En Oaxaca, la fuerza de la identidad cultural agrupa a 2.6 millones de oaxaque\u00f1as y oaxaque\u00f1os auto reconocidos como ind\u00edgenas [&hellip;]<\/p>\n","protected":false},"author":34,"featured_media":62703,"comment_status":"open","ping_status":"open","sticky":false,"template":"","format":"standard","meta":{"episode_type":"","audio_file":"","podmotor_file_id":"","podmotor_episode_id":"","cover_image":"","cover_image_id":"","duration":"","filesize":"","filesize_raw":"","date_recorded":"","explicit":"","block":"","itunes_episode_number":"","itunes_title":"","itunes_season_number":"","itunes_episode_type":"","footnotes":""},"categories":[8],"tags":[479],"class_list":["post-62702","post","type-post","status-publish","format-standard","has-post-thumbnail","hentry","category-noticias","tag-sepia"],"acf":[],"publishpress_future_action":{"enabled":false,"date":"2026-05-05 10:59:08","action":"change-status","newStatus":"draft","terms":[],"taxonomy":"category","extraData":[]},"publishpress_future_workflow_manual_trigger":{"enabledWorkflows":[]},"_links":{"self":[{"href":"https:\/\/www.oaxaca.gob.mx\/comunicacion\/wp-json\/wp\/v2\/posts\/62702","targetHints":{"allow":["GET"]}}],"collection":[{"href":"https:\/\/www.oaxaca.gob.mx\/comunicacion\/wp-json\/wp\/v2\/posts"}],"about":[{"href":"https:\/\/www.oaxaca.gob.mx\/comunicacion\/wp-json\/wp\/v2\/types\/post"}],"author":[{"embeddable":true,"href":"https:\/\/www.oaxaca.gob.mx\/comunicacion\/wp-json\/wp\/v2\/users\/34"}],"replies":[{"embeddable":true,"href":"https:\/\/www.oaxaca.gob.mx\/comunicacion\/wp-json\/wp\/v2\/comments?post=62702"}],"version-history":[{"count":1,"href":"https:\/\/www.oaxaca.gob.mx\/comunicacion\/wp-json\/wp\/v2\/posts\/62702\/revisions"}],"predecessor-version":[{"id":62704,"href":"https:\/\/www.oaxaca.gob.mx\/comunicacion\/wp-json\/wp\/v2\/posts\/62702\/revisions\/62704"}],"wp:featuredmedia":[{"embeddable":true,"href":"https:\/\/www.oaxaca.gob.mx\/comunicacion\/wp-json\/wp\/v2\/media\/62703"}],"wp:attachment":[{"href":"https:\/\/www.oaxaca.gob.mx\/comunicacion\/wp-json\/wp\/v2\/media?parent=62702"}],"wp:term":[{"taxonomy":"category","embeddable":true,"href":"https:\/\/www.oaxaca.gob.mx\/comunicacion\/wp-json\/wp\/v2\/categories?post=62702"},{"taxonomy":"post_tag","embeddable":true,"href":"https:\/\/www.oaxaca.gob.mx\/comunicacion\/wp-json\/wp\/v2\/tags?post=62702"}],"curies":[{"name":"wp","href":"https:\/\/api.w.org\/{rel}","templated":true}]}}