{"id":62581,"date":"2020-10-20T17:56:17","date_gmt":"2020-10-20T22:56:17","guid":{"rendered":"https:\/\/www.oaxaca.gob.mx\/comunicacion\/?p=62581"},"modified":"2020-10-20T17:56:17","modified_gmt":"2020-10-20T22:56:17","slug":"reafirma-alejandro-murat-compromiso-del-gobierno-de-oaxaca-para-el-desarrollo-de-la-cuenca","status":"publish","type":"post","link":"https:\/\/www.oaxaca.gob.mx\/comunicacion\/reafirma-alejandro-murat-compromiso-del-gobierno-de-oaxaca-para-el-desarrollo-de-la-cuenca\/","title":{"rendered":"Reafirma Alejandro Murat compromiso del Gobierno de Oaxaca para el desarrollo de la Cuenca"},"content":{"rendered":"\n\t\t<style type=\"text\/css\">\n\t\t\t#gallery-1 {\n\t\t\t\tmargin: auto;\n\t\t\t}\n\t\t\t#gallery-1 .gallery-item {\n\t\t\t\tfloat: left;\n\t\t\t\tmargin-top: 10px;\n\t\t\t\ttext-align: center;\n\t\t\t\twidth: 33%;\n\t\t\t}\n\t\t\t#gallery-1 img {\n\t\t\t\tborder: 2px solid #cfcfcf;\n\t\t\t}\n\t\t\t#gallery-1 .gallery-caption {\n\t\t\t\tmargin-left: 0;\n\t\t\t}\n\t\t\t\/* see gallery_shortcode() in wp-includes\/media.php *\/\n\t\t<\/style>\n\t\t<div id='gallery-1' class='gallery galleryid-62581 gallery-columns-3 gallery-size-medium'><dl class='gallery-item'>\n\t\t\t<dt class='gallery-icon landscape'>\n\t\t\t\t<a href='https:\/\/www.oaxaca.gob.mx\/comunicacion\/reafirma-alejandro-murat-compromiso-del-gobierno-de-oaxaca-para-el-desarrollo-de-la-cuenca\/amh-1-56\/'><img loading=\"lazy\" decoding=\"async\" width=\"300\" height=\"200\" src=\"https:\/\/www.oaxaca.gob.mx\/comunicacion\/wp-content\/uploads\/sites\/28\/2020\/10\/AMH-1-6-300x200.jpeg\" class=\"attachment-medium size-medium\" alt=\"\" srcset=\"https:\/\/www.oaxaca.gob.mx\/comunicacion\/wp-content\/uploads\/sites\/28\/2020\/10\/AMH-1-6-300x200.jpeg 300w, https:\/\/www.oaxaca.gob.mx\/comunicacion\/wp-content\/uploads\/sites\/28\/2020\/10\/AMH-1-6-1024x682.jpeg 1024w, https:\/\/www.oaxaca.gob.mx\/comunicacion\/wp-content\/uploads\/sites\/28\/2020\/10\/AMH-1-6-768x512.jpeg 768w, https:\/\/www.oaxaca.gob.mx\/comunicacion\/wp-content\/uploads\/sites\/28\/2020\/10\/AMH-1-6.jpeg 1280w\" sizes=\"auto, (max-width: 300px) 100vw, 300px\" \/><\/a>\n\t\t\t<\/dt><\/dl><dl class='gallery-item'>\n\t\t\t<dt class='gallery-icon landscape'>\n\t\t\t\t<a href='https:\/\/www.oaxaca.gob.mx\/comunicacion\/reafirma-alejandro-murat-compromiso-del-gobierno-de-oaxaca-para-el-desarrollo-de-la-cuenca\/amh-16-7\/'><img loading=\"lazy\" decoding=\"async\" width=\"300\" height=\"200\" src=\"https:\/\/www.oaxaca.gob.mx\/comunicacion\/wp-content\/uploads\/sites\/28\/2020\/10\/AMH-16-300x200.jpeg\" class=\"attachment-medium size-medium\" alt=\"\" srcset=\"https:\/\/www.oaxaca.gob.mx\/comunicacion\/wp-content\/uploads\/sites\/28\/2020\/10\/AMH-16-300x200.jpeg 300w, https:\/\/www.oaxaca.gob.mx\/comunicacion\/wp-content\/uploads\/sites\/28\/2020\/10\/AMH-16-1024x682.jpeg 1024w, https:\/\/www.oaxaca.gob.mx\/comunicacion\/wp-content\/uploads\/sites\/28\/2020\/10\/AMH-16-768x512.jpeg 768w, https:\/\/www.oaxaca.gob.mx\/comunicacion\/wp-content\/uploads\/sites\/28\/2020\/10\/AMH-16.jpeg 1280w\" sizes=\"auto, (max-width: 300px) 100vw, 300px\" \/><\/a>\n\t\t\t<\/dt><\/dl><dl class='gallery-item'>\n\t\t\t<dt class='gallery-icon landscape'>\n\t\t\t\t<a href='https:\/\/www.oaxaca.gob.mx\/comunicacion\/reafirma-alejandro-murat-compromiso-del-gobierno-de-oaxaca-para-el-desarrollo-de-la-cuenca\/amh-15-11\/'><img loading=\"lazy\" decoding=\"async\" width=\"300\" height=\"200\" src=\"https:\/\/www.oaxaca.gob.mx\/comunicacion\/wp-content\/uploads\/sites\/28\/2020\/10\/AMH-15-300x200.jpeg\" class=\"attachment-medium size-medium\" alt=\"\" srcset=\"https:\/\/www.oaxaca.gob.mx\/comunicacion\/wp-content\/uploads\/sites\/28\/2020\/10\/AMH-15-300x200.jpeg 300w, https:\/\/www.oaxaca.gob.mx\/comunicacion\/wp-content\/uploads\/sites\/28\/2020\/10\/AMH-15-1024x682.jpeg 1024w, https:\/\/www.oaxaca.gob.mx\/comunicacion\/wp-content\/uploads\/sites\/28\/2020\/10\/AMH-15-768x512.jpeg 768w, https:\/\/www.oaxaca.gob.mx\/comunicacion\/wp-content\/uploads\/sites\/28\/2020\/10\/AMH-15.jpeg 1280w\" sizes=\"auto, (max-width: 300px) 100vw, 300px\" \/><\/a>\n\t\t\t<\/dt><\/dl><br style=\"clear: both\" \/><dl class='gallery-item'>\n\t\t\t<dt class='gallery-icon landscape'>\n\t\t\t\t<a href='https:\/\/www.oaxaca.gob.mx\/comunicacion\/reafirma-alejandro-murat-compromiso-del-gobierno-de-oaxaca-para-el-desarrollo-de-la-cuenca\/amh-14-19\/'><img loading=\"lazy\" decoding=\"async\" width=\"300\" height=\"200\" src=\"https:\/\/www.oaxaca.gob.mx\/comunicacion\/wp-content\/uploads\/sites\/28\/2020\/10\/AMH-14-300x200.jpeg\" class=\"attachment-medium size-medium\" alt=\"\" srcset=\"https:\/\/www.oaxaca.gob.mx\/comunicacion\/wp-content\/uploads\/sites\/28\/2020\/10\/AMH-14-300x200.jpeg 300w, https:\/\/www.oaxaca.gob.mx\/comunicacion\/wp-content\/uploads\/sites\/28\/2020\/10\/AMH-14-1024x682.jpeg 1024w, https:\/\/www.oaxaca.gob.mx\/comunicacion\/wp-content\/uploads\/sites\/28\/2020\/10\/AMH-14-768x512.jpeg 768w, https:\/\/www.oaxaca.gob.mx\/comunicacion\/wp-content\/uploads\/sites\/28\/2020\/10\/AMH-14.jpeg 1280w\" sizes=\"auto, (max-width: 300px) 100vw, 300px\" \/><\/a>\n\t\t\t<\/dt><\/dl><dl class='gallery-item'>\n\t\t\t<dt class='gallery-icon landscape'>\n\t\t\t\t<a href='https:\/\/www.oaxaca.gob.mx\/comunicacion\/reafirma-alejandro-murat-compromiso-del-gobierno-de-oaxaca-para-el-desarrollo-de-la-cuenca\/amh-13-17\/'><img loading=\"lazy\" decoding=\"async\" width=\"300\" height=\"200\" src=\"https:\/\/www.oaxaca.gob.mx\/comunicacion\/wp-content\/uploads\/sites\/28\/2020\/10\/AMH-13-300x200.jpeg\" class=\"attachment-medium size-medium\" alt=\"\" srcset=\"https:\/\/www.oaxaca.gob.mx\/comunicacion\/wp-content\/uploads\/sites\/28\/2020\/10\/AMH-13-300x200.jpeg 300w, https:\/\/www.oaxaca.gob.mx\/comunicacion\/wp-content\/uploads\/sites\/28\/2020\/10\/AMH-13-1024x682.jpeg 1024w, https:\/\/www.oaxaca.gob.mx\/comunicacion\/wp-content\/uploads\/sites\/28\/2020\/10\/AMH-13-768x512.jpeg 768w, https:\/\/www.oaxaca.gob.mx\/comunicacion\/wp-content\/uploads\/sites\/28\/2020\/10\/AMH-13.jpeg 1280w\" sizes=\"auto, (max-width: 300px) 100vw, 300px\" \/><\/a>\n\t\t\t<\/dt><\/dl><dl class='gallery-item'>\n\t\t\t<dt class='gallery-icon landscape'>\n\t\t\t\t<a href='https:\/\/www.oaxaca.gob.mx\/comunicacion\/reafirma-alejandro-murat-compromiso-del-gobierno-de-oaxaca-para-el-desarrollo-de-la-cuenca\/amh-12-22\/'><img loading=\"lazy\" decoding=\"async\" width=\"300\" height=\"200\" src=\"https:\/\/www.oaxaca.gob.mx\/comunicacion\/wp-content\/uploads\/sites\/28\/2020\/10\/AMH-12-300x200.jpeg\" class=\"attachment-medium size-medium\" alt=\"\" srcset=\"https:\/\/www.oaxaca.gob.mx\/comunicacion\/wp-content\/uploads\/sites\/28\/2020\/10\/AMH-12-300x200.jpeg 300w, https:\/\/www.oaxaca.gob.mx\/comunicacion\/wp-content\/uploads\/sites\/28\/2020\/10\/AMH-12-1024x682.jpeg 1024w, https:\/\/www.oaxaca.gob.mx\/comunicacion\/wp-content\/uploads\/sites\/28\/2020\/10\/AMH-12-768x512.jpeg 768w, https:\/\/www.oaxaca.gob.mx\/comunicacion\/wp-content\/uploads\/sites\/28\/2020\/10\/AMH-12.jpeg 1280w\" sizes=\"auto, (max-width: 300px) 100vw, 300px\" \/><\/a>\n\t\t\t<\/dt><\/dl><br style=\"clear: both\" \/><dl class='gallery-item'>\n\t\t\t<dt class='gallery-icon landscape'>\n\t\t\t\t<a href='https:\/\/www.oaxaca.gob.mx\/comunicacion\/reafirma-alejandro-murat-compromiso-del-gobierno-de-oaxaca-para-el-desarrollo-de-la-cuenca\/amh-11-31\/'><img loading=\"lazy\" decoding=\"async\" width=\"300\" height=\"200\" src=\"https:\/\/www.oaxaca.gob.mx\/comunicacion\/wp-content\/uploads\/sites\/28\/2020\/10\/AMH-11-300x200.jpeg\" class=\"attachment-medium size-medium\" alt=\"\" srcset=\"https:\/\/www.oaxaca.gob.mx\/comunicacion\/wp-content\/uploads\/sites\/28\/2020\/10\/AMH-11-300x200.jpeg 300w, https:\/\/www.oaxaca.gob.mx\/comunicacion\/wp-content\/uploads\/sites\/28\/2020\/10\/AMH-11-1024x682.jpeg 1024w, https:\/\/www.oaxaca.gob.mx\/comunicacion\/wp-content\/uploads\/sites\/28\/2020\/10\/AMH-11-768x512.jpeg 768w, https:\/\/www.oaxaca.gob.mx\/comunicacion\/wp-content\/uploads\/sites\/28\/2020\/10\/AMH-11.jpeg 1280w\" sizes=\"auto, (max-width: 300px) 100vw, 300px\" \/><\/a>\n\t\t\t<\/dt><\/dl><dl class='gallery-item'>\n\t\t\t<dt class='gallery-icon landscape'>\n\t\t\t\t<a href='https:\/\/www.oaxaca.gob.mx\/comunicacion\/reafirma-alejandro-murat-compromiso-del-gobierno-de-oaxaca-para-el-desarrollo-de-la-cuenca\/amh-10-42\/'><img loading=\"lazy\" decoding=\"async\" width=\"300\" height=\"200\" src=\"https:\/\/www.oaxaca.gob.mx\/comunicacion\/wp-content\/uploads\/sites\/28\/2020\/10\/AMH-10-1-300x200.jpeg\" class=\"attachment-medium size-medium\" alt=\"\" srcset=\"https:\/\/www.oaxaca.gob.mx\/comunicacion\/wp-content\/uploads\/sites\/28\/2020\/10\/AMH-10-1-300x200.jpeg 300w, https:\/\/www.oaxaca.gob.mx\/comunicacion\/wp-content\/uploads\/sites\/28\/2020\/10\/AMH-10-1-1024x682.jpeg 1024w, https:\/\/www.oaxaca.gob.mx\/comunicacion\/wp-content\/uploads\/sites\/28\/2020\/10\/AMH-10-1-768x512.jpeg 768w, https:\/\/www.oaxaca.gob.mx\/comunicacion\/wp-content\/uploads\/sites\/28\/2020\/10\/AMH-10-1.jpeg 1280w\" sizes=\"auto, (max-width: 300px) 100vw, 300px\" \/><\/a>\n\t\t\t<\/dt><\/dl><dl class='gallery-item'>\n\t\t\t<dt class='gallery-icon landscape'>\n\t\t\t\t<a href='https:\/\/www.oaxaca.gob.mx\/comunicacion\/reafirma-alejandro-murat-compromiso-del-gobierno-de-oaxaca-para-el-desarrollo-de-la-cuenca\/amh-9-12\/'><img loading=\"lazy\" decoding=\"async\" width=\"300\" height=\"200\" src=\"https:\/\/www.oaxaca.gob.mx\/comunicacion\/wp-content\/uploads\/sites\/28\/2020\/10\/AMH-9-2-300x200.jpeg\" class=\"attachment-medium size-medium\" alt=\"\" srcset=\"https:\/\/www.oaxaca.gob.mx\/comunicacion\/wp-content\/uploads\/sites\/28\/2020\/10\/AMH-9-2-300x200.jpeg 300w, https:\/\/www.oaxaca.gob.mx\/comunicacion\/wp-content\/uploads\/sites\/28\/2020\/10\/AMH-9-2-1024x682.jpeg 1024w, https:\/\/www.oaxaca.gob.mx\/comunicacion\/wp-content\/uploads\/sites\/28\/2020\/10\/AMH-9-2-768x512.jpeg 768w, https:\/\/www.oaxaca.gob.mx\/comunicacion\/wp-content\/uploads\/sites\/28\/2020\/10\/AMH-9-2.jpeg 1280w\" sizes=\"auto, (max-width: 300px) 100vw, 300px\" \/><\/a>\n\t\t\t<\/dt><\/dl><br style=\"clear: both\" \/><dl class='gallery-item'>\n\t\t\t<dt class='gallery-icon landscape'>\n\t\t\t\t<a href='https:\/\/www.oaxaca.gob.mx\/comunicacion\/reafirma-alejandro-murat-compromiso-del-gobierno-de-oaxaca-para-el-desarrollo-de-la-cuenca\/amh-8-16\/'><img loading=\"lazy\" decoding=\"async\" width=\"300\" height=\"200\" src=\"https:\/\/www.oaxaca.gob.mx\/comunicacion\/wp-content\/uploads\/sites\/28\/2020\/10\/AMH-8-2-300x200.jpeg\" class=\"attachment-medium size-medium\" alt=\"\" srcset=\"https:\/\/www.oaxaca.gob.mx\/comunicacion\/wp-content\/uploads\/sites\/28\/2020\/10\/AMH-8-2-300x200.jpeg 300w, https:\/\/www.oaxaca.gob.mx\/comunicacion\/wp-content\/uploads\/sites\/28\/2020\/10\/AMH-8-2-1024x682.jpeg 1024w, https:\/\/www.oaxaca.gob.mx\/comunicacion\/wp-content\/uploads\/sites\/28\/2020\/10\/AMH-8-2-768x512.jpeg 768w, https:\/\/www.oaxaca.gob.mx\/comunicacion\/wp-content\/uploads\/sites\/28\/2020\/10\/AMH-8-2.jpeg 1280w\" sizes=\"auto, (max-width: 300px) 100vw, 300px\" \/><\/a>\n\t\t\t<\/dt><\/dl><dl class='gallery-item'>\n\t\t\t<dt class='gallery-icon landscape'>\n\t\t\t\t<a href='https:\/\/www.oaxaca.gob.mx\/comunicacion\/reafirma-alejandro-murat-compromiso-del-gobierno-de-oaxaca-para-el-desarrollo-de-la-cuenca\/amh-7-17\/'><img loading=\"lazy\" decoding=\"async\" width=\"300\" height=\"200\" src=\"https:\/\/www.oaxaca.gob.mx\/comunicacion\/wp-content\/uploads\/sites\/28\/2020\/10\/AMH-7-2-300x200.jpeg\" class=\"attachment-medium size-medium\" alt=\"\" srcset=\"https:\/\/www.oaxaca.gob.mx\/comunicacion\/wp-content\/uploads\/sites\/28\/2020\/10\/AMH-7-2-300x200.jpeg 300w, https:\/\/www.oaxaca.gob.mx\/comunicacion\/wp-content\/uploads\/sites\/28\/2020\/10\/AMH-7-2-1024x682.jpeg 1024w, https:\/\/www.oaxaca.gob.mx\/comunicacion\/wp-content\/uploads\/sites\/28\/2020\/10\/AMH-7-2-768x512.jpeg 768w, https:\/\/www.oaxaca.gob.mx\/comunicacion\/wp-content\/uploads\/sites\/28\/2020\/10\/AMH-7-2.jpeg 1280w\" sizes=\"auto, (max-width: 300px) 100vw, 300px\" \/><\/a>\n\t\t\t<\/dt><\/dl><dl class='gallery-item'>\n\t\t\t<dt class='gallery-icon landscape'>\n\t\t\t\t<a href='https:\/\/www.oaxaca.gob.mx\/comunicacion\/reafirma-alejandro-murat-compromiso-del-gobierno-de-oaxaca-para-el-desarrollo-de-la-cuenca\/amh-6-23\/'><img loading=\"lazy\" decoding=\"async\" width=\"300\" height=\"200\" src=\"https:\/\/www.oaxaca.gob.mx\/comunicacion\/wp-content\/uploads\/sites\/28\/2020\/10\/AMH-6-3-300x200.jpeg\" class=\"attachment-medium size-medium\" alt=\"\" srcset=\"https:\/\/www.oaxaca.gob.mx\/comunicacion\/wp-content\/uploads\/sites\/28\/2020\/10\/AMH-6-3-300x200.jpeg 300w, https:\/\/www.oaxaca.gob.mx\/comunicacion\/wp-content\/uploads\/sites\/28\/2020\/10\/AMH-6-3-1024x682.jpeg 1024w, https:\/\/www.oaxaca.gob.mx\/comunicacion\/wp-content\/uploads\/sites\/28\/2020\/10\/AMH-6-3-768x512.jpeg 768w, https:\/\/www.oaxaca.gob.mx\/comunicacion\/wp-content\/uploads\/sites\/28\/2020\/10\/AMH-6-3.jpeg 1280w\" sizes=\"auto, (max-width: 300px) 100vw, 300px\" \/><\/a>\n\t\t\t<\/dt><\/dl><br style=\"clear: both\" \/><dl class='gallery-item'>\n\t\t\t<dt class='gallery-icon landscape'>\n\t\t\t\t<a href='https:\/\/www.oaxaca.gob.mx\/comunicacion\/reafirma-alejandro-murat-compromiso-del-gobierno-de-oaxaca-para-el-desarrollo-de-la-cuenca\/amh-5-29\/'><img loading=\"lazy\" decoding=\"async\" width=\"300\" height=\"200\" src=\"https:\/\/www.oaxaca.gob.mx\/comunicacion\/wp-content\/uploads\/sites\/28\/2020\/10\/AMH-5-5-300x200.jpeg\" class=\"attachment-medium size-medium\" alt=\"\" srcset=\"https:\/\/www.oaxaca.gob.mx\/comunicacion\/wp-content\/uploads\/sites\/28\/2020\/10\/AMH-5-5-300x200.jpeg 300w, https:\/\/www.oaxaca.gob.mx\/comunicacion\/wp-content\/uploads\/sites\/28\/2020\/10\/AMH-5-5-1024x682.jpeg 1024w, https:\/\/www.oaxaca.gob.mx\/comunicacion\/wp-content\/uploads\/sites\/28\/2020\/10\/AMH-5-5-768x512.jpeg 768w, https:\/\/www.oaxaca.gob.mx\/comunicacion\/wp-content\/uploads\/sites\/28\/2020\/10\/AMH-5-5.jpeg 1280w\" sizes=\"auto, (max-width: 300px) 100vw, 300px\" \/><\/a>\n\t\t\t<\/dt><\/dl><dl class='gallery-item'>\n\t\t\t<dt class='gallery-icon landscape'>\n\t\t\t\t<a href='https:\/\/www.oaxaca.gob.mx\/comunicacion\/reafirma-alejandro-murat-compromiso-del-gobierno-de-oaxaca-para-el-desarrollo-de-la-cuenca\/amh-4-39\/'><img loading=\"lazy\" decoding=\"async\" width=\"300\" height=\"200\" src=\"https:\/\/www.oaxaca.gob.mx\/comunicacion\/wp-content\/uploads\/sites\/28\/2020\/10\/AMH-4-5-300x200.jpeg\" class=\"attachment-medium size-medium\" alt=\"\" srcset=\"https:\/\/www.oaxaca.gob.mx\/comunicacion\/wp-content\/uploads\/sites\/28\/2020\/10\/AMH-4-5-300x200.jpeg 300w, https:\/\/www.oaxaca.gob.mx\/comunicacion\/wp-content\/uploads\/sites\/28\/2020\/10\/AMH-4-5-1024x682.jpeg 1024w, https:\/\/www.oaxaca.gob.mx\/comunicacion\/wp-content\/uploads\/sites\/28\/2020\/10\/AMH-4-5-768x512.jpeg 768w, https:\/\/www.oaxaca.gob.mx\/comunicacion\/wp-content\/uploads\/sites\/28\/2020\/10\/AMH-4-5.jpeg 1280w\" sizes=\"auto, (max-width: 300px) 100vw, 300px\" \/><\/a>\n\t\t\t<\/dt><\/dl><dl class='gallery-item'>\n\t\t\t<dt class='gallery-icon landscape'>\n\t\t\t\t<a href='https:\/\/www.oaxaca.gob.mx\/comunicacion\/reafirma-alejandro-murat-compromiso-del-gobierno-de-oaxaca-para-el-desarrollo-de-la-cuenca\/amh-3-50\/'><img loading=\"lazy\" decoding=\"async\" width=\"300\" height=\"200\" src=\"https:\/\/www.oaxaca.gob.mx\/comunicacion\/wp-content\/uploads\/sites\/28\/2020\/10\/AMH-3-5-300x200.jpeg\" class=\"attachment-medium size-medium\" alt=\"\" srcset=\"https:\/\/www.oaxaca.gob.mx\/comunicacion\/wp-content\/uploads\/sites\/28\/2020\/10\/AMH-3-5-300x200.jpeg 300w, https:\/\/www.oaxaca.gob.mx\/comunicacion\/wp-content\/uploads\/sites\/28\/2020\/10\/AMH-3-5-1024x682.jpeg 1024w, https:\/\/www.oaxaca.gob.mx\/comunicacion\/wp-content\/uploads\/sites\/28\/2020\/10\/AMH-3-5-768x512.jpeg 768w, https:\/\/www.oaxaca.gob.mx\/comunicacion\/wp-content\/uploads\/sites\/28\/2020\/10\/AMH-3-5.jpeg 1280w\" sizes=\"auto, (max-width: 300px) 100vw, 300px\" \/><\/a>\n\t\t\t<\/dt><\/dl><br style=\"clear: both\" \/><dl class='gallery-item'>\n\t\t\t<dt class='gallery-icon portrait'>\n\t\t\t\t<a href='https:\/\/www.oaxaca.gob.mx\/comunicacion\/reafirma-alejandro-murat-compromiso-del-gobierno-de-oaxaca-para-el-desarrollo-de-la-cuenca\/amh-2-59\/'><img loading=\"lazy\" decoding=\"async\" width=\"200\" height=\"300\" src=\"https:\/\/www.oaxaca.gob.mx\/comunicacion\/wp-content\/uploads\/sites\/28\/2020\/10\/AMH-2-6-200x300.jpeg\" class=\"attachment-medium size-medium\" alt=\"\" srcset=\"https:\/\/www.oaxaca.gob.mx\/comunicacion\/wp-content\/uploads\/sites\/28\/2020\/10\/AMH-2-6-200x300.jpeg 200w, https:\/\/www.oaxaca.gob.mx\/comunicacion\/wp-content\/uploads\/sites\/28\/2020\/10\/AMH-2-6-682x1024.jpeg 682w, https:\/\/www.oaxaca.gob.mx\/comunicacion\/wp-content\/uploads\/sites\/28\/2020\/10\/AMH-2-6-768x1152.jpeg 768w, https:\/\/www.oaxaca.gob.mx\/comunicacion\/wp-content\/uploads\/sites\/28\/2020\/10\/AMH-2-6.jpeg 853w\" sizes=\"auto, (max-width: 200px) 100vw, 200px\" \/><\/a>\n\t\t\t<\/dt><\/dl>\n\t\t\t<br style='clear: both' \/>\n\t\t<\/div>\n\n<p>&nbsp;<\/p>\n<ul>\n<li>El Mandatario Estatal inaugur\u00f3 la l\u00ednea dos del proceso de empacado de lim\u00f3n persa de la empresa Progreso Agropecuario Acateco S.P.R. de R.L, Oaxaca Produce<\/li>\n<\/ul>\n<p>&nbsp;<\/p>\n<p><strong>Acatl\u00e1n de P\u00e9rez Figueroa, Oax. 20 de octubre de 2020.<\/strong> El gobernador Alejandro Murat Hinojosa reafirm\u00f3 el compromiso del Gobierno de Oaxaca con las y los productores de la Cuenca del Papaloapan, al inaugurar la l\u00ednea dos del proceso de empacado de lim\u00f3n persa de la empresa Progreso Agropecuario Acateco S.P.R. de R.L, Oaxaca Produce.<\/p>\n<p>Con ello, Acatl\u00e1n de P\u00e9rez Figueroa se consolida como el quinto productor de lim\u00f3n a nivel estatal, con una superficie sembrada de 985 hect\u00e1reas y una producci\u00f3n de 10 mil 595 toneladas. En el top 5 de los productores de lim\u00f3n tambi\u00e9n se encuentran de Santiago Yaveo, Villa de Tututepec de Melchor Ocampo, San Juan Cotzoc\u00f3n y San Juan Mazatl\u00e1n, de acuerdo con informaci\u00f3n de la Secretar\u00eda de Desarrollo Agropecuario, Pesca y Acuacultura (Sedapa).<\/p>\n<p>El Mandatario Estatal expres\u00f3 que esta obra, que requiri\u00f3 una inversi\u00f3n de 6 millones de pesos, es ejemplo de lo que juntos -empresarios, gobierno y sociedad- pueden crear cuando trabajan unidos y solidarios; toda vez que la mitad de los recursos fueron aportados por los gobiernos federal y estatal.<\/p>\n<p>\u201cSeguiremos trabajando en todas estas obras tan importantes para Acatl\u00e1n y toda la regi\u00f3n de la Cuenca\u201d, afirm\u00f3 Murat Hinojosa, al tiempo de destacar que desde el inicio de su gobierno ha sido prioritario impulsar proyectos como este que permiten la generaci\u00f3n de 200 empleos directos y mil indirectos y contribuyen al crecimiento econ\u00f3mico de Oaxaca.<\/p>\n<p>\u201cHoy Oaxaca crece al 3%, cuando el resto el pa\u00eds est\u00e1 decreciendo en un 18% durante esta pandemia\u201d, dijo.<\/p>\n<p>De esta manera, Murat Hinojosa refrend\u00f3 el compromiso de su gobierno para seguir detonando el desarrollo de Oaxaca con obras como estas. \u201cVamos a seguir creando porque esa es la historia que estamos construyendo todos los d\u00edas para crecer, para que haya m\u00e1s oportunidades para todas y todos\u201d, expres\u00f3.<\/p>\n<p>&nbsp;<\/p>\n<p style=\"text-align: center\"><strong>Supervisa Alejandro Murat construcci\u00f3n de tramo carretero<\/strong><\/p>\n<p>&nbsp;<\/p>\n<p>En el marco de esta gira de trabajo, el gobernador Alejandro Murat realiz\u00f3 la supervisi\u00f3n de la rehabilitaci\u00f3n del tramo carretero Acatl\u00e1n de P\u00e9rez Figueroa-Tetela, del kil\u00f3metro 15+000 al kil\u00f3metro 21+500, en que se destinan 30.37 millones de pesos.<\/p>\n<p>La rehabilitaci\u00f3n en 6.500 kil\u00f3metros, que beneficiar\u00e1 a m\u00e1s de seis mil habitantes, consisten en trabajos de terracer\u00edas, drenaje y subdrenaje, pavimentos, carpeta asf\u00e1ltica con mezcla en caliente y se\u00f1alamientos.<\/p>\n<p>&nbsp;<\/p>\n<p style=\"text-align: center\"><strong>Anuncia construcci\u00f3n de la Universidad de Acatl\u00e1n<\/strong><\/p>\n<p>&nbsp;<\/p>\n<p>El Mandatario Oaxaque\u00f1o tambi\u00e9n anunci\u00f3 la construcci\u00f3n de la Universidad de Acatl\u00e1n para el pr\u00f3ximo a\u00f1o, un compromiso \u2013dijo- que permitir\u00e1 a las y los j\u00f3venes de esta regi\u00f3n contar con una alternativa para concluir sus estudios.<\/p>\n<p>Asever\u00f3 que este plantel se sumar\u00e1 al de Juxtlahuaca, Nochixtl\u00e1n y Santos Reyes Nopala, que se han concluido durante su administraci\u00f3n, como muestra del compromiso que el Gobierno de Oaxaca tiene con la juventud y su educaci\u00f3n.<\/p>\n<p>\u201cQueremos que haya alternativas para nuestras hijas e hijos, que haya un destino distinto, que puedan explorar, estudiar, reflexionar como llevar m\u00e1s lejos la riqueza de nuestra tierra\u201d, finaliz\u00f3.<\/p>\n<p>&nbsp;<\/p>\n<p style=\"text-align: center\">-o-<\/p>\n","protected":false},"excerpt":{"rendered":"<p>&nbsp; El Mandatario Estatal inaugur\u00f3 la l\u00ednea dos del proceso de empacado de lim\u00f3n persa de la empresa Progreso Agropecuario Acateco S.P.R. de R.L, Oaxaca Produce &nbsp; Acatl\u00e1n de P\u00e9rez Figueroa, Oax. 20 de octubre de 2020. El gobernador Alejandro Murat Hinojosa reafirm\u00f3 el compromiso del Gobierno de Oaxaca con las y los productores de [&hellip;]<\/p>\n","protected":false},"author":99,"featured_media":62598,"comment_status":"open","ping_status":"open","sticky":false,"template":"","format":"standard","meta":{"episode_type":"","audio_file":"","podmotor_file_id":"","podmotor_episode_id":"","cover_image":"","cover_image_id":"","duration":"","filesize":"","filesize_raw":"","date_recorded":"","explicit":"","block":"","itunes_episode_number":"","itunes_title":"","itunes_season_number":"","itunes_episode_type":"","footnotes":""},"categories":[6,7,8],"tags":[],"class_list":["post-62581","post","type-post","status-publish","format-standard","has-post-thumbnail","hentry","category-destacado","category-slide","category-noticias"],"acf":[],"publishpress_future_action":{"enabled":false,"date":"2026-05-06 11:03:47","action":"change-status","newStatus":"draft","terms":[],"taxonomy":"category","extraData":[]},"publishpress_future_workflow_manual_trigger":{"enabledWorkflows":[]},"_links":{"self":[{"href":"https:\/\/www.oaxaca.gob.mx\/comunicacion\/wp-json\/wp\/v2\/posts\/62581","targetHints":{"allow":["GET"]}}],"collection":[{"href":"https:\/\/www.oaxaca.gob.mx\/comunicacion\/wp-json\/wp\/v2\/posts"}],"about":[{"href":"https:\/\/www.oaxaca.gob.mx\/comunicacion\/wp-json\/wp\/v2\/types\/post"}],"author":[{"embeddable":true,"href":"https:\/\/www.oaxaca.gob.mx\/comunicacion\/wp-json\/wp\/v2\/users\/99"}],"replies":[{"embeddable":true,"href":"https:\/\/www.oaxaca.gob.mx\/comunicacion\/wp-json\/wp\/v2\/comments?post=62581"}],"version-history":[{"count":2,"href":"https:\/\/www.oaxaca.gob.mx\/comunicacion\/wp-json\/wp\/v2\/posts\/62581\/revisions"}],"predecessor-version":[{"id":62600,"href":"https:\/\/www.oaxaca.gob.mx\/comunicacion\/wp-json\/wp\/v2\/posts\/62581\/revisions\/62600"}],"wp:featuredmedia":[{"embeddable":true,"href":"https:\/\/www.oaxaca.gob.mx\/comunicacion\/wp-json\/wp\/v2\/media\/62598"}],"wp:attachment":[{"href":"https:\/\/www.oaxaca.gob.mx\/comunicacion\/wp-json\/wp\/v2\/media?parent=62581"}],"wp:term":[{"taxonomy":"category","embeddable":true,"href":"https:\/\/www.oaxaca.gob.mx\/comunicacion\/wp-json\/wp\/v2\/categories?post=62581"},{"taxonomy":"post_tag","embeddable":true,"href":"https:\/\/www.oaxaca.gob.mx\/comunicacion\/wp-json\/wp\/v2\/tags?post=62581"}],"curies":[{"name":"wp","href":"https:\/\/api.w.org\/{rel}","templated":true}]}}