{"id":62574,"date":"2020-10-20T16:31:57","date_gmt":"2020-10-20T21:31:57","guid":{"rendered":"https:\/\/www.oaxaca.gob.mx\/comunicacion\/?p=62574"},"modified":"2020-10-20T16:39:17","modified_gmt":"2020-10-20T21:39:17","slug":"anuncia-seculta-a-los-ganadores-de-la-convocatoria-mas-inclusion-mas-cultura","status":"publish","type":"post","link":"https:\/\/www.oaxaca.gob.mx\/comunicacion\/anuncia-seculta-a-los-ganadores-de-la-convocatoria-mas-inclusion-mas-cultura\/","title":{"rendered":"Anuncia Seculta a los ganadores de la convocatoria \u201cM\u00e1s inclusi\u00f3n, m\u00e1s cultura\u00bb"},"content":{"rendered":"\n\t\t<style type=\"text\/css\">\n\t\t\t#gallery-1 {\n\t\t\t\tmargin: auto;\n\t\t\t}\n\t\t\t#gallery-1 .gallery-item {\n\t\t\t\tfloat: left;\n\t\t\t\tmargin-top: 10px;\n\t\t\t\ttext-align: center;\n\t\t\t\twidth: 100%;\n\t\t\t}\n\t\t\t#gallery-1 img {\n\t\t\t\tborder: 2px solid #cfcfcf;\n\t\t\t}\n\t\t\t#gallery-1 .gallery-caption {\n\t\t\t\tmargin-left: 0;\n\t\t\t}\n\t\t\t\/* see gallery_shortcode() in wp-includes\/media.php *\/\n\t\t<\/style>\n\t\t<div id='gallery-1' class='gallery galleryid-62574 gallery-columns-1 gallery-size-medium'><dl class='gallery-item'>\n\t\t\t<dt class='gallery-icon portrait'>\n\t\t\t\t<a href='https:\/\/www.oaxaca.gob.mx\/comunicacion\/anuncia-seculta-a-los-ganadores-de-la-convocatoria-mas-inclusion-mas-cultura\/seculta-81\/'><img loading=\"lazy\" decoding=\"async\" width=\"249\" height=\"300\" src=\"https:\/\/www.oaxaca.gob.mx\/comunicacion\/wp-content\/uploads\/sites\/28\/2020\/10\/SECULTA-4-249x300.jpeg\" class=\"attachment-medium size-medium\" alt=\"\" srcset=\"https:\/\/www.oaxaca.gob.mx\/comunicacion\/wp-content\/uploads\/sites\/28\/2020\/10\/SECULTA-4-249x300.jpeg 249w, https:\/\/www.oaxaca.gob.mx\/comunicacion\/wp-content\/uploads\/sites\/28\/2020\/10\/SECULTA-4-850x1024.jpeg 850w, https:\/\/www.oaxaca.gob.mx\/comunicacion\/wp-content\/uploads\/sites\/28\/2020\/10\/SECULTA-4-768x926.jpeg 768w, https:\/\/www.oaxaca.gob.mx\/comunicacion\/wp-content\/uploads\/sites\/28\/2020\/10\/SECULTA-4.jpeg 1062w\" sizes=\"auto, (max-width: 249px) 100vw, 249px\" \/><\/a>\n\t\t\t<\/dt><\/dl><br style=\"clear: both\" \/>\n\t\t<\/div>\n\n<p>&nbsp;<\/p>\n<ul>\n<li>La selecci\u00f3n cuenta con una menci\u00f3n honor\u00edfica para Maximino Cruz P\u00e9rez en la categor\u00eda de m\u00fasica<\/li>\n<\/ul>\n<p><strong>Oaxaca de Ju\u00e1rez Oax, 20 de octubre de 2020.-<\/strong> El Gobierno del Estado a trav\u00e9s de la Secretar\u00eda de las Culturas y Artes de Oaxaca (Seculta) informaron los resultados de los seleccionados de la convocatoria \u201cM\u00e1s inclusi\u00f3n, m\u00e1s cultura\u201d que recibir\u00e1n un est\u00edmulo econ\u00f3mico por 19 mil pesos cada uno.<\/p>\n<p>En coordinaci\u00f3n con la Secretar\u00eda de Cultura Federal, la Seculta emiti\u00f3 la convocatoria \u201cM\u00e1s inclusi\u00f3n, m\u00e1s cultura\u201d con el objetivo de promover la plena inclusi\u00f3n para la participaci\u00f3n efectiva en la vida cultural de personas con cualquier tipo de discapacidad a lo largo de todo el ciclo cultural, ya sea como personas creadoras, formadoras, investigadoras, promotoras y gestoras, contribuyendo con ello a la normalizaci\u00f3n de actividades afectadas por la pandemia COVID-19.<\/p>\n<p>Por ello, este martes se dieron a conocer a trav\u00e9s de la p\u00e1gina de internet: <a href=\"http:\/\/www.oaxaca.gob.mx\/seculta\/\" target=\"_blank\" rel=\"noopener noreferrer\" data-saferedirecturl=\"https:\/\/www.google.com\/url?q=http:\/\/www.oaxaca.gob.mx\/seculta\/&amp;source=gmail&amp;ust=1603316222959000&amp;usg=AFQjCNEDPFuH6aVYKour0MujYROmZ0mOFw\">www.oaxaca.gob.mx\/seculta\/<\/a> y por medio de las redes sociales los 10 beneficiarios de este est\u00edmulo econ\u00f3mico, incluyendo una menci\u00f3n honor\u00edfica para Maximino Cruz P\u00e9rez en la categor\u00eda de m\u00fasica.<\/p>\n<p>Los seleccionados son: Los \u00c1ngeles de Luz (Flor Ver\u00f3nica Garc\u00eda \u00c1vila) en la disciplina de Artes esc\u00e9nicas (Danza); Santa Obdulia Hern\u00e1ndez Nicol\u00e1s (Yuy\u00e9) en Pintura; Griselda L\u00f3pez Santiago en Artes esc\u00e9nicas (teatro); Rolando Sig\u00fcenza Acevedo en Artes pl\u00e1sticas; Marco Antonio Ju\u00e1rez Mart\u00ednez en Artes esc\u00e9nicas (teatro); Pedro Edgardo Miranda Gij\u00f3n en Medios audiovisuales (fotograf\u00eda); Yoliztlaman Xiuhtecuhtli Carcoba Ru\u00edz en Medios audiovisuales (cuentos); Israel Torres Sampedro en M\u00fasica; Isabel M\u00e9ndez Javier en Arte Popular y Guillermo Mendoza en Arte Popular.<\/p>\n<p>Los proyectos seleccionados est\u00e1n dirigidos a acciones que impulsan la creaci\u00f3n, promoci\u00f3n y fomento de manifestaciones art\u00edsticas y culturales, promueven, difunden y exponen la creaci\u00f3n art\u00edstica y cultural, la formaci\u00f3n de audiencias desde y en torno a la creaci\u00f3n art\u00edstica y cultural, o fomentan la formaci\u00f3n y capacitaci\u00f3n art\u00edstica y cultural de los agentes culturales con discapacidad, con base en las capacidades y necesidades definidas por los mismos agentes.<\/p>\n<p style=\"text-align: center\">-0-<\/p>\n","protected":false},"excerpt":{"rendered":"<p>&nbsp; La selecci\u00f3n cuenta con una menci\u00f3n honor\u00edfica para Maximino Cruz P\u00e9rez en la categor\u00eda de m\u00fasica Oaxaca de Ju\u00e1rez Oax, 20 de octubre de 2020.- El Gobierno del Estado a trav\u00e9s de la Secretar\u00eda de las Culturas y Artes de Oaxaca (Seculta) informaron los resultados de los seleccionados de la convocatoria \u201cM\u00e1s inclusi\u00f3n, m\u00e1s [&hellip;]<\/p>\n","protected":false},"author":99,"featured_media":62575,"comment_status":"open","ping_status":"open","sticky":false,"template":"","format":"standard","meta":{"episode_type":"","audio_file":"","podmotor_file_id":"","podmotor_episode_id":"","cover_image":"","cover_image_id":"","duration":"","filesize":"","filesize_raw":"","date_recorded":"","explicit":"","block":"","itunes_episode_number":"","itunes_title":"","itunes_season_number":"","itunes_episode_type":"","footnotes":""},"categories":[8],"tags":[],"class_list":["post-62574","post","type-post","status-publish","format-standard","has-post-thumbnail","hentry","category-noticias"],"acf":[],"publishpress_future_action":{"enabled":false,"date":"2026-05-05 10:59:24","action":"change-status","newStatus":"draft","terms":[],"taxonomy":"category","extraData":[]},"publishpress_future_workflow_manual_trigger":{"enabledWorkflows":[]},"_links":{"self":[{"href":"https:\/\/www.oaxaca.gob.mx\/comunicacion\/wp-json\/wp\/v2\/posts\/62574","targetHints":{"allow":["GET"]}}],"collection":[{"href":"https:\/\/www.oaxaca.gob.mx\/comunicacion\/wp-json\/wp\/v2\/posts"}],"about":[{"href":"https:\/\/www.oaxaca.gob.mx\/comunicacion\/wp-json\/wp\/v2\/types\/post"}],"author":[{"embeddable":true,"href":"https:\/\/www.oaxaca.gob.mx\/comunicacion\/wp-json\/wp\/v2\/users\/99"}],"replies":[{"embeddable":true,"href":"https:\/\/www.oaxaca.gob.mx\/comunicacion\/wp-json\/wp\/v2\/comments?post=62574"}],"version-history":[{"count":1,"href":"https:\/\/www.oaxaca.gob.mx\/comunicacion\/wp-json\/wp\/v2\/posts\/62574\/revisions"}],"predecessor-version":[{"id":62576,"href":"https:\/\/www.oaxaca.gob.mx\/comunicacion\/wp-json\/wp\/v2\/posts\/62574\/revisions\/62576"}],"wp:featuredmedia":[{"embeddable":true,"href":"https:\/\/www.oaxaca.gob.mx\/comunicacion\/wp-json\/wp\/v2\/media\/62575"}],"wp:attachment":[{"href":"https:\/\/www.oaxaca.gob.mx\/comunicacion\/wp-json\/wp\/v2\/media?parent=62574"}],"wp:term":[{"taxonomy":"category","embeddable":true,"href":"https:\/\/www.oaxaca.gob.mx\/comunicacion\/wp-json\/wp\/v2\/categories?post=62574"},{"taxonomy":"post_tag","embeddable":true,"href":"https:\/\/www.oaxaca.gob.mx\/comunicacion\/wp-json\/wp\/v2\/tags?post=62574"}],"curies":[{"name":"wp","href":"https:\/\/api.w.org\/{rel}","templated":true}]}}