{"id":62025,"date":"2020-10-08T15:58:38","date_gmt":"2020-10-08T20:58:38","guid":{"rendered":"https:\/\/www.oaxaca.gob.mx\/comunicacion\/?p=62025"},"modified":"2020-10-08T16:13:08","modified_gmt":"2020-10-08T21:13:08","slug":"dif-oaxaca-atiende-e-implementa-actividades-inclusivas-para-personas-con-discapacidad-visual","status":"publish","type":"post","link":"https:\/\/www.oaxaca.gob.mx\/comunicacion\/dif-oaxaca-atiende-e-implementa-actividades-inclusivas-para-personas-con-discapacidad-visual\/","title":{"rendered":"DIF Oaxaca atiende e implementa actividades inclusivas para personas con discapacidad visual"},"content":{"rendered":"\n\t\t<style type=\"text\/css\">\n\t\t\t#gallery-1 {\n\t\t\t\tmargin: auto;\n\t\t\t}\n\t\t\t#gallery-1 .gallery-item {\n\t\t\t\tfloat: left;\n\t\t\t\tmargin-top: 10px;\n\t\t\t\ttext-align: center;\n\t\t\t\twidth: 100%;\n\t\t\t}\n\t\t\t#gallery-1 img {\n\t\t\t\tborder: 2px solid #cfcfcf;\n\t\t\t}\n\t\t\t#gallery-1 .gallery-caption {\n\t\t\t\tmargin-left: 0;\n\t\t\t}\n\t\t\t\/* see gallery_shortcode() in wp-includes\/media.php *\/\n\t\t<\/style>\n\t\t<div id='gallery-1' class='gallery galleryid-62025 gallery-columns-1 gallery-size-medium'><dl class='gallery-item'>\n\t\t\t<dt class='gallery-icon landscape'>\n\t\t\t\t<a href='https:\/\/www.oaxaca.gob.mx\/comunicacion\/dif-oaxaca-atiende-e-implementa-actividades-inclusivas-para-personas-con-discapacidad-visual\/logo-dif\/'><img loading=\"lazy\" decoding=\"async\" width=\"300\" height=\"210\" src=\"https:\/\/www.oaxaca.gob.mx\/comunicacion\/wp-content\/uploads\/sites\/28\/2020\/10\/LOGO-DIF-300x210.png\" class=\"attachment-medium size-medium\" alt=\"\" srcset=\"https:\/\/www.oaxaca.gob.mx\/comunicacion\/wp-content\/uploads\/sites\/28\/2020\/10\/LOGO-DIF-300x210.png 300w, https:\/\/www.oaxaca.gob.mx\/comunicacion\/wp-content\/uploads\/sites\/28\/2020\/10\/LOGO-DIF-1024x716.png 1024w, https:\/\/www.oaxaca.gob.mx\/comunicacion\/wp-content\/uploads\/sites\/28\/2020\/10\/LOGO-DIF-768x537.png 768w, https:\/\/www.oaxaca.gob.mx\/comunicacion\/wp-content\/uploads\/sites\/28\/2020\/10\/LOGO-DIF.png 1113w\" sizes=\"auto, (max-width: 300px) 100vw, 300px\" \/><\/a>\n\t\t\t<\/dt><\/dl><br style=\"clear: both\" \/>\n\t\t<\/div>\n\n<p>&nbsp;<\/p>\n<p>El Sistema DIF Oaxaca, a trav\u00e9s del Centro de Atenci\u00f3n Integral para Ciegos y D\u00e9biles Visuales (CECYD), apoya en estos tiempos de pandemia por COVID-19, a las personas con discapacidad visual, con quienes ha implementado diversas actividades inclusivas, para atender y seguir beneficiando a las familias oaxaque\u00f1as. Por ello, el Gobierno del Estado de Oaxaca, encabezado por el maestro Alejandro Murat Hinojosa, con ayuda de este organismo asistencial, ha brindado 6,437 servicios, durante la actual contingencia sanitaria.<\/p>\n<p>Las \u00e1reas que conforman el CECYD brindan m\u00faltiples servicios, entre ellos, terapias de braille b\u00e1sico y estenogr\u00e1fico, as\u00ed como \u00e1baco y de lenguaje; adem\u00e1s, se proporciona terapias de estimulaci\u00f3n b\u00e1sica, orientaci\u00f3n y movilidad, as\u00ed como estimulaci\u00f3n sensoriomotriz. Por otra parte, el consultorio oftalmol\u00f3gico brinda terapias visuales, de rehabilitaci\u00f3n y estimulaci\u00f3n visual; de la misma forma, el \u00e1rea de vida diaria y taller de cocina, proporciona terapias de motricidad fina y gruesa, coordinaci\u00f3n y medios de sujeci\u00f3n, actividades para tolerancia a la frustraci\u00f3n y seguimiento de instrucciones, as\u00ed como actividades b\u00e1sicas de la vida diaria (alimentaci\u00f3n y preparaci\u00f3n de alimentos, vestido y desvestido).<\/p>\n<p>El \u00e1rea de computaci\u00f3n, biblioteca y audioteca, ofrece la ense\u00f1anza de dactilograf\u00eda, el uso del manejo del parlante jaws en plataforma Windows, manejo de paqueter\u00eda office, y la ense\u00f1anza de lectores de pantalla para dispositivos m\u00f3viles Android e IOS. De igual importancia, el \u00e1rea de psicolog\u00eda brinda consultas psicol\u00f3gicas a las y los usuarios. Todo lo anterior, se traduce en una recepci\u00f3n y respuesta favorable por parte de padres y\/o responsables, que cumplen al 100% con todas las actividades y terapias que esta instituci\u00f3n brinda a las y los beneficiarios.<\/p>\n<p>Todos los d\u00edas, se trabaja sin descanso para que las familias oaxaque\u00f1as sigan creciendo y construyendo un mejor tejido social.<\/p>\n","protected":false},"excerpt":{"rendered":"<p>&nbsp; El Sistema DIF Oaxaca, a trav\u00e9s del Centro de Atenci\u00f3n Integral para Ciegos y D\u00e9biles Visuales (CECYD), apoya en estos tiempos de pandemia por COVID-19, a las personas con discapacidad visual, con quienes ha implementado diversas actividades inclusivas, para atender y seguir beneficiando a las familias oaxaque\u00f1as. Por ello, el Gobierno del Estado de [&hellip;]<\/p>\n","protected":false},"author":99,"featured_media":62026,"comment_status":"open","ping_status":"open","sticky":false,"template":"","format":"standard","meta":{"episode_type":"","audio_file":"","podmotor_file_id":"","podmotor_episode_id":"","cover_image":"","cover_image_id":"","duration":"","filesize":"","filesize_raw":"","date_recorded":"","explicit":"","block":"","itunes_episode_number":"","itunes_title":"","itunes_season_number":"","itunes_episode_type":"","footnotes":""},"categories":[8],"tags":[],"class_list":["post-62025","post","type-post","status-publish","format-standard","has-post-thumbnail","hentry","category-noticias"],"acf":[],"publishpress_future_action":{"enabled":false,"date":"2026-05-03 11:49:24","action":"change-status","newStatus":"draft","terms":[],"taxonomy":"category","extraData":[]},"publishpress_future_workflow_manual_trigger":{"enabledWorkflows":[]},"_links":{"self":[{"href":"https:\/\/www.oaxaca.gob.mx\/comunicacion\/wp-json\/wp\/v2\/posts\/62025","targetHints":{"allow":["GET"]}}],"collection":[{"href":"https:\/\/www.oaxaca.gob.mx\/comunicacion\/wp-json\/wp\/v2\/posts"}],"about":[{"href":"https:\/\/www.oaxaca.gob.mx\/comunicacion\/wp-json\/wp\/v2\/types\/post"}],"author":[{"embeddable":true,"href":"https:\/\/www.oaxaca.gob.mx\/comunicacion\/wp-json\/wp\/v2\/users\/99"}],"replies":[{"embeddable":true,"href":"https:\/\/www.oaxaca.gob.mx\/comunicacion\/wp-json\/wp\/v2\/comments?post=62025"}],"version-history":[{"count":1,"href":"https:\/\/www.oaxaca.gob.mx\/comunicacion\/wp-json\/wp\/v2\/posts\/62025\/revisions"}],"predecessor-version":[{"id":62027,"href":"https:\/\/www.oaxaca.gob.mx\/comunicacion\/wp-json\/wp\/v2\/posts\/62025\/revisions\/62027"}],"wp:featuredmedia":[{"embeddable":true,"href":"https:\/\/www.oaxaca.gob.mx\/comunicacion\/wp-json\/wp\/v2\/media\/62026"}],"wp:attachment":[{"href":"https:\/\/www.oaxaca.gob.mx\/comunicacion\/wp-json\/wp\/v2\/media?parent=62025"}],"wp:term":[{"taxonomy":"category","embeddable":true,"href":"https:\/\/www.oaxaca.gob.mx\/comunicacion\/wp-json\/wp\/v2\/categories?post=62025"},{"taxonomy":"post_tag","embeddable":true,"href":"https:\/\/www.oaxaca.gob.mx\/comunicacion\/wp-json\/wp\/v2\/tags?post=62025"}],"curies":[{"name":"wp","href":"https:\/\/api.w.org\/{rel}","templated":true}]}}