{"id":61859,"date":"2020-10-04T16:34:23","date_gmt":"2020-10-04T21:34:23","guid":{"rendered":"https:\/\/www.oaxaca.gob.mx\/comunicacion\/?p=61859"},"modified":"2020-10-04T16:43:28","modified_gmt":"2020-10-04T21:43:28","slug":"recibe-smo-premio-por-buenas-practicas","status":"publish","type":"post","link":"https:\/\/www.oaxaca.gob.mx\/comunicacion\/recibe-smo-premio-por-buenas-practicas\/","title":{"rendered":"Recibe SMO premio por buenas pr\u00e1cticas"},"content":{"rendered":"\n\t\t<style type=\"text\/css\">\n\t\t\t#gallery-1 {\n\t\t\t\tmargin: auto;\n\t\t\t}\n\t\t\t#gallery-1 .gallery-item {\n\t\t\t\tfloat: left;\n\t\t\t\tmargin-top: 10px;\n\t\t\t\ttext-align: center;\n\t\t\t\twidth: 50%;\n\t\t\t}\n\t\t\t#gallery-1 img {\n\t\t\t\tborder: 2px solid #cfcfcf;\n\t\t\t}\n\t\t\t#gallery-1 .gallery-caption {\n\t\t\t\tmargin-left: 0;\n\t\t\t}\n\t\t\t\/* see gallery_shortcode() in wp-includes\/media.php *\/\n\t\t<\/style>\n\t\t<div id='gallery-1' class='gallery galleryid-61859 gallery-columns-2 gallery-size-medium'><dl class='gallery-item'>\n\t\t\t<dt class='gallery-icon portrait'>\n\t\t\t\t<a href='https:\/\/www.oaxaca.gob.mx\/comunicacion\/recibe-smo-premio-por-buenas-practicas\/smo-1-49\/'><img loading=\"lazy\" decoding=\"async\" width=\"200\" height=\"300\" src=\"https:\/\/www.oaxaca.gob.mx\/comunicacion\/wp-content\/uploads\/sites\/28\/2020\/10\/SMO-1-200x300.jpg\" class=\"attachment-medium size-medium\" alt=\"\" srcset=\"https:\/\/www.oaxaca.gob.mx\/comunicacion\/wp-content\/uploads\/sites\/28\/2020\/10\/SMO-1-200x300.jpg 200w, https:\/\/www.oaxaca.gob.mx\/comunicacion\/wp-content\/uploads\/sites\/28\/2020\/10\/SMO-1-682x1024.jpg 682w, https:\/\/www.oaxaca.gob.mx\/comunicacion\/wp-content\/uploads\/sites\/28\/2020\/10\/SMO-1-768x1152.jpg 768w, https:\/\/www.oaxaca.gob.mx\/comunicacion\/wp-content\/uploads\/sites\/28\/2020\/10\/SMO-1.jpg 853w\" sizes=\"auto, (max-width: 200px) 100vw, 200px\" \/><\/a>\n\t\t\t<\/dt><\/dl><dl class='gallery-item'>\n\t\t\t<dt class='gallery-icon landscape'>\n\t\t\t\t<a href='https:\/\/www.oaxaca.gob.mx\/comunicacion\/recibe-smo-premio-por-buenas-practicas\/smo-2-48\/'><img loading=\"lazy\" decoding=\"async\" width=\"300\" height=\"197\" src=\"https:\/\/www.oaxaca.gob.mx\/comunicacion\/wp-content\/uploads\/sites\/28\/2020\/10\/SMO-2-1-300x197.jpg\" class=\"attachment-medium size-medium\" alt=\"\" srcset=\"https:\/\/www.oaxaca.gob.mx\/comunicacion\/wp-content\/uploads\/sites\/28\/2020\/10\/SMO-2-1-300x197.jpg 300w, https:\/\/www.oaxaca.gob.mx\/comunicacion\/wp-content\/uploads\/sites\/28\/2020\/10\/SMO-2-1-1024x671.jpg 1024w, https:\/\/www.oaxaca.gob.mx\/comunicacion\/wp-content\/uploads\/sites\/28\/2020\/10\/SMO-2-1-768x503.jpg 768w, https:\/\/www.oaxaca.gob.mx\/comunicacion\/wp-content\/uploads\/sites\/28\/2020\/10\/SMO-2-1.jpg 1280w\" sizes=\"auto, (max-width: 300px) 100vw, 300px\" \/><\/a>\n\t\t\t<\/dt><\/dl><br style=\"clear: both\" \/>\n\t\t<\/div>\n\n<p>&nbsp;<\/p>\n<ul>\n<li>El Gobierno del Estado recibi\u00f3 la Menci\u00f3n Especial en la categor\u00eda \u00abDemocracia Paritaria\u00bb<\/li>\n<\/ul>\n<p><strong>Colima, M\u00e9xico. 4 de octubre de 2020.<\/strong> Por buenas pr\u00e1cticas con enfoque de g\u00e9nero, el Gobierno del Estado a trav\u00e9s de la Secretar\u00eda de las Mujeres de Oaxaca (SMO) recibi\u00f3 la Menci\u00f3n Especial en la categor\u00eda \u00abDemocracia Paritaria\u00bb, lo anterior durante la Ceremonia de clausura de la V Cumbre Iberoamericana de Agendas Locales de G\u00e9nero.<\/p>\n<p>El proyecto destacado se refiere al tema Haciendo Visible la Igualdad en los Municipios Ind\u00edgenas de Oaxaca a trav\u00e9s de los Centros para el Desarrollo de las Mujeres (CDM); la titular de la SMO, Ana V\u00e1squez Colmenares Guzm\u00e1n, recibi\u00f3 dicho reconocimiento.<\/p>\n<p>El jurado estuvo compuesto por la presidenta de la Red Iberoamericana de Municipios por la Igualdad de G\u00e9nero, Teresa Inch\u00e1ustegui; la reconocida especialista en Agendas Locales de G\u00e9nero, Flavia Tello S\u00e1nchez y el Comit\u00e9 Evaluador de la Uni\u00f3n Iberoamericana de Municipalistas, presidido por Federico Castillo Blanco.<\/p>\n<p>Con los CDM se busca contribuir al desarrollo integral de las mujeres a partir de la detecci\u00f3n de sus intereses y necesidades espec\u00edficas, particularmente en un estado multicultural y diverso, promoviendo acciones coordinadas con actores estrat\u00e9gicos para impulsar su autonom\u00eda y autodeterminaci\u00f3n.<\/p>\n<p>Entre las acciones est\u00e1n los casos de Santa In\u00e9s Yatzeche en Valles Centrales, San Jer\u00f3nimo Tec\u00f3atl en la Ca\u00f1ada Mazateca, y Tamazulapam del Esp\u00edritu Santo en los Mixes, donde se llevaron a cabo foros de participaci\u00f3n pol\u00edtica de las mujeres, previendo as\u00ed las pr\u00f3ximas elecciones que se realizaran en los 417 municipios que se rigen por Sistemas Normativos Internos.<\/p>\n<p>En Santa In\u00e9s Yatzeche se realiz\u00f3 adicionalmente una acci\u00f3n de capacitaci\u00f3n del derecho a la Identidad, a trav\u00e9s del cual se dio respuesta jur\u00eddica a mujeres con situaciones de aclaraci\u00f3n y rectificaci\u00f3n de actas de nacimiento, dando certeza jur\u00eddica a su persona.<\/p>\n<p>Otra de las acciones est\u00e1 en San Bartolo Coyotepec, donde adem\u00e1s de las jornadas regionales de servicios, se impartieron cursos de empoderamiento y financiamiento para su negocio y el c\u00edrculo de lectura y escritura que gener\u00f3 c\u00edrculos virtuosos de mujeres que permean en la sororidad, affidamento, desde una visi\u00f3n hol\u00edstica, integral e intercultural.<\/p>\n<p>En San Marcial Ozolotepec en la Sierra Sur, a trav\u00e9s del rescate de la lengua originaria, en coordinaci\u00f3n con la Secretar\u00eda de Pueblos Ind\u00edgenas y Afromexicano, se intenta recuperar las lenguas a trav\u00e9s de la participaci\u00f3n de las mujeres, por ser ellas quienes en su mayor\u00eda y por la influencia de roles y estereotipos han conservado y difundido las lenguas originarias.<\/p>\n<p>En la zona Mixe en San Pedro y San Pablo Ayutla, se ha logrado el rescate de la medicina tradicional, a trav\u00e9s de cursos de capacitaci\u00f3n por parte de una mujer curandera, partera y m\u00e9dica tradicional de la misma comunidad quien ha fortalecido los conocimientos y capacidades de mujeres del municipio.<\/p>\n<p>Al t\u00e9rmino del evento, al que asistieron mil personas de 23 pa\u00edses, se dio a conocer la Declaraci\u00f3n de Colima, M\u00e9xico, la cual exhorta a los gobiernos a impulsar las Agendas Locales de G\u00e9nero para Iberoam\u00e9rica de acuerdo con las propuestas consensuadas. El texto completo se puede consultar en <a href=\"http:\/\/bit.ly\/3mFMrFn\" target=\"_blank\" rel=\"noopener noreferrer\" data-saferedirecturl=\"https:\/\/www.google.com\/url?q=http:\/\/bit.ly\/3mFMrFn&amp;source=gmail&amp;ust=1601934070193000&amp;usg=AFQjCNGY9ngl3TMn7VnTCCoSuVJffgN_AA\">bit.ly\/3mFMrFn<\/a>.<\/p>\n<p>Liga de descarga del video completo de este evento, se puede consultar en esta liga:<\/p>\n<p><a href=\"https:\/\/wetransfer.com\/downloads\/187a42410f34d686ac368501381aa9a820201004165414\/87154d5c794575d8039d21a74a97a5de20201004165443\/120d9c\" target=\"_blank\" rel=\"noopener noreferrer\" data-saferedirecturl=\"https:\/\/www.google.com\/url?q=https:\/\/wetransfer.com\/downloads\/187a42410f34d686ac368501381aa9a820201004165414\/87154d5c794575d8039d21a74a97a5de20201004165443\/120d9c&amp;source=gmail&amp;ust=1601934070193000&amp;usg=AFQjCNF3tfNIcy4KWI_M_ID-Pn6LXdo4OA\">https:\/\/wetransfer.com\/downloads\/187a42410f34d686ac368501381aa9a820201004165414\/87154d5c794575d8039d21a74a97a5de20201004165443\/120d9c<\/a><\/p>\n<p style=\"text-align: center\">-O-<\/p>\n","protected":false},"excerpt":{"rendered":"<p>&nbsp; El Gobierno del Estado recibi\u00f3 la Menci\u00f3n Especial en la categor\u00eda \u00abDemocracia Paritaria\u00bb Colima, M\u00e9xico. 4 de octubre de 2020. Por buenas pr\u00e1cticas con enfoque de g\u00e9nero, el Gobierno del Estado a trav\u00e9s de la Secretar\u00eda de las Mujeres de Oaxaca (SMO) recibi\u00f3 la Menci\u00f3n Especial en la categor\u00eda \u00abDemocracia Paritaria\u00bb, lo anterior durante [&hellip;]<\/p>\n","protected":false},"author":99,"featured_media":61861,"comment_status":"open","ping_status":"open","sticky":false,"template":"","format":"standard","meta":{"episode_type":"","audio_file":"","podmotor_file_id":"","podmotor_episode_id":"","cover_image":"","cover_image_id":"","duration":"","filesize":"","filesize_raw":"","date_recorded":"","explicit":"","block":"","itunes_episode_number":"","itunes_title":"","itunes_season_number":"","itunes_episode_type":"","footnotes":""},"categories":[8],"tags":[],"class_list":["post-61859","post","type-post","status-publish","format-standard","has-post-thumbnail","hentry","category-noticias"],"acf":[],"publishpress_future_action":{"enabled":false,"date":"2026-05-08 11:14:28","action":"change-status","newStatus":"draft","terms":[],"taxonomy":"category","extraData":[]},"publishpress_future_workflow_manual_trigger":{"enabledWorkflows":[]},"_links":{"self":[{"href":"https:\/\/www.oaxaca.gob.mx\/comunicacion\/wp-json\/wp\/v2\/posts\/61859","targetHints":{"allow":["GET"]}}],"collection":[{"href":"https:\/\/www.oaxaca.gob.mx\/comunicacion\/wp-json\/wp\/v2\/posts"}],"about":[{"href":"https:\/\/www.oaxaca.gob.mx\/comunicacion\/wp-json\/wp\/v2\/types\/post"}],"author":[{"embeddable":true,"href":"https:\/\/www.oaxaca.gob.mx\/comunicacion\/wp-json\/wp\/v2\/users\/99"}],"replies":[{"embeddable":true,"href":"https:\/\/www.oaxaca.gob.mx\/comunicacion\/wp-json\/wp\/v2\/comments?post=61859"}],"version-history":[{"count":1,"href":"https:\/\/www.oaxaca.gob.mx\/comunicacion\/wp-json\/wp\/v2\/posts\/61859\/revisions"}],"predecessor-version":[{"id":61862,"href":"https:\/\/www.oaxaca.gob.mx\/comunicacion\/wp-json\/wp\/v2\/posts\/61859\/revisions\/61862"}],"wp:featuredmedia":[{"embeddable":true,"href":"https:\/\/www.oaxaca.gob.mx\/comunicacion\/wp-json\/wp\/v2\/media\/61861"}],"wp:attachment":[{"href":"https:\/\/www.oaxaca.gob.mx\/comunicacion\/wp-json\/wp\/v2\/media?parent=61859"}],"wp:term":[{"taxonomy":"category","embeddable":true,"href":"https:\/\/www.oaxaca.gob.mx\/comunicacion\/wp-json\/wp\/v2\/categories?post=61859"},{"taxonomy":"post_tag","embeddable":true,"href":"https:\/\/www.oaxaca.gob.mx\/comunicacion\/wp-json\/wp\/v2\/tags?post=61859"}],"curies":[{"name":"wp","href":"https:\/\/api.w.org\/{rel}","templated":true}]}}