{"id":61665,"date":"2020-09-30T16:12:03","date_gmt":"2020-09-30T21:12:03","guid":{"rendered":"https:\/\/www.oaxaca.gob.mx\/comunicacion\/?p=61665"},"modified":"2020-09-30T17:59:12","modified_gmt":"2020-09-30T22:59:12","slug":"smo-y-legisladoras-en-sinergia-institucional-para-difundir-reformas-electorales","status":"publish","type":"post","link":"https:\/\/www.oaxaca.gob.mx\/comunicacion\/smo-y-legisladoras-en-sinergia-institucional-para-difundir-reformas-electorales\/","title":{"rendered":"SMO y legisladoras en sinergia institucional para difundir reformas electorales"},"content":{"rendered":"\n\t\t<style type=\"text\/css\">\n\t\t\t#gallery-1 {\n\t\t\t\tmargin: auto;\n\t\t\t}\n\t\t\t#gallery-1 .gallery-item {\n\t\t\t\tfloat: left;\n\t\t\t\tmargin-top: 10px;\n\t\t\t\ttext-align: center;\n\t\t\t\twidth: 50%;\n\t\t\t}\n\t\t\t#gallery-1 img {\n\t\t\t\tborder: 2px solid #cfcfcf;\n\t\t\t}\n\t\t\t#gallery-1 .gallery-caption {\n\t\t\t\tmargin-left: 0;\n\t\t\t}\n\t\t\t\/* see gallery_shortcode() in wp-includes\/media.php *\/\n\t\t<\/style>\n\t\t<div id='gallery-1' class='gallery galleryid-61665 gallery-columns-2 gallery-size-medium'><dl class='gallery-item'>\n\t\t\t<dt class='gallery-icon landscape'>\n\t\t\t\t<a href='https:\/\/www.oaxaca.gob.mx\/comunicacion\/smo-y-legisladoras-en-sinergia-institucional-para-difundir-reformas-electorales\/smo-27\/'><img loading=\"lazy\" decoding=\"async\" width=\"300\" height=\"172\" src=\"https:\/\/www.oaxaca.gob.mx\/comunicacion\/wp-content\/uploads\/sites\/28\/2020\/09\/SMO-5-300x172.jpg\" class=\"attachment-medium size-medium\" alt=\"\" srcset=\"https:\/\/www.oaxaca.gob.mx\/comunicacion\/wp-content\/uploads\/sites\/28\/2020\/09\/SMO-5-300x172.jpg 300w, https:\/\/www.oaxaca.gob.mx\/comunicacion\/wp-content\/uploads\/sites\/28\/2020\/09\/SMO-5-1024x586.jpg 1024w, https:\/\/www.oaxaca.gob.mx\/comunicacion\/wp-content\/uploads\/sites\/28\/2020\/09\/SMO-5-768x439.jpg 768w, https:\/\/www.oaxaca.gob.mx\/comunicacion\/wp-content\/uploads\/sites\/28\/2020\/09\/SMO-5.jpg 1280w\" sizes=\"auto, (max-width: 300px) 100vw, 300px\" \/><\/a>\n\t\t\t<\/dt><\/dl><dl class='gallery-item'>\n\t\t\t<dt class='gallery-icon landscape'>\n\t\t\t\t<a href='https:\/\/www.oaxaca.gob.mx\/comunicacion\/smo-y-legisladoras-en-sinergia-institucional-para-difundir-reformas-electorales\/smo-1-48\/'><img loading=\"lazy\" decoding=\"async\" width=\"300\" height=\"169\" src=\"https:\/\/www.oaxaca.gob.mx\/comunicacion\/wp-content\/uploads\/sites\/28\/2020\/09\/SMO-1-1-300x169.jpg\" class=\"attachment-medium size-medium\" alt=\"\" srcset=\"https:\/\/www.oaxaca.gob.mx\/comunicacion\/wp-content\/uploads\/sites\/28\/2020\/09\/SMO-1-1-300x169.jpg 300w, https:\/\/www.oaxaca.gob.mx\/comunicacion\/wp-content\/uploads\/sites\/28\/2020\/09\/SMO-1-1-1024x578.jpg 1024w, https:\/\/www.oaxaca.gob.mx\/comunicacion\/wp-content\/uploads\/sites\/28\/2020\/09\/SMO-1-1-768x434.jpg 768w, https:\/\/www.oaxaca.gob.mx\/comunicacion\/wp-content\/uploads\/sites\/28\/2020\/09\/SMO-1-1.jpg 1280w\" sizes=\"auto, (max-width: 300px) 100vw, 300px\" \/><\/a>\n\t\t\t<\/dt><\/dl><br style=\"clear: both\" \/>\n\t\t<\/div>\n\n<p>&nbsp;<\/p>\n<p><strong>Oaxaca de Ju\u00e1rez, Oax. 30 de septiembre de 2020.<\/strong> Con el objetivo de que m\u00e1s mujeres conozcan las nuevas leyes electorales, la Secretar\u00eda de las Mujeres de Oaxaca (SMO) convoc\u00f3 a legisladoras art\u00edfices de este proceso para hablar de su trabajo y los retos que representa su implementaci\u00f3n en lo local, esto durante la tercera sesi\u00f3n del Coloquio para la Promoci\u00f3n de Liderazgos para las Mujeres.<\/p>\n<p>Al respecto, la titular de la SMO Ana V\u00e1squez Colmenares Guzm\u00e1n, reconoci\u00f3 que Oaxaca ya hab\u00eda trazado un camino en la armonizaci\u00f3n legal y que, gracias a las diputadas y diputados comprometidos, ha sido posible tener ahora un andamiaje que permitir\u00e1 tener a m\u00e1s mujeres en la toma de decisiones y que ocupen los cargos libres de toda violencia, en la medida que las nuevas leyes se apliquen.<\/p>\n<p>\u201cFalta un camino por recorrer\u201d, se\u00f1al\u00f3 la funcionaria y presidenta del Observatorio de Participaci\u00f3n Pol\u00edtica de las Mujeres en Oaxaca. \u201cQueremos que las mujeres j\u00f3venes, ind\u00edgenas, mestizas, afrodescendientes, adultas mayores, con discapacidad, todas las que tengan algo que aportar, encuentren las condiciones \u00f3ptimas para participar en sus comunidades, por ello estamos hoy tejiendo redes\u201d.<\/p>\n<p>Previo al conversatorio donde participaron las diputadas Roc\u00edo Machuca, Arcelia L\u00f3pez Hern\u00e1ndez, Mar\u00eda de Jes\u00fas Mendoza, Eliza Zepeda Lagunas; la especialista en g\u00e9nero, Teresa Hevia Rocha dict\u00f3 la conferencia magistral titulada \u201cC\u00f3mo impactan las reformas locales de paridad y violencia pol\u00edtica\u201d, donde narr\u00f3 los or\u00edgenes de la violencia pol\u00edtica y el largo camino de las nuevas reformas en materia electoral.<\/p>\n<p>Asimismo, la ponente describi\u00f3 en qu\u00e9 consistieron los cambios legales, cu\u00e1les ordenamientos fueron reformados y c\u00f3mo se consider\u00f3 el impacto diferenciado de la violencia pol\u00edtica para mujeres y hombres, las aportaciones de la ley de Oaxaca, de las organizaciones sociales, as\u00ed como las caracter\u00edsticas de la ley general que fortalecen la norma local.<\/p>\n<p>Hevia Rocha pidi\u00f3 a las mujeres en los cargos y a las aspirantes, a no permitir que las violenten, a que denuncien y que no se sientan solas en caso de padecer violencia pol\u00edtica en raz\u00f3n de g\u00e9nero.<\/p>\n<p>Tras agradecer la invitaci\u00f3n de la titular de la SMO, las diputadas se\u00f1alaron a detalle el antes y el despu\u00e9s de la reforma electoral en la entidad, tambi\u00e9n describieron en qu\u00e9 consiste el andamiaje legal para combatir la violencia pol\u00edtica contra las mujeres en raz\u00f3n de g\u00e9nero y coincidieron en el necesario y urgente reforzamiento de la coordinaci\u00f3n institucional para que las mujeres accedan a la justicia.<\/p>\n<p>Al cierre, la representante de la Consejer\u00eda Jur\u00eddica del Ejecutivo, Mari Carmen Cejudo Gallardo, resalt\u00f3 el compromiso de gobernador Alejandro Murat Hinojosa para continuar promoviendo la participaci\u00f3n igualitaria de las mujeres en el desarrollo pol\u00edtico del estado, por ejemplo, con la emisi\u00f3n de la convocatoria exclusiva para mujeres, para el cargo de magistrada del Tribunal Superior de Justicia.<\/p>\n<p>Para ver la conferencia y conversatorio completos puede consultar la liga: <a href=\"https:\/\/www.facebook.com\/SMOGobOax\/videos\/329556911683291\" target=\"_blank\" rel=\"noopener noreferrer\" data-saferedirecturl=\"https:\/\/www.google.com\/url?q=https:\/\/www.facebook.com\/SMOGobOax\/videos\/329556911683291&amp;source=gmail&amp;ust=1601592878635000&amp;usg=AFQjCNEmn-tFfflvuO8M2TYdqpqNNpuHVw\">https:\/\/www.facebook.com\/SMOGobOax\/videos\/329556911683291<\/a><\/p>\n<p style=\"text-align: center\"><strong>-O-<\/strong><\/p>\n","protected":false},"excerpt":{"rendered":"<p>&nbsp; Oaxaca de Ju\u00e1rez, Oax. 30 de septiembre de 2020. Con el objetivo de que m\u00e1s mujeres conozcan las nuevas leyes electorales, la Secretar\u00eda de las Mujeres de Oaxaca (SMO) convoc\u00f3 a legisladoras art\u00edfices de este proceso para hablar de su trabajo y los retos que representa su implementaci\u00f3n en lo local, esto durante la [&hellip;]<\/p>\n","protected":false},"author":99,"featured_media":61666,"comment_status":"open","ping_status":"open","sticky":false,"template":"","format":"standard","meta":{"episode_type":"","audio_file":"","podmotor_file_id":"","podmotor_episode_id":"","cover_image":"","cover_image_id":"","duration":"","filesize":"","filesize_raw":"","date_recorded":"","explicit":"","block":"","itunes_episode_number":"","itunes_title":"","itunes_season_number":"","itunes_episode_type":"","footnotes":""},"categories":[8],"tags":[],"class_list":["post-61665","post","type-post","status-publish","format-standard","has-post-thumbnail","hentry","category-noticias"],"acf":[],"publishpress_future_action":{"enabled":false,"date":"2026-05-08 11:21:19","action":"change-status","newStatus":"draft","terms":[],"taxonomy":"category","extraData":[]},"publishpress_future_workflow_manual_trigger":{"enabledWorkflows":[]},"_links":{"self":[{"href":"https:\/\/www.oaxaca.gob.mx\/comunicacion\/wp-json\/wp\/v2\/posts\/61665","targetHints":{"allow":["GET"]}}],"collection":[{"href":"https:\/\/www.oaxaca.gob.mx\/comunicacion\/wp-json\/wp\/v2\/posts"}],"about":[{"href":"https:\/\/www.oaxaca.gob.mx\/comunicacion\/wp-json\/wp\/v2\/types\/post"}],"author":[{"embeddable":true,"href":"https:\/\/www.oaxaca.gob.mx\/comunicacion\/wp-json\/wp\/v2\/users\/99"}],"replies":[{"embeddable":true,"href":"https:\/\/www.oaxaca.gob.mx\/comunicacion\/wp-json\/wp\/v2\/comments?post=61665"}],"version-history":[{"count":1,"href":"https:\/\/www.oaxaca.gob.mx\/comunicacion\/wp-json\/wp\/v2\/posts\/61665\/revisions"}],"predecessor-version":[{"id":61668,"href":"https:\/\/www.oaxaca.gob.mx\/comunicacion\/wp-json\/wp\/v2\/posts\/61665\/revisions\/61668"}],"wp:featuredmedia":[{"embeddable":true,"href":"https:\/\/www.oaxaca.gob.mx\/comunicacion\/wp-json\/wp\/v2\/media\/61666"}],"wp:attachment":[{"href":"https:\/\/www.oaxaca.gob.mx\/comunicacion\/wp-json\/wp\/v2\/media?parent=61665"}],"wp:term":[{"taxonomy":"category","embeddable":true,"href":"https:\/\/www.oaxaca.gob.mx\/comunicacion\/wp-json\/wp\/v2\/categories?post=61665"},{"taxonomy":"post_tag","embeddable":true,"href":"https:\/\/www.oaxaca.gob.mx\/comunicacion\/wp-json\/wp\/v2\/tags?post=61665"}],"curies":[{"name":"wp","href":"https:\/\/api.w.org\/{rel}","templated":true}]}}