{"id":59803,"date":"2020-08-18T10:28:58","date_gmt":"2020-08-18T15:28:58","guid":{"rendered":"https:\/\/www.oaxaca.gob.mx\/comunicacion\/?p=59803"},"modified":"2020-08-18T11:39:37","modified_gmt":"2020-08-18T16:39:37","slug":"compania-estatal-de-danza-contemporanea-de-oaxaca-tres-decadas-promoviendo-la-cultura","status":"publish","type":"post","link":"https:\/\/www.oaxaca.gob.mx\/comunicacion\/compania-estatal-de-danza-contemporanea-de-oaxaca-tres-decadas-promoviendo-la-cultura\/","title":{"rendered":"Compa\u00f1\u00eda Estatal de Danza Contempor\u00e1nea de Oaxaca, tres d\u00e9cadas promoviendo la cultura"},"content":{"rendered":"\n\t\t<style type=\"text\/css\">\n\t\t\t#gallery-1 {\n\t\t\t\tmargin: auto;\n\t\t\t}\n\t\t\t#gallery-1 .gallery-item {\n\t\t\t\tfloat: left;\n\t\t\t\tmargin-top: 10px;\n\t\t\t\ttext-align: center;\n\t\t\t\twidth: 50%;\n\t\t\t}\n\t\t\t#gallery-1 img {\n\t\t\t\tborder: 2px solid #cfcfcf;\n\t\t\t}\n\t\t\t#gallery-1 .gallery-caption {\n\t\t\t\tmargin-left: 0;\n\t\t\t}\n\t\t\t\/* see gallery_shortcode() in wp-includes\/media.php *\/\n\t\t<\/style>\n\t\t<div id='gallery-1' class='gallery galleryid-59803 gallery-columns-2 gallery-size-medium'><dl class='gallery-item'>\n\t\t\t<dt class='gallery-icon landscape'>\n\t\t\t\t<a href='https:\/\/www.oaxaca.gob.mx\/comunicacion\/compania-estatal-de-danza-contemporanea-de-oaxaca-tres-decadas-promoviendo-la-cultura\/cdco2\/'><img loading=\"lazy\" decoding=\"async\" width=\"300\" height=\"188\" src=\"https:\/\/www.oaxaca.gob.mx\/comunicacion\/wp-content\/uploads\/sites\/28\/2020\/08\/CDCO2-300x188.jpeg\" class=\"attachment-medium size-medium\" alt=\"\" srcset=\"https:\/\/www.oaxaca.gob.mx\/comunicacion\/wp-content\/uploads\/sites\/28\/2020\/08\/CDCO2-300x188.jpeg 300w, https:\/\/www.oaxaca.gob.mx\/comunicacion\/wp-content\/uploads\/sites\/28\/2020\/08\/CDCO2-1024x640.jpeg 1024w, https:\/\/www.oaxaca.gob.mx\/comunicacion\/wp-content\/uploads\/sites\/28\/2020\/08\/CDCO2-768x480.jpeg 768w, https:\/\/www.oaxaca.gob.mx\/comunicacion\/wp-content\/uploads\/sites\/28\/2020\/08\/CDCO2.jpeg 1280w\" sizes=\"auto, (max-width: 300px) 100vw, 300px\" \/><\/a>\n\t\t\t<\/dt><\/dl><dl class='gallery-item'>\n\t\t\t<dt class='gallery-icon landscape'>\n\t\t\t\t<a href='https:\/\/www.oaxaca.gob.mx\/comunicacion\/compania-estatal-de-danza-contemporanea-de-oaxaca-tres-decadas-promoviendo-la-cultura\/cdco1\/'><img loading=\"lazy\" decoding=\"async\" width=\"300\" height=\"188\" src=\"https:\/\/www.oaxaca.gob.mx\/comunicacion\/wp-content\/uploads\/sites\/28\/2020\/08\/CDCO1-300x188.jpeg\" class=\"attachment-medium size-medium\" alt=\"\" srcset=\"https:\/\/www.oaxaca.gob.mx\/comunicacion\/wp-content\/uploads\/sites\/28\/2020\/08\/CDCO1-300x188.jpeg 300w, https:\/\/www.oaxaca.gob.mx\/comunicacion\/wp-content\/uploads\/sites\/28\/2020\/08\/CDCO1-1024x640.jpeg 1024w, https:\/\/www.oaxaca.gob.mx\/comunicacion\/wp-content\/uploads\/sites\/28\/2020\/08\/CDCO1-768x480.jpeg 768w, https:\/\/www.oaxaca.gob.mx\/comunicacion\/wp-content\/uploads\/sites\/28\/2020\/08\/CDCO1.jpeg 1280w\" sizes=\"auto, (max-width: 300px) 100vw, 300px\" \/><\/a>\n\t\t\t<\/dt><\/dl><br style=\"clear: both\" \/>\n\t\t<\/div>\n\n<ul>\n<li>Ha estado presente en los mejores escenarios de m\u00e1s de 100 ciudades de nuestro pa\u00eds y en prestigiados escenarios de Cuba, Guatemala, Belice, Nueva York y Barcelona<\/li>\n<\/ul>\n<p><strong>Oaxaca de Ju\u00e1rez, Oax. 18 de agosto de 2020.-<\/strong>\u00a0La Compa\u00f1\u00eda Estatal de Danza Contempor\u00e1nea de Oaxaca con sede en la Escuela de Bellas Artes de la Universidad Aut\u00f3noma \u201cBenito Ju\u00e1rez\u201d de Oaxaca, ha promovido permanentemente su actividad coreogr\u00e1fica, trabajando con empe\u00f1o, disciplina y constancia durante tres d\u00e9cadas.<\/p>\n<p>Formada el 15 de abril de 1982, bajo la direcci\u00f3n art\u00edstica de la maestra Alejandra Serret, la Compa\u00f1\u00eda Estatal de Danza Contempor\u00e1nea de Oaxaca ha sobresalido en distintos \u00e1mbitos, gracias a la calidad de sus propuestas creativas, que suman m\u00e1s de 120 montajes esc\u00e9nicos, a cargo de core\u00f3grafos residentes y core\u00f3grafos invitados.<\/p>\n<p>A lo largo de estos m\u00e1s de 30 a\u00f1os, esta agrupaci\u00f3n art\u00edstica ha visitado las ocho regiones del estado, y participado en festivales de la ciudad y las distintas temporadas anuales de la propia agrupaci\u00f3n art\u00edstica, siendo plataforma permanente de la formaci\u00f3n de un p\u00fablico asiduo.<\/p>\n<p>A nivel nacional e internacional, la Compa\u00f1\u00eda Estatal de Danza Contempor\u00e1nea de Oaxaca ha estado presente en los mejores escenarios de m\u00e1s de 100 ciudades de nuestro pa\u00eds y en prestigiados escenarios de Cuba, Guatemala, Belice, Nueva York y Barcelona.<\/p>\n<p>En materia de entrenamiento y capacitaci\u00f3n, se ha contado con la frecuente colaboraci\u00f3n especializada de innumerables maestros de prestigio nacional e internacional y un sinn\u00famero de reconocidos artistas de diversas disciplinas y de promotores culturales y colaboradores.<\/p>\n<p>La b\u00fasqueda de un lenguaje propio, la aut\u00e9ntica necesidad de expresi\u00f3n de sus creadores y la tenacidad, constancia y permanencia de un meticuloso trabajo cotidiano, han sido, la columna vertebral de la Compa\u00f1\u00eda Estatal de Danza Contempor\u00e1nea de Oaxaca, que ha puesto en alto la cultura del estado.<\/p>\n<p>&nbsp;<\/p>\n","protected":false},"excerpt":{"rendered":"<p>Ha estado presente en los mejores escenarios de m\u00e1s de 100 ciudades de nuestro pa\u00eds y en prestigiados escenarios de Cuba, Guatemala, Belice, Nueva York y Barcelona Oaxaca de Ju\u00e1rez, Oax. 18 de agosto de 2020.-\u00a0La Compa\u00f1\u00eda Estatal de Danza Contempor\u00e1nea de Oaxaca con sede en la Escuela de Bellas Artes de la Universidad Aut\u00f3noma [&hellip;]<\/p>\n","protected":false},"author":34,"featured_media":59805,"comment_status":"open","ping_status":"open","sticky":false,"template":"","format":"standard","meta":{"episode_type":"","audio_file":"","podmotor_file_id":"","podmotor_episode_id":"","cover_image":"","cover_image_id":"","duration":"","filesize":"","filesize_raw":"","date_recorded":"","explicit":"","block":"","itunes_episode_number":"","itunes_title":"","itunes_season_number":"","itunes_episode_type":"","footnotes":""},"categories":[8],"tags":[539],"class_list":["post-59803","post","type-post","status-publish","format-standard","has-post-thumbnail","hentry","category-noticias","tag-cdco"],"acf":[],"publishpress_future_action":{"enabled":false,"date":"2026-05-10 06:25:15","action":"change-status","newStatus":"draft","terms":[],"taxonomy":"category","extraData":[]},"publishpress_future_workflow_manual_trigger":{"enabledWorkflows":[]},"_links":{"self":[{"href":"https:\/\/www.oaxaca.gob.mx\/comunicacion\/wp-json\/wp\/v2\/posts\/59803","targetHints":{"allow":["GET"]}}],"collection":[{"href":"https:\/\/www.oaxaca.gob.mx\/comunicacion\/wp-json\/wp\/v2\/posts"}],"about":[{"href":"https:\/\/www.oaxaca.gob.mx\/comunicacion\/wp-json\/wp\/v2\/types\/post"}],"author":[{"embeddable":true,"href":"https:\/\/www.oaxaca.gob.mx\/comunicacion\/wp-json\/wp\/v2\/users\/34"}],"replies":[{"embeddable":true,"href":"https:\/\/www.oaxaca.gob.mx\/comunicacion\/wp-json\/wp\/v2\/comments?post=59803"}],"version-history":[{"count":1,"href":"https:\/\/www.oaxaca.gob.mx\/comunicacion\/wp-json\/wp\/v2\/posts\/59803\/revisions"}],"predecessor-version":[{"id":59806,"href":"https:\/\/www.oaxaca.gob.mx\/comunicacion\/wp-json\/wp\/v2\/posts\/59803\/revisions\/59806"}],"wp:featuredmedia":[{"embeddable":true,"href":"https:\/\/www.oaxaca.gob.mx\/comunicacion\/wp-json\/wp\/v2\/media\/59805"}],"wp:attachment":[{"href":"https:\/\/www.oaxaca.gob.mx\/comunicacion\/wp-json\/wp\/v2\/media?parent=59803"}],"wp:term":[{"taxonomy":"category","embeddable":true,"href":"https:\/\/www.oaxaca.gob.mx\/comunicacion\/wp-json\/wp\/v2\/categories?post=59803"},{"taxonomy":"post_tag","embeddable":true,"href":"https:\/\/www.oaxaca.gob.mx\/comunicacion\/wp-json\/wp\/v2\/tags?post=59803"}],"curies":[{"name":"wp","href":"https:\/\/api.w.org\/{rel}","templated":true}]}}