{"id":59542,"date":"2020-08-11T18:12:58","date_gmt":"2020-08-11T23:12:58","guid":{"rendered":"https:\/\/www.oaxaca.gob.mx\/comunicacion\/?p=59542"},"modified":"2020-08-11T18:12:58","modified_gmt":"2020-08-11T23:12:58","slug":"avanza-gobierno-de-oaxaca-en-el-cumplimiento-de-los-objetivos-de-desarrollo-sostenible","status":"publish","type":"post","link":"https:\/\/www.oaxaca.gob.mx\/comunicacion\/avanza-gobierno-de-oaxaca-en-el-cumplimiento-de-los-objetivos-de-desarrollo-sostenible\/","title":{"rendered":"Avanza Gobierno de Oaxaca en el cumplimiento de los Objetivos de Desarrollo Sostenible"},"content":{"rendered":"\n\t\t<style type=\"text\/css\">\n\t\t\t#gallery-1 {\n\t\t\t\tmargin: auto;\n\t\t\t}\n\t\t\t#gallery-1 .gallery-item {\n\t\t\t\tfloat: left;\n\t\t\t\tmargin-top: 10px;\n\t\t\t\ttext-align: center;\n\t\t\t\twidth: 33%;\n\t\t\t}\n\t\t\t#gallery-1 img {\n\t\t\t\tborder: 2px solid #cfcfcf;\n\t\t\t}\n\t\t\t#gallery-1 .gallery-caption {\n\t\t\t\tmargin-left: 0;\n\t\t\t}\n\t\t\t\/* see gallery_shortcode() in wp-includes\/media.php *\/\n\t\t<\/style>\n\t\t<div id='gallery-1' class='gallery galleryid-59542 gallery-columns-3 gallery-size-medium'><dl class='gallery-item'>\n\t\t\t<dt class='gallery-icon landscape'>\n\t\t\t\t<a href='https:\/\/www.oaxaca.gob.mx\/comunicacion\/avanza-gobierno-de-oaxaca-en-el-cumplimiento-de-los-objetivos-de-desarrollo-sostenible\/sebien-01-4\/'><img loading=\"lazy\" decoding=\"async\" width=\"300\" height=\"200\" src=\"https:\/\/www.oaxaca.gob.mx\/comunicacion\/wp-content\/uploads\/sites\/28\/2020\/08\/SEBIEN-01-300x200.jpg\" class=\"attachment-medium size-medium\" alt=\"\" srcset=\"https:\/\/www.oaxaca.gob.mx\/comunicacion\/wp-content\/uploads\/sites\/28\/2020\/08\/SEBIEN-01-300x200.jpg 300w, https:\/\/www.oaxaca.gob.mx\/comunicacion\/wp-content\/uploads\/sites\/28\/2020\/08\/SEBIEN-01-1024x682.jpg 1024w, https:\/\/www.oaxaca.gob.mx\/comunicacion\/wp-content\/uploads\/sites\/28\/2020\/08\/SEBIEN-01-768x512.jpg 768w, https:\/\/www.oaxaca.gob.mx\/comunicacion\/wp-content\/uploads\/sites\/28\/2020\/08\/SEBIEN-01.jpg 1280w\" sizes=\"auto, (max-width: 300px) 100vw, 300px\" \/><\/a>\n\t\t\t<\/dt><\/dl><dl class='gallery-item'>\n\t\t\t<dt class='gallery-icon landscape'>\n\t\t\t\t<a href='https:\/\/www.oaxaca.gob.mx\/comunicacion\/avanza-gobierno-de-oaxaca-en-el-cumplimiento-de-los-objetivos-de-desarrollo-sostenible\/sebien-02-5\/'><img loading=\"lazy\" decoding=\"async\" width=\"300\" height=\"203\" src=\"https:\/\/www.oaxaca.gob.mx\/comunicacion\/wp-content\/uploads\/sites\/28\/2020\/08\/SEBIEN-02-300x203.jpg\" class=\"attachment-medium size-medium\" alt=\"\" srcset=\"https:\/\/www.oaxaca.gob.mx\/comunicacion\/wp-content\/uploads\/sites\/28\/2020\/08\/SEBIEN-02-300x203.jpg 300w, https:\/\/www.oaxaca.gob.mx\/comunicacion\/wp-content\/uploads\/sites\/28\/2020\/08\/SEBIEN-02-1024x691.jpg 1024w, https:\/\/www.oaxaca.gob.mx\/comunicacion\/wp-content\/uploads\/sites\/28\/2020\/08\/SEBIEN-02-768x518.jpg 768w, https:\/\/www.oaxaca.gob.mx\/comunicacion\/wp-content\/uploads\/sites\/28\/2020\/08\/SEBIEN-02.jpg 1280w\" sizes=\"auto, (max-width: 300px) 100vw, 300px\" \/><\/a>\n\t\t\t<\/dt><\/dl><dl class='gallery-item'>\n\t\t\t<dt class='gallery-icon landscape'>\n\t\t\t\t<a href='https:\/\/www.oaxaca.gob.mx\/comunicacion\/avanza-gobierno-de-oaxaca-en-el-cumplimiento-de-los-objetivos-de-desarrollo-sostenible\/sebien-03-5\/'><img loading=\"lazy\" decoding=\"async\" width=\"300\" height=\"199\" src=\"https:\/\/www.oaxaca.gob.mx\/comunicacion\/wp-content\/uploads\/sites\/28\/2020\/08\/SEBIEN-03-300x199.jpg\" class=\"attachment-medium size-medium\" alt=\"\" srcset=\"https:\/\/www.oaxaca.gob.mx\/comunicacion\/wp-content\/uploads\/sites\/28\/2020\/08\/SEBIEN-03-300x199.jpg 300w, https:\/\/www.oaxaca.gob.mx\/comunicacion\/wp-content\/uploads\/sites\/28\/2020\/08\/SEBIEN-03-1024x678.jpg 1024w, https:\/\/www.oaxaca.gob.mx\/comunicacion\/wp-content\/uploads\/sites\/28\/2020\/08\/SEBIEN-03-768x508.jpg 768w, https:\/\/www.oaxaca.gob.mx\/comunicacion\/wp-content\/uploads\/sites\/28\/2020\/08\/SEBIEN-03.jpg 1280w\" sizes=\"auto, (max-width: 300px) 100vw, 300px\" \/><\/a>\n\t\t\t<\/dt><\/dl><br style=\"clear: both\" \/><dl class='gallery-item'>\n\t\t\t<dt class='gallery-icon landscape'>\n\t\t\t\t<a href='https:\/\/www.oaxaca.gob.mx\/comunicacion\/avanza-gobierno-de-oaxaca-en-el-cumplimiento-de-los-objetivos-de-desarrollo-sostenible\/sebien-04-4\/'><img loading=\"lazy\" decoding=\"async\" width=\"300\" height=\"200\" src=\"https:\/\/www.oaxaca.gob.mx\/comunicacion\/wp-content\/uploads\/sites\/28\/2020\/08\/SEBIEN-04-300x200.jpg\" class=\"attachment-medium size-medium\" alt=\"\" srcset=\"https:\/\/www.oaxaca.gob.mx\/comunicacion\/wp-content\/uploads\/sites\/28\/2020\/08\/SEBIEN-04-300x200.jpg 300w, https:\/\/www.oaxaca.gob.mx\/comunicacion\/wp-content\/uploads\/sites\/28\/2020\/08\/SEBIEN-04-1024x682.jpg 1024w, https:\/\/www.oaxaca.gob.mx\/comunicacion\/wp-content\/uploads\/sites\/28\/2020\/08\/SEBIEN-04-768x512.jpg 768w, https:\/\/www.oaxaca.gob.mx\/comunicacion\/wp-content\/uploads\/sites\/28\/2020\/08\/SEBIEN-04.jpg 1280w\" sizes=\"auto, (max-width: 300px) 100vw, 300px\" \/><\/a>\n\t\t\t<\/dt><\/dl><dl class='gallery-item'>\n\t\t\t<dt class='gallery-icon landscape'>\n\t\t\t\t<a href='https:\/\/www.oaxaca.gob.mx\/comunicacion\/avanza-gobierno-de-oaxaca-en-el-cumplimiento-de-los-objetivos-de-desarrollo-sostenible\/sebien-06-2\/'><img loading=\"lazy\" decoding=\"async\" width=\"300\" height=\"200\" src=\"https:\/\/www.oaxaca.gob.mx\/comunicacion\/wp-content\/uploads\/sites\/28\/2020\/08\/SEBIEN-06-300x200.jpeg\" class=\"attachment-medium size-medium\" alt=\"\" srcset=\"https:\/\/www.oaxaca.gob.mx\/comunicacion\/wp-content\/uploads\/sites\/28\/2020\/08\/SEBIEN-06-300x200.jpeg 300w, https:\/\/www.oaxaca.gob.mx\/comunicacion\/wp-content\/uploads\/sites\/28\/2020\/08\/SEBIEN-06-1024x682.jpeg 1024w, https:\/\/www.oaxaca.gob.mx\/comunicacion\/wp-content\/uploads\/sites\/28\/2020\/08\/SEBIEN-06-768x512.jpeg 768w, https:\/\/www.oaxaca.gob.mx\/comunicacion\/wp-content\/uploads\/sites\/28\/2020\/08\/SEBIEN-06.jpeg 1280w\" sizes=\"auto, (max-width: 300px) 100vw, 300px\" \/><\/a>\n\t\t\t<\/dt><\/dl>\n\t\t\t<br style='clear: both' \/>\n\t\t<\/div>\n\n<p>&nbsp;<\/p>\n<p>&nbsp;<\/p>\n<p>&nbsp;<\/p>\n<ul>\n<li>Con la firma del convenio de colaboraci\u00f3n entre la Sebien y Grupo Tekiti, se busca fortalecer las capacidades de las y los artesanos oaxaque\u00f1os<\/li>\n<\/ul>\n<p><strong>Oaxaca de Ju\u00e1rez, Oax. 11 de agosto de 2020.<\/strong>\u00a0El Gobierno del Estado de Oaxaca, a trav\u00e9s de la Secretar\u00eda de Bienestar (Sebien), firm\u00f3 un convenio de colaboraci\u00f3n con el Grupo Tekiti para fomentar la econom\u00eda social en la entidad y de esta manera incidir en el beneficio de grupos de artesanas y artesanos oaxaque\u00f1os.<\/p>\n<p>La titular de la Sebien, Yolanda Mart\u00ednez L\u00f3pez, dio a conocer que esta alianza busca impulsar el comercio justo, as\u00ed como brindar herramientas a las y los artesanos y peque\u00f1os productores locales para que puedan comercializar sus art\u00edculos bajo un enfoque que respete su trabajo y genere un consumo consciente y a nivel local.<\/p>\n<p>\u201cCon este tipo de acciones se impulsa el cumplimiento de los Objetivos del Desarrollo Sostenible (ODS) de la Agenda 2030, espec\u00edficamente el ODS 8, enfocado al consumo responsable y el ODS 17, referido a la generaci\u00f3n de alianzas para lograr objetivos\u201d, se\u00f1al\u00f3 la secretaria Yolanda Mart\u00ednez L\u00f3pez.<\/p>\n<p>Destac\u00f3 que la administraci\u00f3n estatal, bajo el liderazgo del gobernador Alejandro Murat Hinojosa, trabaja en el cumplimiento de los ODS, a trav\u00e9s de la capacitaci\u00f3n y vinculaci\u00f3n con organizaciones a nivel local, nacional e internacional.<\/p>\n<p>Durante la firma del convenio, la representante de Grupo Tekiti, Sof\u00eda Cruz del R\u00edo Castellanos, expres\u00f3 que con esta colaboraci\u00f3n se espera que las y los artesanos fortalezcan sus capacidades durante la elaboraci\u00f3n y comercializaci\u00f3n de sus productos.<\/p>\n<p>\u201cOaxaca tiene un gran potencial, debido a la variedad de artesan\u00edas que se realizan y los materiales con los que las elaboran, adem\u00e1s del talento de sus habitantes\u201d, precis\u00f3 la tambi\u00e9n fundadora de Grupo Tekiti.<\/p>\n<p>Aunado a la firma del convenio, se realiz\u00f3 un recorrido por diversas comunidades del territorio oaxaque\u00f1o, en las que tanto el equipo de la Sebien, encabezado por la secretaria Yolanda Mart\u00ednez L\u00f3pez, como integrantes de la asociaci\u00f3n Tekiti, establecieron el v\u00ednculo directamente con las y los artesanos de estas zonas prioritarias.<\/p>\n<p>Finalmente, la responsable de la pol\u00edtica social en el estado se\u00f1al\u00f3 que, \u201cpara no dejar a nadie atr\u00e1s e incidir de manera positiva en el cumplimiento de esta agenda internacional, es fundamental la colaboraci\u00f3n de la sociedad civil, la academia, as\u00ed como el sector p\u00fablico y privado\u201d, por lo que exhort\u00f3 a quienes formen parte de estos sectores a tener una participaci\u00f3n activa en el cumplimiento de los Objetivos del Desarrollo Sostenible.<\/p>\n<p>&nbsp;<\/p>\n<p style=\"text-align: center\">-0-<\/p>\n","protected":false},"excerpt":{"rendered":"<p>&nbsp; &nbsp; &nbsp; Con la firma del convenio de colaboraci\u00f3n entre la Sebien y Grupo Tekiti, se busca fortalecer las capacidades de las y los artesanos oaxaque\u00f1os Oaxaca de Ju\u00e1rez, Oax. 11 de agosto de 2020.\u00a0El Gobierno del Estado de Oaxaca, a trav\u00e9s de la Secretar\u00eda de Bienestar (Sebien), firm\u00f3 un convenio de colaboraci\u00f3n con [&hellip;]<\/p>\n","protected":false},"author":98,"featured_media":59545,"comment_status":"open","ping_status":"open","sticky":false,"template":"","format":"standard","meta":{"episode_type":"","audio_file":"","podmotor_file_id":"","podmotor_episode_id":"","cover_image":"","cover_image_id":"","duration":"","filesize":"","filesize_raw":"","date_recorded":"","explicit":"","block":"","itunes_episode_number":"","itunes_title":"","itunes_season_number":"","itunes_episode_type":"","footnotes":""},"categories":[8],"tags":[],"class_list":["post-59542","post","type-post","status-publish","format-standard","has-post-thumbnail","hentry","category-noticias"],"acf":[],"publishpress_future_action":{"enabled":false,"date":"2026-05-06 17:35:46","action":"change-status","newStatus":"draft","terms":[],"taxonomy":"category","extraData":[]},"publishpress_future_workflow_manual_trigger":{"enabledWorkflows":[]},"_links":{"self":[{"href":"https:\/\/www.oaxaca.gob.mx\/comunicacion\/wp-json\/wp\/v2\/posts\/59542","targetHints":{"allow":["GET"]}}],"collection":[{"href":"https:\/\/www.oaxaca.gob.mx\/comunicacion\/wp-json\/wp\/v2\/posts"}],"about":[{"href":"https:\/\/www.oaxaca.gob.mx\/comunicacion\/wp-json\/wp\/v2\/types\/post"}],"author":[{"embeddable":true,"href":"https:\/\/www.oaxaca.gob.mx\/comunicacion\/wp-json\/wp\/v2\/users\/98"}],"replies":[{"embeddable":true,"href":"https:\/\/www.oaxaca.gob.mx\/comunicacion\/wp-json\/wp\/v2\/comments?post=59542"}],"version-history":[{"count":1,"href":"https:\/\/www.oaxaca.gob.mx\/comunicacion\/wp-json\/wp\/v2\/posts\/59542\/revisions"}],"predecessor-version":[{"id":59548,"href":"https:\/\/www.oaxaca.gob.mx\/comunicacion\/wp-json\/wp\/v2\/posts\/59542\/revisions\/59548"}],"wp:featuredmedia":[{"embeddable":true,"href":"https:\/\/www.oaxaca.gob.mx\/comunicacion\/wp-json\/wp\/v2\/media\/59545"}],"wp:attachment":[{"href":"https:\/\/www.oaxaca.gob.mx\/comunicacion\/wp-json\/wp\/v2\/media?parent=59542"}],"wp:term":[{"taxonomy":"category","embeddable":true,"href":"https:\/\/www.oaxaca.gob.mx\/comunicacion\/wp-json\/wp\/v2\/categories?post=59542"},{"taxonomy":"post_tag","embeddable":true,"href":"https:\/\/www.oaxaca.gob.mx\/comunicacion\/wp-json\/wp\/v2\/tags?post=59542"}],"curies":[{"name":"wp","href":"https:\/\/api.w.org\/{rel}","templated":true}]}}