{"id":58988,"date":"2020-07-27T09:10:02","date_gmt":"2020-07-27T14:10:02","guid":{"rendered":"https:\/\/www.oaxaca.gob.mx\/comunicacion\/?p=58988"},"modified":"2020-07-27T10:18:52","modified_gmt":"2020-07-27T15:18:52","slug":"en-linea-comienza-la-capacitacion-docente-del-cobao","status":"publish","type":"post","link":"https:\/\/www.oaxaca.gob.mx\/comunicacion\/en-linea-comienza-la-capacitacion-docente-del-cobao\/","title":{"rendered":"En l\u00ednea, comienza la capacitaci\u00f3n docente del Cobao"},"content":{"rendered":"\n\t\t<style type=\"text\/css\">\n\t\t\t#gallery-1 {\n\t\t\t\tmargin: auto;\n\t\t\t}\n\t\t\t#gallery-1 .gallery-item {\n\t\t\t\tfloat: left;\n\t\t\t\tmargin-top: 10px;\n\t\t\t\ttext-align: center;\n\t\t\t\twidth: 100%;\n\t\t\t}\n\t\t\t#gallery-1 img {\n\t\t\t\tborder: 2px solid #cfcfcf;\n\t\t\t}\n\t\t\t#gallery-1 .gallery-caption {\n\t\t\t\tmargin-left: 0;\n\t\t\t}\n\t\t\t\/* see gallery_shortcode() in wp-includes\/media.php *\/\n\t\t<\/style>\n\t\t<div id='gallery-1' class='gallery galleryid-58988 gallery-columns-1 gallery-size-medium'><dl class='gallery-item'>\n\t\t\t<dt class='gallery-icon landscape'>\n\t\t\t\t<a href='https:\/\/www.oaxaca.gob.mx\/comunicacion\/en-linea-comienza-la-capacitacion-docente-del-cobao\/cobao-8\/'><img loading=\"lazy\" decoding=\"async\" width=\"300\" height=\"200\" src=\"https:\/\/www.oaxaca.gob.mx\/comunicacion\/wp-content\/uploads\/sites\/28\/2020\/07\/COBAO-300x200.jpg\" class=\"attachment-medium size-medium\" alt=\"\" srcset=\"https:\/\/www.oaxaca.gob.mx\/comunicacion\/wp-content\/uploads\/sites\/28\/2020\/07\/COBAO-300x200.jpg 300w, https:\/\/www.oaxaca.gob.mx\/comunicacion\/wp-content\/uploads\/sites\/28\/2020\/07\/COBAO-768x512.jpg 768w, https:\/\/www.oaxaca.gob.mx\/comunicacion\/wp-content\/uploads\/sites\/28\/2020\/07\/COBAO.jpg 800w\" sizes=\"auto, (max-width: 300px) 100vw, 300px\" \/><\/a>\n\t\t\t<\/dt><\/dl><br style=\"clear: both\" \/>\n\t\t<\/div>\n\n<p><strong>Oaxaca de Ju\u00e1<\/strong><strong>rez, Oax., 27 de julio de 2020.<\/strong>\u00a0Por primera ocasi\u00f3n, las jornadas de capacitaci\u00f3n del Colegio de Bachilleres del Estado de Oaxaca (Cobao), se desarrollar\u00e1n \u00fanicamente en la modalidad en l\u00ednea. Participar\u00e1n docentes, t\u00e9cnicos docentes, asesores de contenido, asesores psicopedag\u00f3gicos, orientadores educativos y personal directivo.<\/p>\n<p>La instituci\u00f3n educativa se ha distinguido por privilegiar los procesos de capacitaci\u00f3n continua para sus docentes; por ello, el gobernador Alejandro Murat Hinojosa, ha manifestado su respaldo para seguir fortaleciendo la educaci\u00f3n p\u00fablica de calidad.<\/p>\n<p>\u201cGracias a la capacitaci\u00f3n continua que reciben las y los colaboradores del Cobao, la calidad educativa que se imparte en los 68 planteles y 13 centros de educaci\u00f3n abierta, han logrado los buenos resultados para Oaxaca\u201d, resalt\u00f3 el director general de Cobao, Rodrigo Gonz\u00e1lez Illescas.<\/p>\n<p>Las jornadas de capacitaci\u00f3n se realizar\u00e1n del 27 al 31 de julio para las y los trabajadores del sistema escolarizado, y del 28 de julio al 1 de agosto para responsables y asesores en los centros de educaci\u00f3n abierta, dando un total de mil 72 participantes.<\/p>\n<p>La Universidad An\u00e1huac Oaxaca y GES Mujer ser\u00e1n las instituciones encargadas de impartir los cursos de actualizaci\u00f3n, a trav\u00e9s de profesionales de diversas \u00e1reas del conocimiento que comparten sus experiencias con el personal del Cobao.<\/p>\n<p>Se llevar\u00e1n a cabo los cursos \u201cHerramientas docentes para promover la equidad y la inclusi\u00f3n en las aulas con perspectiva de g\u00e9nero\u201d y \u201cAtenci\u00f3n de primer contacto para estudiantes v\u00edctimas de violencia de g\u00e9nero\u201d, con el objetivo de promover la equidad, la inclusi\u00f3n y un ambiente de aprendizaje libre de violencias de g\u00e9nero en las aulas.<\/p>\n<p>El Cobao reitera su compromiso de eliminar todas las formas de violencia contra las mujeres y ni\u00f1as; por ello, se implementan estrategias con perspectiva de g\u00e9nero que favorezcan un ambiente arm\u00f3nico para el desarrollo integral de la comunidad estudiantil.<\/p>\n<p>&nbsp;<\/p>\n","protected":false},"excerpt":{"rendered":"<p>Oaxaca de Ju\u00e1rez, Oax., 27 de julio de 2020.\u00a0Por primera ocasi\u00f3n, las jornadas de capacitaci\u00f3n del Colegio de Bachilleres del Estado de Oaxaca (Cobao), se desarrollar\u00e1n \u00fanicamente en la modalidad en l\u00ednea. Participar\u00e1n docentes, t\u00e9cnicos docentes, asesores de contenido, asesores psicopedag\u00f3gicos, orientadores educativos y personal directivo. La instituci\u00f3n educativa se ha distinguido por privilegiar los [&hellip;]<\/p>\n","protected":false},"author":34,"featured_media":58989,"comment_status":"open","ping_status":"open","sticky":false,"template":"","format":"standard","meta":{"episode_type":"","audio_file":"","podmotor_file_id":"","podmotor_episode_id":"","cover_image":"","cover_image_id":"","duration":"","filesize":"","filesize_raw":"","date_recorded":"","explicit":"","block":"","itunes_episode_number":"","itunes_title":"","itunes_season_number":"","itunes_episode_type":"","footnotes":""},"categories":[8],"tags":[113],"class_list":["post-58988","post","type-post","status-publish","format-standard","has-post-thumbnail","hentry","category-noticias","tag-cobao"],"acf":[],"publishpress_future_action":{"enabled":false,"date":"2026-05-03 04:40:17","action":"change-status","newStatus":"draft","terms":[],"taxonomy":"category","extraData":[]},"publishpress_future_workflow_manual_trigger":{"enabledWorkflows":[]},"_links":{"self":[{"href":"https:\/\/www.oaxaca.gob.mx\/comunicacion\/wp-json\/wp\/v2\/posts\/58988","targetHints":{"allow":["GET"]}}],"collection":[{"href":"https:\/\/www.oaxaca.gob.mx\/comunicacion\/wp-json\/wp\/v2\/posts"}],"about":[{"href":"https:\/\/www.oaxaca.gob.mx\/comunicacion\/wp-json\/wp\/v2\/types\/post"}],"author":[{"embeddable":true,"href":"https:\/\/www.oaxaca.gob.mx\/comunicacion\/wp-json\/wp\/v2\/users\/34"}],"replies":[{"embeddable":true,"href":"https:\/\/www.oaxaca.gob.mx\/comunicacion\/wp-json\/wp\/v2\/comments?post=58988"}],"version-history":[{"count":1,"href":"https:\/\/www.oaxaca.gob.mx\/comunicacion\/wp-json\/wp\/v2\/posts\/58988\/revisions"}],"predecessor-version":[{"id":58990,"href":"https:\/\/www.oaxaca.gob.mx\/comunicacion\/wp-json\/wp\/v2\/posts\/58988\/revisions\/58990"}],"wp:featuredmedia":[{"embeddable":true,"href":"https:\/\/www.oaxaca.gob.mx\/comunicacion\/wp-json\/wp\/v2\/media\/58989"}],"wp:attachment":[{"href":"https:\/\/www.oaxaca.gob.mx\/comunicacion\/wp-json\/wp\/v2\/media?parent=58988"}],"wp:term":[{"taxonomy":"category","embeddable":true,"href":"https:\/\/www.oaxaca.gob.mx\/comunicacion\/wp-json\/wp\/v2\/categories?post=58988"},{"taxonomy":"post_tag","embeddable":true,"href":"https:\/\/www.oaxaca.gob.mx\/comunicacion\/wp-json\/wp\/v2\/tags?post=58988"}],"curies":[{"name":"wp","href":"https:\/\/api.w.org\/{rel}","templated":true}]}}