{"id":5893,"date":"2017-01-07T11:30:14","date_gmt":"2017-01-07T17:30:14","guid":{"rendered":"https:\/\/www.oaxaca.gob.mx\/comunicacion\/?p=5893"},"modified":"2017-01-07T11:30:14","modified_gmt":"2017-01-07T17:30:14","slug":"alejandro-murat-y-conanp-suman-esfuerzos-para-la-preservacion-del-parque-nacional-benito-juarez","status":"publish","type":"post","link":"https:\/\/www.oaxaca.gob.mx\/comunicacion\/alejandro-murat-y-conanp-suman-esfuerzos-para-la-preservacion-del-parque-nacional-benito-juarez\/","title":{"rendered":"Alejandro Murat y Conanp suman esfuerzos para la preservaci\u00f3n del Parque Nacional \u00abBenito Ju\u00e1rez\u00bb"},"content":{"rendered":"\n<ul>\n<li>El Gobernador Alejandro Murat Hinojosa y el Director de la Comisi\u00f3n Nacional de \u00c1reas Naturales Protegidas (Conanp), Pavel Palacio Ch\u00e1vez, entregaron equipos de protecci\u00f3n y monitoreo del programa \u00abConservaci\u00f3n de especies en riesgo\u00bb, con un valor superior a los 15 mil pesos.<\/li>\n<li>El mandatario oaxaque\u00f1o inaugur\u00f3 el Centro de Interpretaci\u00f3n Ambiental, que expone las im\u00e1genes capturadas por las c\u00e1maras de fototrampeo, que han registrado la presencia de jaguares, pumas, linces y dem\u00e1s especies end\u00e9micas.<\/li>\n<\/ul>\n<p>Oaxaca de Ju\u00e1rez, Oax., 7 de enero de 2017. El Gobernador Alejandro Murat Hinojosa\u00a0 refrend\u00f3 el compromiso de su gobierno con la preservaci\u00f3n del medio ambiente, al asistir a la conmemoraci\u00f3n del Parque Nacional \u201cBenito Ju\u00e1rez\u00bb, en la Agencia Donaj\u00ed del Municipio de Oaxaca de Ju\u00e1rez, que cumpli\u00f3 70 a\u00f1os de su creaci\u00f3n.<\/p>\n<p>En este evento, el titular del Poder Ejecutivo asever\u00f3 que su gobierno a trav\u00e9s de la Secretar\u00eda de Medio Ambiente y Desarrollo Sustentable, se suma al esfuerzo que realiza la Comisi\u00f3n Nacional de \u00c1reas Naturales Protegidas (Conanp) para el cuidado del medio ambiente, siendo que \u2013dijo- \u00abes compromiso de la sociedad en su conjunto, toda vez que los recursos naturales y los servicios ambientales que brinda son indispensables para tener una mejor calidad de vida\u00bb.<\/p>\n<p>En este sentido, reconoci\u00f3 tambi\u00e9n la gran labor que desempe\u00f1an las comunidades agrarias y ejidos de los Valles Centrales de Oaxaca en la conservaci\u00f3n de la biodiversidad que resguarda la cordillera de este Parque Nacional, \u00e1rea natural protegida y conformada por 2, 591 hect\u00e1reas de la Agencia Donaj\u00ed, y los municipios de Oaxaca de Ju\u00e1rez, Tlalixtac de Cabrera, San Andr\u00e9s Huayapam y San Pablo Etla.<\/p>\n<p>En compa\u00f1\u00eda del Director de Conanp, Pavel Palacios Ch\u00e1vez, y el Presidente Municipal de Oaxaca de Ju\u00e1rez, Jos\u00e9 Antonio Hern\u00e1ndez Fraguas, el mandatario oaxaque\u00f1o se\u00f1al\u00f3 que la importancia del Parque Nacional \u00abBenito Ju\u00e1rez\u00bb para la capital obliga a emprender compromisos e importantes acciones para colaborar en su protecci\u00f3n y evitar su sobreexplotaci\u00f3n.<\/p>\n<p>Lo anterior, \u00abtoda vez que Oaxaca es el estado con la mayor diversidad de M\u00e9xico y alberga la cuarta reserva forestal nacional, as\u00ed como 23 de los 30 tipos de vegetaci\u00f3n presentes en el pa\u00eds\u00bb, dijo.<\/p>\n<p>Durante este acto, Murat Hinojosa entreg\u00f3 a los presidentes comunales y ejidales, equipos de protecci\u00f3n y monitoreo del programa \u00abConservaci\u00f3n de especies en riesgo\u00bb, conformados de botas, chalecos, guantes, gorras y c\u00e1maras de fototrampeo; cada paquete con un valor superior a los 15 mil pesos. \u00abEstamos aqu\u00ed para hacer equipo y dejar en claro que para los tres niveles de gobierno, el tema de la protecci\u00f3n y preservaci\u00f3n del medio ambiente es fundamental\u00bb afirm\u00f3 el mandatario oaxaque\u00f1o.<\/p>\n<p>Previo a este acto, Murat Hinojosa recorri\u00f3 el \u00c1rea de campo de descanso \u00abLlanito\u00bb que forma parte del Parque Nacional \u201cBenito Ju\u00e1rez\u201d, donde inaugur\u00f3 el Centro de Interpretaci\u00f3n Ambiental que expone las im\u00e1genes capturadas por las c\u00e1maras de fototrampeo instaladas en la zona, y que han registrado la presencia de jaguares, pumas, linces y dem\u00e1s especies end\u00e9micas. Tambi\u00e9n\u00a0 visit\u00f3 el mirador y la tirolesa de 210 metros de distancia que conforman el atractivo del lugar.\t\t<\/p>\n","protected":false},"excerpt":{"rendered":"<p>El Gobernador Alejandro Murat Hinojosa y el Director de la Comisi\u00f3n Nacional de \u00c1reas Naturales Protegidas (Conanp), Pavel Palacio Ch\u00e1vez, entregaron equipos de protecci\u00f3n y monitoreo del programa \u00abConservaci\u00f3n de especies en riesgo\u00bb, con un valor superior a los 15 mil pesos. El mandatario oaxaque\u00f1o inaugur\u00f3 el Centro de Interpretaci\u00f3n Ambiental, que expone las im\u00e1genes [&hellip;]<\/p>\n","protected":false},"author":1,"featured_media":0,"comment_status":"open","ping_status":"open","sticky":false,"template":"","format":"standard","meta":{"episode_type":"","audio_file":"","podmotor_file_id":"","podmotor_episode_id":"","cover_image":"","cover_image_id":"","duration":"","filesize":"","filesize_raw":"","date_recorded":"","explicit":"","block":"","itunes_episode_number":"","itunes_title":"","itunes_season_number":"","itunes_episode_type":"","footnotes":""},"categories":[8],"tags":[29],"class_list":["post-5893","post","type-post","status-publish","format-standard","hentry","category-noticias","tag-amh"],"acf":[],"publishpress_future_action":{"enabled":false,"date":"2026-05-05 10:59:08","action":"change-status","newStatus":"draft","terms":[],"taxonomy":"category","extraData":[]},"publishpress_future_workflow_manual_trigger":{"enabledWorkflows":[]},"_links":{"self":[{"href":"https:\/\/www.oaxaca.gob.mx\/comunicacion\/wp-json\/wp\/v2\/posts\/5893","targetHints":{"allow":["GET"]}}],"collection":[{"href":"https:\/\/www.oaxaca.gob.mx\/comunicacion\/wp-json\/wp\/v2\/posts"}],"about":[{"href":"https:\/\/www.oaxaca.gob.mx\/comunicacion\/wp-json\/wp\/v2\/types\/post"}],"author":[{"embeddable":true,"href":"https:\/\/www.oaxaca.gob.mx\/comunicacion\/wp-json\/wp\/v2\/users\/1"}],"replies":[{"embeddable":true,"href":"https:\/\/www.oaxaca.gob.mx\/comunicacion\/wp-json\/wp\/v2\/comments?post=5893"}],"version-history":[{"count":0,"href":"https:\/\/www.oaxaca.gob.mx\/comunicacion\/wp-json\/wp\/v2\/posts\/5893\/revisions"}],"wp:attachment":[{"href":"https:\/\/www.oaxaca.gob.mx\/comunicacion\/wp-json\/wp\/v2\/media?parent=5893"}],"wp:term":[{"taxonomy":"category","embeddable":true,"href":"https:\/\/www.oaxaca.gob.mx\/comunicacion\/wp-json\/wp\/v2\/categories?post=5893"},{"taxonomy":"post_tag","embeddable":true,"href":"https:\/\/www.oaxaca.gob.mx\/comunicacion\/wp-json\/wp\/v2\/tags?post=5893"}],"curies":[{"name":"wp","href":"https:\/\/api.w.org\/{rel}","templated":true}]}}