{"id":58877,"date":"2020-07-25T12:39:06","date_gmt":"2020-07-25T17:39:06","guid":{"rendered":"https:\/\/www.oaxaca.gob.mx\/comunicacion\/?p=58877"},"modified":"2020-07-25T13:41:36","modified_gmt":"2020-07-25T18:41:36","slug":"refineria-antonio-dovali-jaime-uno-de-los-motores-mas-importantes-del-desarrollo-de-mexico-amh","status":"publish","type":"post","link":"https:\/\/www.oaxaca.gob.mx\/comunicacion\/refineria-antonio-dovali-jaime-uno-de-los-motores-mas-importantes-del-desarrollo-de-mexico-amh\/","title":{"rendered":"Refiner\u00eda Antonio Doval\u00ed Jaime, uno de los motores m\u00e1s importantes del desarrollo de M\u00e9xico: AMH"},"content":{"rendered":"\n\t\t<style type=\"text\/css\">\n\t\t\t#gallery-1 {\n\t\t\t\tmargin: auto;\n\t\t\t}\n\t\t\t#gallery-1 .gallery-item {\n\t\t\t\tfloat: left;\n\t\t\t\tmargin-top: 10px;\n\t\t\t\ttext-align: center;\n\t\t\t\twidth: 20%;\n\t\t\t}\n\t\t\t#gallery-1 img {\n\t\t\t\tborder: 2px solid #cfcfcf;\n\t\t\t}\n\t\t\t#gallery-1 .gallery-caption {\n\t\t\t\tmargin-left: 0;\n\t\t\t}\n\t\t\t\/* see gallery_shortcode() in wp-includes\/media.php *\/\n\t\t<\/style>\n\t\t<div id='gallery-1' class='gallery galleryid-58877 gallery-columns-5 gallery-size-medium'><dl class='gallery-item'>\n\t\t\t<dt class='gallery-icon landscape'>\n\t\t\t\t<a href='https:\/\/www.oaxaca.gob.mx\/comunicacion\/refineria-antonio-dovali-jaime-uno-de-los-motores-mas-importantes-del-desarrollo-de-mexico-amh\/amh-01-97\/'><img loading=\"lazy\" decoding=\"async\" width=\"300\" height=\"169\" src=\"https:\/\/www.oaxaca.gob.mx\/comunicacion\/wp-content\/uploads\/sites\/28\/2020\/07\/AMH-01-3-300x169.jpg\" class=\"attachment-medium size-medium\" alt=\"\" srcset=\"https:\/\/www.oaxaca.gob.mx\/comunicacion\/wp-content\/uploads\/sites\/28\/2020\/07\/AMH-01-3-300x169.jpg 300w, https:\/\/www.oaxaca.gob.mx\/comunicacion\/wp-content\/uploads\/sites\/28\/2020\/07\/AMH-01-3-1024x576.jpg 1024w, https:\/\/www.oaxaca.gob.mx\/comunicacion\/wp-content\/uploads\/sites\/28\/2020\/07\/AMH-01-3-768x432.jpg 768w, https:\/\/www.oaxaca.gob.mx\/comunicacion\/wp-content\/uploads\/sites\/28\/2020\/07\/AMH-01-3.jpg 1280w\" sizes=\"auto, (max-width: 300px) 100vw, 300px\" \/><\/a>\n\t\t\t<\/dt><\/dl><dl class='gallery-item'>\n\t\t\t<dt class='gallery-icon landscape'>\n\t\t\t\t<a href='https:\/\/www.oaxaca.gob.mx\/comunicacion\/refineria-antonio-dovali-jaime-uno-de-los-motores-mas-importantes-del-desarrollo-de-mexico-amh\/amh-02-100\/'><img loading=\"lazy\" decoding=\"async\" width=\"300\" height=\"154\" src=\"https:\/\/www.oaxaca.gob.mx\/comunicacion\/wp-content\/uploads\/sites\/28\/2020\/07\/AMH-02-3-300x154.jpg\" class=\"attachment-medium size-medium\" alt=\"\" srcset=\"https:\/\/www.oaxaca.gob.mx\/comunicacion\/wp-content\/uploads\/sites\/28\/2020\/07\/AMH-02-3-300x154.jpg 300w, https:\/\/www.oaxaca.gob.mx\/comunicacion\/wp-content\/uploads\/sites\/28\/2020\/07\/AMH-02-3-768x393.jpg 768w, https:\/\/www.oaxaca.gob.mx\/comunicacion\/wp-content\/uploads\/sites\/28\/2020\/07\/AMH-02-3.jpg 914w\" sizes=\"auto, (max-width: 300px) 100vw, 300px\" \/><\/a>\n\t\t\t<\/dt><\/dl><dl class='gallery-item'>\n\t\t\t<dt class='gallery-icon landscape'>\n\t\t\t\t<a href='https:\/\/www.oaxaca.gob.mx\/comunicacion\/refineria-antonio-dovali-jaime-uno-de-los-motores-mas-importantes-del-desarrollo-de-mexico-amh\/amh-03-95\/'><img loading=\"lazy\" decoding=\"async\" width=\"300\" height=\"172\" src=\"https:\/\/www.oaxaca.gob.mx\/comunicacion\/wp-content\/uploads\/sites\/28\/2020\/07\/AMH-03-3-300x172.jpg\" class=\"attachment-medium size-medium\" alt=\"\" srcset=\"https:\/\/www.oaxaca.gob.mx\/comunicacion\/wp-content\/uploads\/sites\/28\/2020\/07\/AMH-03-3-300x172.jpg 300w, https:\/\/www.oaxaca.gob.mx\/comunicacion\/wp-content\/uploads\/sites\/28\/2020\/07\/AMH-03-3-768x440.jpg 768w, https:\/\/www.oaxaca.gob.mx\/comunicacion\/wp-content\/uploads\/sites\/28\/2020\/07\/AMH-03-3.jpg 819w\" sizes=\"auto, (max-width: 300px) 100vw, 300px\" \/><\/a>\n\t\t\t<\/dt><\/dl><dl class='gallery-item'>\n\t\t\t<dt class='gallery-icon landscape'>\n\t\t\t\t<a href='https:\/\/www.oaxaca.gob.mx\/comunicacion\/refineria-antonio-dovali-jaime-uno-de-los-motores-mas-importantes-del-desarrollo-de-mexico-amh\/amh-04-88\/'><img loading=\"lazy\" decoding=\"async\" width=\"300\" height=\"165\" src=\"https:\/\/www.oaxaca.gob.mx\/comunicacion\/wp-content\/uploads\/sites\/28\/2020\/07\/AMH-04-3-300x165.jpg\" class=\"attachment-medium size-medium\" alt=\"\" srcset=\"https:\/\/www.oaxaca.gob.mx\/comunicacion\/wp-content\/uploads\/sites\/28\/2020\/07\/AMH-04-3-300x165.jpg 300w, https:\/\/www.oaxaca.gob.mx\/comunicacion\/wp-content\/uploads\/sites\/28\/2020\/07\/AMH-04-3-1024x564.jpg 1024w, https:\/\/www.oaxaca.gob.mx\/comunicacion\/wp-content\/uploads\/sites\/28\/2020\/07\/AMH-04-3-768x423.jpg 768w, https:\/\/www.oaxaca.gob.mx\/comunicacion\/wp-content\/uploads\/sites\/28\/2020\/07\/AMH-04-3.jpg 1155w\" sizes=\"auto, (max-width: 300px) 100vw, 300px\" \/><\/a>\n\t\t\t<\/dt><\/dl><dl class='gallery-item'>\n\t\t\t<dt class='gallery-icon landscape'>\n\t\t\t\t<a href='https:\/\/www.oaxaca.gob.mx\/comunicacion\/refineria-antonio-dovali-jaime-uno-de-los-motores-mas-importantes-del-desarrollo-de-mexico-amh\/amh-05-74\/'><img loading=\"lazy\" decoding=\"async\" width=\"300\" height=\"207\" src=\"https:\/\/www.oaxaca.gob.mx\/comunicacion\/wp-content\/uploads\/sites\/28\/2020\/07\/AMH-05-1-300x207.jpg\" class=\"attachment-medium size-medium\" alt=\"\" srcset=\"https:\/\/www.oaxaca.gob.mx\/comunicacion\/wp-content\/uploads\/sites\/28\/2020\/07\/AMH-05-1-300x207.jpg 300w, https:\/\/www.oaxaca.gob.mx\/comunicacion\/wp-content\/uploads\/sites\/28\/2020\/07\/AMH-05-1-768x530.jpg 768w, https:\/\/www.oaxaca.gob.mx\/comunicacion\/wp-content\/uploads\/sites\/28\/2020\/07\/AMH-05-1.jpg 1024w\" sizes=\"auto, (max-width: 300px) 100vw, 300px\" \/><\/a>\n\t\t\t<\/dt><\/dl><br style=\"clear: both\" \/><dl class='gallery-item'>\n\t\t\t<dt class='gallery-icon landscape'>\n\t\t\t\t<a href='https:\/\/www.oaxaca.gob.mx\/comunicacion\/refineria-antonio-dovali-jaime-uno-de-los-motores-mas-importantes-del-desarrollo-de-mexico-amh\/amh-06-63\/'><img loading=\"lazy\" decoding=\"async\" width=\"300\" height=\"216\" src=\"https:\/\/www.oaxaca.gob.mx\/comunicacion\/wp-content\/uploads\/sites\/28\/2020\/07\/AMH-06-1-300x216.jpg\" class=\"attachment-medium size-medium\" alt=\"\" srcset=\"https:\/\/www.oaxaca.gob.mx\/comunicacion\/wp-content\/uploads\/sites\/28\/2020\/07\/AMH-06-1-300x216.jpg 300w, https:\/\/www.oaxaca.gob.mx\/comunicacion\/wp-content\/uploads\/sites\/28\/2020\/07\/AMH-06-1-768x552.jpg 768w, https:\/\/www.oaxaca.gob.mx\/comunicacion\/wp-content\/uploads\/sites\/28\/2020\/07\/AMH-06-1.jpg 1024w\" sizes=\"auto, (max-width: 300px) 100vw, 300px\" \/><\/a>\n\t\t\t<\/dt><\/dl><dl class='gallery-item'>\n\t\t\t<dt class='gallery-icon landscape'>\n\t\t\t\t<a href='https:\/\/www.oaxaca.gob.mx\/comunicacion\/refineria-antonio-dovali-jaime-uno-de-los-motores-mas-importantes-del-desarrollo-de-mexico-amh\/amh-07-49\/'><img loading=\"lazy\" decoding=\"async\" width=\"300\" height=\"169\" src=\"https:\/\/www.oaxaca.gob.mx\/comunicacion\/wp-content\/uploads\/sites\/28\/2020\/07\/AMH-07-1-300x169.jpg\" class=\"attachment-medium size-medium\" alt=\"\" srcset=\"https:\/\/www.oaxaca.gob.mx\/comunicacion\/wp-content\/uploads\/sites\/28\/2020\/07\/AMH-07-1-300x169.jpg 300w, https:\/\/www.oaxaca.gob.mx\/comunicacion\/wp-content\/uploads\/sites\/28\/2020\/07\/AMH-07-1-1024x576.jpg 1024w, https:\/\/www.oaxaca.gob.mx\/comunicacion\/wp-content\/uploads\/sites\/28\/2020\/07\/AMH-07-1-768x432.jpg 768w, https:\/\/www.oaxaca.gob.mx\/comunicacion\/wp-content\/uploads\/sites\/28\/2020\/07\/AMH-07-1.jpg 1280w\" sizes=\"auto, (max-width: 300px) 100vw, 300px\" \/><\/a>\n\t\t\t<\/dt><\/dl><dl class='gallery-item'>\n\t\t\t<dt class='gallery-icon landscape'>\n\t\t\t\t<a href='https:\/\/www.oaxaca.gob.mx\/comunicacion\/refineria-antonio-dovali-jaime-uno-de-los-motores-mas-importantes-del-desarrollo-de-mexico-amh\/amh-08-45\/'><img loading=\"lazy\" decoding=\"async\" width=\"300\" height=\"169\" src=\"https:\/\/www.oaxaca.gob.mx\/comunicacion\/wp-content\/uploads\/sites\/28\/2020\/07\/AMH-08-1-300x169.jpg\" class=\"attachment-medium size-medium\" alt=\"\" srcset=\"https:\/\/www.oaxaca.gob.mx\/comunicacion\/wp-content\/uploads\/sites\/28\/2020\/07\/AMH-08-1-300x169.jpg 300w, https:\/\/www.oaxaca.gob.mx\/comunicacion\/wp-content\/uploads\/sites\/28\/2020\/07\/AMH-08-1-1024x576.jpg 1024w, https:\/\/www.oaxaca.gob.mx\/comunicacion\/wp-content\/uploads\/sites\/28\/2020\/07\/AMH-08-1-768x432.jpg 768w, https:\/\/www.oaxaca.gob.mx\/comunicacion\/wp-content\/uploads\/sites\/28\/2020\/07\/AMH-08-1.jpg 1280w\" sizes=\"auto, (max-width: 300px) 100vw, 300px\" \/><\/a>\n\t\t\t<\/dt><\/dl><dl class='gallery-item'>\n\t\t\t<dt class='gallery-icon landscape'>\n\t\t\t\t<a href='https:\/\/www.oaxaca.gob.mx\/comunicacion\/refineria-antonio-dovali-jaime-uno-de-los-motores-mas-importantes-del-desarrollo-de-mexico-amh\/amh-10-36\/'><img loading=\"lazy\" decoding=\"async\" width=\"300\" height=\"169\" src=\"https:\/\/www.oaxaca.gob.mx\/comunicacion\/wp-content\/uploads\/sites\/28\/2020\/07\/AMH-10-1-300x169.jpg\" class=\"attachment-medium size-medium\" alt=\"\" srcset=\"https:\/\/www.oaxaca.gob.mx\/comunicacion\/wp-content\/uploads\/sites\/28\/2020\/07\/AMH-10-1-300x169.jpg 300w, https:\/\/www.oaxaca.gob.mx\/comunicacion\/wp-content\/uploads\/sites\/28\/2020\/07\/AMH-10-1-1024x576.jpg 1024w, https:\/\/www.oaxaca.gob.mx\/comunicacion\/wp-content\/uploads\/sites\/28\/2020\/07\/AMH-10-1-768x432.jpg 768w, https:\/\/www.oaxaca.gob.mx\/comunicacion\/wp-content\/uploads\/sites\/28\/2020\/07\/AMH-10-1.jpg 1208w\" sizes=\"auto, (max-width: 300px) 100vw, 300px\" \/><\/a>\n\t\t\t<\/dt><\/dl><dl class='gallery-item'>\n\t\t\t<dt class='gallery-icon landscape'>\n\t\t\t\t<a href='https:\/\/www.oaxaca.gob.mx\/comunicacion\/refineria-antonio-dovali-jaime-uno-de-los-motores-mas-importantes-del-desarrollo-de-mexico-amh\/amh-11-29\/'><img loading=\"lazy\" decoding=\"async\" width=\"300\" height=\"169\" src=\"https:\/\/www.oaxaca.gob.mx\/comunicacion\/wp-content\/uploads\/sites\/28\/2020\/07\/AMH-11-1-300x169.jpg\" class=\"attachment-medium size-medium\" alt=\"\" srcset=\"https:\/\/www.oaxaca.gob.mx\/comunicacion\/wp-content\/uploads\/sites\/28\/2020\/07\/AMH-11-1-300x169.jpg 300w, https:\/\/www.oaxaca.gob.mx\/comunicacion\/wp-content\/uploads\/sites\/28\/2020\/07\/AMH-11-1-1024x576.jpg 1024w, https:\/\/www.oaxaca.gob.mx\/comunicacion\/wp-content\/uploads\/sites\/28\/2020\/07\/AMH-11-1-768x432.jpg 768w, https:\/\/www.oaxaca.gob.mx\/comunicacion\/wp-content\/uploads\/sites\/28\/2020\/07\/AMH-11-1.jpg 1280w\" sizes=\"auto, (max-width: 300px) 100vw, 300px\" \/><\/a>\n\t\t\t<\/dt><\/dl><br style=\"clear: both\" \/>\n\t\t<\/div>\n\n<ul>\n<li>El Gobernador y el Presidente de M\u00e9xico supervisaron las tareas de rehabilitaci\u00f3n de esta refiner\u00eda<\/li>\n<\/ul>\n<p>&nbsp;<\/p>\n<ul>\n<li>Se invierten 2 mil millones de pesos en los trabajos. Para el mes de agosto se podr\u00e1 lograr una producci\u00f3n de petr\u00f3leo de 200 mil barriles en esta planta<\/li>\n<\/ul>\n<p><strong>Salina Cruz, Oax. 25 de julio de 2020.<\/strong>\u00a0El gobernador Alejandro Murat Hinojosa y el presidente de M\u00e9xico, Andr\u00e9s Manuel L\u00f3pez Obrador, realizaron la supervisi\u00f3n de la rehabilitaci\u00f3n de la refiner\u00eda Antonio Doval\u00ed Jaime, ubicada en el puerto de Salina Cruz, como parte del Sistema Nacional de Refinaci\u00f3n que impulsa la Federaci\u00f3n.<\/p>\n<p>Como parte del segundo d\u00eda de trabajo del Jefe de la Naci\u00f3n por el estado, Murat Hinojosa agradeci\u00f3 el respaldo del Gobierno de M\u00e9xico para los trabajos que se realizan, a fin de incrementar la producci\u00f3n de crudo en esta infraestructura, sumado a la generaci\u00f3n de empleos y desarrollo que ha representado esta refiner\u00eda en la zona.<\/p>\n<p>\u201cEn esta refiner\u00eda con la inversi\u00f3n que se har\u00e1 este a\u00f1o de m\u00e1s de 2 mil millones de pesos, en el corto plazo representa empleos, pero en el mediano y largo plazo representa uno de los motores m\u00e1s importantes del desarrollo de M\u00e9xico. Esta tierra de Salina Cruz ha beneficiado a su gente, casi 100 mil, ha permitido que la gente que vive aqu\u00ed tengan un beneficio en sus ingresos y en su desarrollo\u201d, subray\u00f3.<\/p>\n<p>Agreg\u00f3 que esta refiner\u00eda es la \u00fanica ubicada en el Pac\u00edfico mexicano, por lo que su posibilidad de expansi\u00f3n es mayor, muestra de ello \u2013dijo- son las tareas que se realizan en \u00e9sta, lo que demuestra el \u00a0apoyo decidido del Presidente con el Pueblo de Oaxaca.<\/p>\n<p>\u201cLe agradecemos ese compromiso y esa convicci\u00f3n con el pueblo de Oaxaca, con Salina Cruz, con el Istmo, y por su puesto con el pueblo de M\u00e9xico, por seguir ampliando el desarrollo a trav\u00e9s de la energ\u00eda\u201d, expres\u00f3.<\/p>\n<p>En su oportunidad el presidente Andr\u00e9s Manuel L\u00f3pez Obrador, se\u00f1al\u00f3 que el objetivo de la rehabilitaci\u00f3n de esta refiner\u00eda, al igual que las cinco m\u00e1s que existen en el pa\u00eds, es mejorar la capacidad productiva de las plantas, a fin de tener los energ\u00e9ticos necesarios para su distribuci\u00f3n en el pa\u00eds y no depender de la importaci\u00f3n de los mismos.<\/p>\n<p>\u201cCon estos trabajos vamos ahora a procesar todo el petr\u00f3leo crudo y vamos hacer autosuficientes de la producci\u00f3n de gasolinas, di\u00e9sel y otros petrol\u00edferos. Por ello en 2022, esperamos estar procesando un mill\u00f3n 550 mil barriles diarios\u201d, indic\u00f3.<\/p>\n<p>El Mandatario de la Naci\u00f3n reconoci\u00f3 el apoyo del Gobernador a las tareas que ha emprendido la Federaci\u00f3n para el desarrollo del pa\u00eds, pese a la crisis financiera que atraviesa el mundo a consecuencia de la pandemia por el COVID-19. \u201cTrabajamos muy de acuerdo con el gobernador Alejandro Murat, trabajamos muy coordinados, a nosotros eso nos ayud\u00f3 que no nos pegara tan fuerte la pandemia\u201d.<\/p>\n<p>La titular de la Secretar\u00eda de Energ\u00eda, Norma Roc\u00edo Nahle Garc\u00eda, expuso que hasta el momento la rehabilitaci\u00f3n de la refiner\u00eda Antonio Doval\u00ed Jaime, representa un avance del 86%, al contar ya, con 30 de las 35 reparaciones mayores que requer\u00eda.<\/p>\n<p>\u201cEs la refiner\u00eda que mayores avances ha tenido en la rehabilitaci\u00f3n. Para Salina Cruz este a\u00f1o el presupuesto asignado para mano de obra es de 315 millones de pesos, para adquisici\u00f3n de materiales 900 millones de pesos, para servicios especializados 499 millones de pesos y para obra 386 millones de pesos\u201d, explic\u00f3.<\/p>\n<p>Abund\u00f3 que en Salina Cruz se cuentan con 56 plantas de proceso, por lo que a la fecha 41 ya est\u00e1n operando. Dijo que tambi\u00e9n se han reparado mil 467 equipos; la Secretaria inform\u00f3 adem\u00e1s que en este a\u00f1o se han contratado a 227 trabajadores de manera directa para estos trabajos de rehabilitaci\u00f3n y 817 m\u00e1s para servicios especializados. Refiri\u00f3 que para el mes de agosto se tiene proyectada una producci\u00f3n de 200 mil barriles de petr\u00f3leo en esta planta, dadas las condiciones que se tienen.<\/p>\n<p>El director de Petr\u00f3leos Mexicanos (Pemex), Octavio Romero Oropeza, resalt\u00f3 la importancia que representa la refiner\u00eda de Salina Cruz para dotar de hidrocarburos a otros estados e incluso a otros pa\u00edses.<\/p>\n<p>\u201cLa refiner\u00eda Antonio Doval\u00ed suministra gasolina, di\u00e9sel y combust\u00f3leo a los puertos de Acapulco, L\u00e1zaro C\u00e1rdenas, Manzanillo, Mazatl\u00e1n, entre otros. Adem\u00e1s desde esta terminal mar\u00edtima se exporta crudo y combust\u00f3leo a pa\u00edses como Jap\u00f3n, Estados Unidos, Rep\u00fablica de China y Singapur. Adem\u00e1s de proveer a las terminales de almacenamiento de Oaxaca, Tuxtla Guti\u00e9rrez y Tapachula\u201d, inform\u00f3.<\/p>\n<p>En el acto, estuvieron presentes tambi\u00e9n el presidente municipal de Salina Cruz, Juan Carlos Atecas Altamirano; el secretario de Marina, Jos\u00e9 Rafael Ojeda Dur\u00e1n; y el encargado de la direcci\u00f3n general de\u00a0 transformaci\u00f3n\u00a0 industrial, Jorge Luis Basald\u00faa Ramos.<\/p>\n<p>&nbsp;<\/p>\n<p style=\"text-align: center\"><strong>-0-<\/strong><\/p>\n","protected":false},"excerpt":{"rendered":"<p>El Gobernador y el Presidente de M\u00e9xico supervisaron las tareas de rehabilitaci\u00f3n de esta refiner\u00eda &nbsp; Se invierten 2 mil millones de pesos en los trabajos. Para el mes de agosto se podr\u00e1 lograr una producci\u00f3n de petr\u00f3leo de 200 mil barriles en esta planta Salina Cruz, Oax. 25 de julio de 2020.\u00a0El gobernador Alejandro [&hellip;]<\/p>\n","protected":false},"author":32,"featured_media":58882,"comment_status":"open","ping_status":"open","sticky":false,"template":"","format":"standard","meta":{"episode_type":"","audio_file":"","podmotor_file_id":"","podmotor_episode_id":"","cover_image":"","cover_image_id":"","duration":"","filesize":"","filesize_raw":"","date_recorded":"","explicit":"","block":"","itunes_episode_number":"","itunes_title":"","itunes_season_number":"","itunes_episode_type":"","footnotes":""},"categories":[7,8],"tags":[29],"class_list":["post-58877","post","type-post","status-publish","format-standard","has-post-thumbnail","hentry","category-slide","category-noticias","tag-amh"],"acf":[],"publishpress_future_action":{"enabled":false,"date":"2026-05-02 01:49:28","action":"change-status","newStatus":"draft","terms":[],"taxonomy":"category","extraData":[]},"publishpress_future_workflow_manual_trigger":{"enabledWorkflows":[]},"_links":{"self":[{"href":"https:\/\/www.oaxaca.gob.mx\/comunicacion\/wp-json\/wp\/v2\/posts\/58877","targetHints":{"allow":["GET"]}}],"collection":[{"href":"https:\/\/www.oaxaca.gob.mx\/comunicacion\/wp-json\/wp\/v2\/posts"}],"about":[{"href":"https:\/\/www.oaxaca.gob.mx\/comunicacion\/wp-json\/wp\/v2\/types\/post"}],"author":[{"embeddable":true,"href":"https:\/\/www.oaxaca.gob.mx\/comunicacion\/wp-json\/wp\/v2\/users\/32"}],"replies":[{"embeddable":true,"href":"https:\/\/www.oaxaca.gob.mx\/comunicacion\/wp-json\/wp\/v2\/comments?post=58877"}],"version-history":[{"count":4,"href":"https:\/\/www.oaxaca.gob.mx\/comunicacion\/wp-json\/wp\/v2\/posts\/58877\/revisions"}],"predecessor-version":[{"id":58898,"href":"https:\/\/www.oaxaca.gob.mx\/comunicacion\/wp-json\/wp\/v2\/posts\/58877\/revisions\/58898"}],"wp:featuredmedia":[{"embeddable":true,"href":"https:\/\/www.oaxaca.gob.mx\/comunicacion\/wp-json\/wp\/v2\/media\/58882"}],"wp:attachment":[{"href":"https:\/\/www.oaxaca.gob.mx\/comunicacion\/wp-json\/wp\/v2\/media?parent=58877"}],"wp:term":[{"taxonomy":"category","embeddable":true,"href":"https:\/\/www.oaxaca.gob.mx\/comunicacion\/wp-json\/wp\/v2\/categories?post=58877"},{"taxonomy":"post_tag","embeddable":true,"href":"https:\/\/www.oaxaca.gob.mx\/comunicacion\/wp-json\/wp\/v2\/tags?post=58877"}],"curies":[{"name":"wp","href":"https:\/\/api.w.org\/{rel}","templated":true}]}}