{"id":58080,"date":"2020-07-13T16:17:24","date_gmt":"2020-07-13T21:17:24","guid":{"rendered":"https:\/\/www.oaxaca.gob.mx\/comunicacion\/?p=58080"},"modified":"2020-07-13T16:37:52","modified_gmt":"2020-07-13T21:37:52","slug":"sso-refuerzan-atencion-medica-y-seguridad-de-las-y-los-usuarios-en-la-region-del-istmo","status":"publish","type":"post","link":"https:\/\/www.oaxaca.gob.mx\/comunicacion\/sso-refuerzan-atencion-medica-y-seguridad-de-las-y-los-usuarios-en-la-region-del-istmo\/","title":{"rendered":"SSO refuerzan atenci\u00f3n m\u00e9dica y seguridad de las y los usuarios en la regi\u00f3n del Istmo"},"content":{"rendered":"\n\t\t<style type=\"text\/css\">\n\t\t\t#gallery-1 {\n\t\t\t\tmargin: auto;\n\t\t\t}\n\t\t\t#gallery-1 .gallery-item {\n\t\t\t\tfloat: left;\n\t\t\t\tmargin-top: 10px;\n\t\t\t\ttext-align: center;\n\t\t\t\twidth: 33%;\n\t\t\t}\n\t\t\t#gallery-1 img {\n\t\t\t\tborder: 2px solid #cfcfcf;\n\t\t\t}\n\t\t\t#gallery-1 .gallery-caption {\n\t\t\t\tmargin-left: 0;\n\t\t\t}\n\t\t\t\/* see gallery_shortcode() in wp-includes\/media.php *\/\n\t\t<\/style>\n\t\t<div id='gallery-1' class='gallery galleryid-58080 gallery-columns-3 gallery-size-medium'><dl class='gallery-item'>\n\t\t\t<dt class='gallery-icon landscape'>\n\t\t\t\t<a href='https:\/\/www.oaxaca.gob.mx\/comunicacion\/sso-refuerzan-atencion-medica-y-seguridad-de-las-y-los-usuarios-en-la-region-del-istmo\/sso-01-48\/'><img loading=\"lazy\" decoding=\"async\" width=\"300\" height=\"225\" src=\"https:\/\/www.oaxaca.gob.mx\/comunicacion\/wp-content\/uploads\/sites\/28\/2020\/07\/SSO-01-1-300x225.jpg\" class=\"attachment-medium size-medium\" alt=\"\" srcset=\"https:\/\/www.oaxaca.gob.mx\/comunicacion\/wp-content\/uploads\/sites\/28\/2020\/07\/SSO-01-1-300x225.jpg 300w, https:\/\/www.oaxaca.gob.mx\/comunicacion\/wp-content\/uploads\/sites\/28\/2020\/07\/SSO-01-1-1024x768.jpg 1024w, https:\/\/www.oaxaca.gob.mx\/comunicacion\/wp-content\/uploads\/sites\/28\/2020\/07\/SSO-01-1-768x576.jpg 768w, https:\/\/www.oaxaca.gob.mx\/comunicacion\/wp-content\/uploads\/sites\/28\/2020\/07\/SSO-01-1.jpg 1152w\" sizes=\"auto, (max-width: 300px) 100vw, 300px\" \/><\/a>\n\t\t\t<\/dt><\/dl><dl class='gallery-item'>\n\t\t\t<dt class='gallery-icon landscape'>\n\t\t\t\t<a href='https:\/\/www.oaxaca.gob.mx\/comunicacion\/sso-refuerzan-atencion-medica-y-seguridad-de-las-y-los-usuarios-en-la-region-del-istmo\/sso-02-47\/'><img loading=\"lazy\" decoding=\"async\" width=\"300\" height=\"169\" src=\"https:\/\/www.oaxaca.gob.mx\/comunicacion\/wp-content\/uploads\/sites\/28\/2020\/07\/SSO-02-300x169.jpeg\" class=\"attachment-medium size-medium\" alt=\"\" srcset=\"https:\/\/www.oaxaca.gob.mx\/comunicacion\/wp-content\/uploads\/sites\/28\/2020\/07\/SSO-02-300x169.jpeg 300w, https:\/\/www.oaxaca.gob.mx\/comunicacion\/wp-content\/uploads\/sites\/28\/2020\/07\/SSO-02-1024x576.jpeg 1024w, https:\/\/www.oaxaca.gob.mx\/comunicacion\/wp-content\/uploads\/sites\/28\/2020\/07\/SSO-02-768x432.jpeg 768w, https:\/\/www.oaxaca.gob.mx\/comunicacion\/wp-content\/uploads\/sites\/28\/2020\/07\/SSO-02.jpeg 1280w\" sizes=\"auto, (max-width: 300px) 100vw, 300px\" \/><\/a>\n\t\t\t<\/dt><\/dl><dl class='gallery-item'>\n\t\t\t<dt class='gallery-icon landscape'>\n\t\t\t\t<a href='https:\/\/www.oaxaca.gob.mx\/comunicacion\/sso-refuerzan-atencion-medica-y-seguridad-de-las-y-los-usuarios-en-la-region-del-istmo\/sso-03-36\/'><img loading=\"lazy\" decoding=\"async\" width=\"300\" height=\"169\" src=\"https:\/\/www.oaxaca.gob.mx\/comunicacion\/wp-content\/uploads\/sites\/28\/2020\/07\/SSO-03-1-300x169.jpg\" class=\"attachment-medium size-medium\" alt=\"\" srcset=\"https:\/\/www.oaxaca.gob.mx\/comunicacion\/wp-content\/uploads\/sites\/28\/2020\/07\/SSO-03-1-300x169.jpg 300w, https:\/\/www.oaxaca.gob.mx\/comunicacion\/wp-content\/uploads\/sites\/28\/2020\/07\/SSO-03-1-1024x576.jpg 1024w, https:\/\/www.oaxaca.gob.mx\/comunicacion\/wp-content\/uploads\/sites\/28\/2020\/07\/SSO-03-1-768x432.jpg 768w, https:\/\/www.oaxaca.gob.mx\/comunicacion\/wp-content\/uploads\/sites\/28\/2020\/07\/SSO-03-1.jpg 1280w\" sizes=\"auto, (max-width: 300px) 100vw, 300px\" \/><\/a>\n\t\t\t<\/dt><\/dl><br style=\"clear: both\" \/>\n\t\t<\/div>\n\n<p>&nbsp;<\/p>\n<ul>\n<li>La atenci\u00f3n m\u00e9dica se fortalecer\u00e1 a trav\u00e9s de la red de unidades m\u00e9dicas de la Jurisdicci\u00f3n, la cual cuenta con siete hospitales y 135 centros de salud<\/li>\n<li>El Hospital de Especialidades de Juchit\u00e1n de Zaragoza incrementar\u00e1 su n\u00famero de camas a 42<\/li>\n<\/ul>\n<p><strong>Oaxaca de Ju\u00e1rez, Oax. 13 de julio de 2020.- <\/strong>Cumpliendo con la instrucci\u00f3n del gobernador Alejandro Murat Hinojosa de priorizar la integridad del personal de Salud y de los pacientes, el titular de los Servicios de Salud de Oaxaca (SSO), Donato Casas Escamilla, inform\u00f3 que el Hospital General \u201cDoctor Macedonio Ben\u00edtez Fuentes\u201d de Juchit\u00e1n de Zaragoza brindar\u00e1 \u00fanicamente el servicio de Urgencias durante los pr\u00f3ximos d\u00edas.<\/p>\n<p>Destac\u00f3 tambi\u00e9n que la atenci\u00f3n m\u00e9dica en la regi\u00f3n se seguir\u00e1 ofreciendo a trav\u00e9s de la red de unidades m\u00e9dicas de la Jurisdicci\u00f3n, la cual cuenta con siete hospitales y 135 centros de salud.<\/p>\n<p>Asimismo inform\u00f3 que, como lo indic\u00f3 el Gobernador, se redoblar\u00e1n las acciones de prevenci\u00f3n ante el nuevo coronavirus en el Istmo de Tehuantepec, y se ampliar\u00e1 el n\u00famero de camas disponibles para la atenci\u00f3n del COVID-19, espec\u00edficamente en el Hospital de Especialidades de Juchit\u00e1n de Zaragoza, que incrementar\u00e1 de 25 a 42 espacios.<\/p>\n<p>Lo anterior, tras reunirse con directivos y representantes sindicales del nosocomio \u201cDoctor Macedonio Ben\u00edtez Fuentes\u201d, donde se evalu\u00f3 la situaci\u00f3n epidemiol\u00f3gica del centro m\u00e9dico, y se tomaron determinaciones conjuntas para reducir los riesgos.<\/p>\n<p>Casas Escamilla explic\u00f3 tambi\u00e9n que, luego de realizar un tamizaje a 271 trabajadores de dicha unidad, el 61% result\u00f3 positivo a SARS-CoV-2, el virus causante del COVID-19, por lo que, cumpliendo con el protocolo establecido, el personal estar\u00e1 en aislamiento domiciliario bajo vigilancia m\u00e9dica estricta, en espera de su recuperaci\u00f3n.<\/p>\n<p>Finalmente, el Secretario de Salud reiter\u00f3 a la poblaci\u00f3n la importancia de actuar con responsabilidad en el autocuidado de la salud ante el riesgo que implica esta nueva enfermedad, por lo que record\u00f3 seguir realizando las medidas de higiene y prevenci\u00f3n como el uso obligatorio de cubrebocas en espacios p\u00fablicos, el lavado frecuente de manos, aplicar la sana distancia, y de ser posible, quedarse en casa.<\/p>\n<p>&nbsp;<\/p>\n<p style=\"text-align: center\">-0-<\/p>\n","protected":false},"excerpt":{"rendered":"<p>&nbsp; La atenci\u00f3n m\u00e9dica se fortalecer\u00e1 a trav\u00e9s de la red de unidades m\u00e9dicas de la Jurisdicci\u00f3n, la cual cuenta con siete hospitales y 135 centros de salud El Hospital de Especialidades de Juchit\u00e1n de Zaragoza incrementar\u00e1 su n\u00famero de camas a 42 Oaxaca de Ju\u00e1rez, Oax. 13 de julio de 2020.- Cumpliendo con la [&hellip;]<\/p>\n","protected":false},"author":99,"featured_media":58081,"comment_status":"open","ping_status":"open","sticky":false,"template":"","format":"standard","meta":{"episode_type":"","audio_file":"","podmotor_file_id":"","podmotor_episode_id":"","cover_image":"","cover_image_id":"","duration":"","filesize":"","filesize_raw":"","date_recorded":"","explicit":"","block":"","itunes_episode_number":"","itunes_title":"","itunes_season_number":"","itunes_episode_type":"","footnotes":""},"categories":[8],"tags":[],"class_list":["post-58080","post","type-post","status-publish","format-standard","has-post-thumbnail","hentry","category-noticias"],"acf":[],"publishpress_future_action":{"enabled":false,"date":"2026-05-10 10:23:39","action":"change-status","newStatus":"draft","terms":[],"taxonomy":"category","extraData":[]},"publishpress_future_workflow_manual_trigger":{"enabledWorkflows":[]},"_links":{"self":[{"href":"https:\/\/www.oaxaca.gob.mx\/comunicacion\/wp-json\/wp\/v2\/posts\/58080","targetHints":{"allow":["GET"]}}],"collection":[{"href":"https:\/\/www.oaxaca.gob.mx\/comunicacion\/wp-json\/wp\/v2\/posts"}],"about":[{"href":"https:\/\/www.oaxaca.gob.mx\/comunicacion\/wp-json\/wp\/v2\/types\/post"}],"author":[{"embeddable":true,"href":"https:\/\/www.oaxaca.gob.mx\/comunicacion\/wp-json\/wp\/v2\/users\/99"}],"replies":[{"embeddable":true,"href":"https:\/\/www.oaxaca.gob.mx\/comunicacion\/wp-json\/wp\/v2\/comments?post=58080"}],"version-history":[{"count":1,"href":"https:\/\/www.oaxaca.gob.mx\/comunicacion\/wp-json\/wp\/v2\/posts\/58080\/revisions"}],"predecessor-version":[{"id":58084,"href":"https:\/\/www.oaxaca.gob.mx\/comunicacion\/wp-json\/wp\/v2\/posts\/58080\/revisions\/58084"}],"wp:featuredmedia":[{"embeddable":true,"href":"https:\/\/www.oaxaca.gob.mx\/comunicacion\/wp-json\/wp\/v2\/media\/58081"}],"wp:attachment":[{"href":"https:\/\/www.oaxaca.gob.mx\/comunicacion\/wp-json\/wp\/v2\/media?parent=58080"}],"wp:term":[{"taxonomy":"category","embeddable":true,"href":"https:\/\/www.oaxaca.gob.mx\/comunicacion\/wp-json\/wp\/v2\/categories?post=58080"},{"taxonomy":"post_tag","embeddable":true,"href":"https:\/\/www.oaxaca.gob.mx\/comunicacion\/wp-json\/wp\/v2\/tags?post=58080"}],"curies":[{"name":"wp","href":"https:\/\/api.w.org\/{rel}","templated":true}]}}