{"id":57992,"date":"2020-07-12T12:03:11","date_gmt":"2020-07-12T17:03:11","guid":{"rendered":"https:\/\/www.oaxaca.gob.mx\/comunicacion\/?p=57992"},"modified":"2020-07-12T12:03:11","modified_gmt":"2020-07-12T17:03:11","slug":"verifica-director-general-de-cecyteo-condiciones-de-instalaciones-educativas-para-eventual-retorno-a-clases","status":"publish","type":"post","link":"https:\/\/www.oaxaca.gob.mx\/comunicacion\/verifica-director-general-de-cecyteo-condiciones-de-instalaciones-educativas-para-eventual-retorno-a-clases\/","title":{"rendered":"Verifica director general de CECyTEO condiciones de instalaciones educativas para eventual retorno a clases"},"content":{"rendered":"\n\t\t<style type=\"text\/css\">\n\t\t\t#gallery-1 {\n\t\t\t\tmargin: auto;\n\t\t\t}\n\t\t\t#gallery-1 .gallery-item {\n\t\t\t\tfloat: left;\n\t\t\t\tmargin-top: 10px;\n\t\t\t\ttext-align: center;\n\t\t\t\twidth: 50%;\n\t\t\t}\n\t\t\t#gallery-1 img {\n\t\t\t\tborder: 2px solid #cfcfcf;\n\t\t\t}\n\t\t\t#gallery-1 .gallery-caption {\n\t\t\t\tmargin-left: 0;\n\t\t\t}\n\t\t\t\/* see gallery_shortcode() in wp-includes\/media.php *\/\n\t\t<\/style>\n\t\t<div id='gallery-1' class='gallery galleryid-57992 gallery-columns-2 gallery-size-medium'><dl class='gallery-item'>\n\t\t\t<dt class='gallery-icon landscape'>\n\t\t\t\t<a href='https:\/\/www.oaxaca.gob.mx\/comunicacion\/verifica-director-general-de-cecyteo-condiciones-de-instalaciones-educativas-para-eventual-retorno-a-clases\/visita-dg-plantel-9-valle-nacional_2\/'><img loading=\"lazy\" decoding=\"async\" width=\"300\" height=\"177\" src=\"https:\/\/www.oaxaca.gob.mx\/comunicacion\/wp-content\/uploads\/sites\/28\/2020\/07\/Visita-DG-Plantel-9-Valle-Nacional_2-300x177.png\" class=\"attachment-medium size-medium\" alt=\"\" srcset=\"https:\/\/www.oaxaca.gob.mx\/comunicacion\/wp-content\/uploads\/sites\/28\/2020\/07\/Visita-DG-Plantel-9-Valle-Nacional_2-300x177.png 300w, https:\/\/www.oaxaca.gob.mx\/comunicacion\/wp-content\/uploads\/sites\/28\/2020\/07\/Visita-DG-Plantel-9-Valle-Nacional_2-1024x605.png 1024w, https:\/\/www.oaxaca.gob.mx\/comunicacion\/wp-content\/uploads\/sites\/28\/2020\/07\/Visita-DG-Plantel-9-Valle-Nacional_2-768x454.png 768w, https:\/\/www.oaxaca.gob.mx\/comunicacion\/wp-content\/uploads\/sites\/28\/2020\/07\/Visita-DG-Plantel-9-Valle-Nacional_2.png 1280w\" sizes=\"auto, (max-width: 300px) 100vw, 300px\" \/><\/a>\n\t\t\t<\/dt><\/dl><dl class='gallery-item'>\n\t\t\t<dt class='gallery-icon landscape'>\n\t\t\t\t<a href='https:\/\/www.oaxaca.gob.mx\/comunicacion\/verifica-director-general-de-cecyteo-condiciones-de-instalaciones-educativas-para-eventual-retorno-a-clases\/visita-dg-plantel-9-valle-nacional_3\/'><img loading=\"lazy\" decoding=\"async\" width=\"300\" height=\"167\" src=\"https:\/\/www.oaxaca.gob.mx\/comunicacion\/wp-content\/uploads\/sites\/28\/2020\/07\/Visita-DG-Plantel-9-Valle-Nacional_3-300x167.png\" class=\"attachment-medium size-medium\" alt=\"\" srcset=\"https:\/\/www.oaxaca.gob.mx\/comunicacion\/wp-content\/uploads\/sites\/28\/2020\/07\/Visita-DG-Plantel-9-Valle-Nacional_3-300x167.png 300w, https:\/\/www.oaxaca.gob.mx\/comunicacion\/wp-content\/uploads\/sites\/28\/2020\/07\/Visita-DG-Plantel-9-Valle-Nacional_3-1024x569.png 1024w, https:\/\/www.oaxaca.gob.mx\/comunicacion\/wp-content\/uploads\/sites\/28\/2020\/07\/Visita-DG-Plantel-9-Valle-Nacional_3-768x427.png 768w, https:\/\/www.oaxaca.gob.mx\/comunicacion\/wp-content\/uploads\/sites\/28\/2020\/07\/Visita-DG-Plantel-9-Valle-Nacional_3.png 1152w\" sizes=\"auto, (max-width: 300px) 100vw, 300px\" \/><\/a>\n\t\t\t<\/dt><\/dl><br style=\"clear: both\" \/>\n\t\t<\/div>\n\n<p>&nbsp;<\/p>\n<ul>\n<li>Atiende instrucci\u00f3n del Mandatario Estatal para garantizar que las instalaciones ofrezcan condiciones dignas y seguras<\/li>\n<\/ul>\n<p><strong>Regi\u00f3n del Papaloapan, Oax. 12 de julio 2020.-\u00a0<\/strong>Siguiendo las instrucciones del gobernador Alejandro Murat Honojosa, el director general del Colegio de Estudios Cient\u00edficos y Tecnol\u00f3gicos del Estado de Oaxaca (Cecyteo), Gustavo Mar\u00edn Antonio ha iniciado recorridos de supervisi\u00f3n para constatar el estado que guardan los centros y planteles, a fin de garantizar que el pr\u00f3ximo inicio del ciclo escolar se lleve a cabo con las condiciones de seguridad establecidas.<\/p>\n<p>Atendiendo en todo momento los protocolos de sana distancia, el director general del Cecyteo inici\u00f3 la supervisi\u00f3n este s\u00e1bado, en el plantel 9 \u201cValle Nacional\u201d perteneciente al municipio de San Juan Bautista Valle Nacional y este domingo en el plantel 36 \u201cBenem\u00e9rito Ju\u00e1rez\u201d, ubicado en el municipio de San Juan Bautista Tuxtepec.<\/p>\n<p>De esta manera, el Director General del Cecyteo reitera al personal directivo la disposici\u00f3n para trabajar en equipo con las autoridades municipales, as\u00ed como con las madres y padres de familia, para que los estudiantes de nuevo ingreso y quienes regresan a continuar sus estudios, lo hagan con la certeza de contar con espacios dignos y seguros.<\/p>\n<p>El Cecyteo cuenta con m\u00e1s de 26 a\u00f1os de servicio y ofrece educaci\u00f3n media superior en 106 planteles distribuidos en el estado en las modalidades de bachillerato tecnol\u00f3gico y general. Al concluir los egresados reciben un certificado de terminaci\u00f3n de estudios y en el bachillerato tecnol\u00f3gico reciben adem\u00e1s, un t\u00edtulo y c\u00e9dula que los acredita como profesionales t\u00e9cnicos. En ambas modalidades pueden estudiar la carrera de su preferencia en cualquier universidad p\u00fablica o privada del pa\u00eds.<\/p>\n<p>Con una matr\u00edcula al inicio del ciclo escolar de m\u00e1s de 18 mil estudiantes, el Director General del Cecyteo trabaja para que m\u00e1s j\u00f3venes elijan estudiar una de las 13 carreras t\u00e9cnicas o el bachillerato general en alguno de los centros distribuidos en las ocho regiones de Oaxaca.<\/p>\n<p>La encomienda es garantizar que el Colegio contin\u00fae posicion\u00e1ndose como el mejor subsistema de educaci\u00f3n media superior en el estado, procurando el bienestar y desarrollo pleno de las y los j\u00f3venes oaxaque\u00f1os, siempre en cumplimiento a lo establecido en el Plan Estatal de Desarrollo de la administraci\u00f3n que encabeza el maestro Alejandro Murat Hinojosa.<\/p>\n<p style=\"text-align: center\">-o-<\/p>\n","protected":false},"excerpt":{"rendered":"<p>&nbsp; Atiende instrucci\u00f3n del Mandatario Estatal para garantizar que las instalaciones ofrezcan condiciones dignas y seguras Regi\u00f3n del Papaloapan, Oax. 12 de julio 2020.-\u00a0Siguiendo las instrucciones del gobernador Alejandro Murat Honojosa, el director general del Colegio de Estudios Cient\u00edficos y Tecnol\u00f3gicos del Estado de Oaxaca (Cecyteo), Gustavo Mar\u00edn Antonio ha iniciado recorridos de supervisi\u00f3n para [&hellip;]<\/p>\n","protected":false},"author":98,"featured_media":57994,"comment_status":"open","ping_status":"open","sticky":false,"template":"","format":"standard","meta":{"episode_type":"","audio_file":"","podmotor_file_id":"","podmotor_episode_id":"","cover_image":"","cover_image_id":"","duration":"","filesize":"","filesize_raw":"","date_recorded":"","explicit":"","block":"","itunes_episode_number":"","itunes_title":"","itunes_season_number":"","itunes_episode_type":"","footnotes":""},"categories":[8],"tags":[],"class_list":["post-57992","post","type-post","status-publish","format-standard","has-post-thumbnail","hentry","category-noticias"],"acf":[],"publishpress_future_action":{"enabled":false,"date":"2026-05-10 06:25:20","action":"change-status","newStatus":"draft","terms":[],"taxonomy":"category","extraData":[]},"publishpress_future_workflow_manual_trigger":{"enabledWorkflows":[]},"_links":{"self":[{"href":"https:\/\/www.oaxaca.gob.mx\/comunicacion\/wp-json\/wp\/v2\/posts\/57992","targetHints":{"allow":["GET"]}}],"collection":[{"href":"https:\/\/www.oaxaca.gob.mx\/comunicacion\/wp-json\/wp\/v2\/posts"}],"about":[{"href":"https:\/\/www.oaxaca.gob.mx\/comunicacion\/wp-json\/wp\/v2\/types\/post"}],"author":[{"embeddable":true,"href":"https:\/\/www.oaxaca.gob.mx\/comunicacion\/wp-json\/wp\/v2\/users\/98"}],"replies":[{"embeddable":true,"href":"https:\/\/www.oaxaca.gob.mx\/comunicacion\/wp-json\/wp\/v2\/comments?post=57992"}],"version-history":[{"count":1,"href":"https:\/\/www.oaxaca.gob.mx\/comunicacion\/wp-json\/wp\/v2\/posts\/57992\/revisions"}],"predecessor-version":[{"id":57995,"href":"https:\/\/www.oaxaca.gob.mx\/comunicacion\/wp-json\/wp\/v2\/posts\/57992\/revisions\/57995"}],"wp:featuredmedia":[{"embeddable":true,"href":"https:\/\/www.oaxaca.gob.mx\/comunicacion\/wp-json\/wp\/v2\/media\/57994"}],"wp:attachment":[{"href":"https:\/\/www.oaxaca.gob.mx\/comunicacion\/wp-json\/wp\/v2\/media?parent=57992"}],"wp:term":[{"taxonomy":"category","embeddable":true,"href":"https:\/\/www.oaxaca.gob.mx\/comunicacion\/wp-json\/wp\/v2\/categories?post=57992"},{"taxonomy":"post_tag","embeddable":true,"href":"https:\/\/www.oaxaca.gob.mx\/comunicacion\/wp-json\/wp\/v2\/tags?post=57992"}],"curies":[{"name":"wp","href":"https:\/\/api.w.org\/{rel}","templated":true}]}}