{"id":57564,"date":"2020-07-08T09:59:59","date_gmt":"2020-07-08T14:59:59","guid":{"rendered":"https:\/\/www.oaxaca.gob.mx\/comunicacion\/?p=57564"},"modified":"2020-07-08T11:18:02","modified_gmt":"2020-07-08T16:18:02","slug":"seculta-invita-a-conocer-mas-sobre-el-arte-figurativo-y-el-fotorrealismo","status":"publish","type":"post","link":"https:\/\/www.oaxaca.gob.mx\/comunicacion\/seculta-invita-a-conocer-mas-sobre-el-arte-figurativo-y-el-fotorrealismo\/","title":{"rendered":"Seculta invita a conocer m\u00e1s sobre \u201cEl arte figurativo y el fotorrealismo\u201d"},"content":{"rendered":"\n\t\t<style type=\"text\/css\">\n\t\t\t#gallery-1 {\n\t\t\t\tmargin: auto;\n\t\t\t}\n\t\t\t#gallery-1 .gallery-item {\n\t\t\t\tfloat: left;\n\t\t\t\tmargin-top: 10px;\n\t\t\t\ttext-align: center;\n\t\t\t\twidth: 100%;\n\t\t\t}\n\t\t\t#gallery-1 img {\n\t\t\t\tborder: 2px solid #cfcfcf;\n\t\t\t}\n\t\t\t#gallery-1 .gallery-caption {\n\t\t\t\tmargin-left: 0;\n\t\t\t}\n\t\t\t\/* see gallery_shortcode() in wp-includes\/media.php *\/\n\t\t<\/style>\n\t\t<div id='gallery-1' class='gallery galleryid-57564 gallery-columns-1 gallery-size-medium'><dl class='gallery-item'>\n\t\t\t<dt class='gallery-icon landscape'>\n\t\t\t\t<a href='https:\/\/www.oaxaca.gob.mx\/comunicacion\/seculta-invita-a-conocer-mas-sobre-el-arte-figurativo-y-el-fotorrealismo\/seculta-14-3\/'><img loading=\"lazy\" decoding=\"async\" width=\"300\" height=\"169\" src=\"https:\/\/www.oaxaca.gob.mx\/comunicacion\/wp-content\/uploads\/sites\/28\/2020\/07\/SECULTA-14-1-300x169.jpeg\" class=\"attachment-medium size-medium\" alt=\"\" srcset=\"https:\/\/www.oaxaca.gob.mx\/comunicacion\/wp-content\/uploads\/sites\/28\/2020\/07\/SECULTA-14-1-300x169.jpeg 300w, https:\/\/www.oaxaca.gob.mx\/comunicacion\/wp-content\/uploads\/sites\/28\/2020\/07\/SECULTA-14-1-1024x576.jpeg 1024w, https:\/\/www.oaxaca.gob.mx\/comunicacion\/wp-content\/uploads\/sites\/28\/2020\/07\/SECULTA-14-1-768x432.jpeg 768w, https:\/\/www.oaxaca.gob.mx\/comunicacion\/wp-content\/uploads\/sites\/28\/2020\/07\/SECULTA-14-1.jpeg 1280w\" sizes=\"auto, (max-width: 300px) 100vw, 300px\" \/><\/a>\n\t\t\t<\/dt><\/dl><br style=\"clear: both\" \/>\n\t\t<\/div>\n\n<ul>\n<li>El video tiene como objetivo la difusi\u00f3n del dibujo hiperrealista y fotorrealista entre el p\u00fablico en general<\/li>\n<\/ul>\n<p><strong>Oaxaca de Ju\u00e1rez, Oax. 8 de julio de 2020.-<\/strong>\u00a0\u201cEl arte figurativo y el fotorrealismo\u201d es uno de los proyectos seleccionados por la convocatoria CurArte de la Secretar\u00eda de las Culturas y Artes de Oaxaca (Seculta), y ser\u00e1 presentado a trav\u00e9s de las redes sociales de la dependencia este mi\u00e9rcoles 8 de julio a las 14:00 horas.<\/p>\n<p>El video presentado por Quetzalli Aquino Valera, tiene como objetivo describir aspectos y caracter\u00edsticas propias de este g\u00e9nero pict\u00f3rico, as\u00ed como una ligera rese\u00f1a hist\u00f3rica.<\/p>\n<p>En el arte contempor\u00e1neo, el t\u00e9rmino \u00abfotorrealismo\u00bb o \u00abrealismo fotogr\u00e1fico\u00bb, describe un estilo muy detallado del siglo XX, pintura realista en el que el artista intenta replicar una imagen de una fotograf\u00eda con toda su precisi\u00f3n microsc\u00f3pica.<\/p>\n<p>\u201cEl arte figurativo y el fotorrealismo\u201d, describe aspectos y caracter\u00edsticas propias de este g\u00e9nero pict\u00f3rico, y a trav\u00e9s de este video Quetzalli Aquino Valera, nos mostrar\u00e1 algunas obras realizadas por la autora y se describir\u00e1 el proceso de creaci\u00f3n.<\/p>\n<p>As\u00ed mismo mostrar\u00e1 de manera sintetizada una obra fotorrealista y una breve, pero detallada explicaci\u00f3n de una pieza que lleva meses de trabajo.<\/p>\n<p>Quetzalli Aquino Valera, ha realizado exposiciones colectivas e individuales en lugares como la Galer\u00eda Monte Alban, Laberinto, Caf\u00e9 El Placer, as\u00ed como el evento cultural \u201cGrito de mujer\u201d.<\/p>\n<p>Este video ser\u00e1 transmitido en las plataformas de Facebook: https:\/\/www.facebook.com\/seculta\/, en la cuenta de Youtube: SECULTA GobOax y en la p\u00e1gina web de la dependencia: https:\/\/www.oaxaca.gob.mx\/seculta.<\/p>\n","protected":false},"excerpt":{"rendered":"<p>El video tiene como objetivo la difusi\u00f3n del dibujo hiperrealista y fotorrealista entre el p\u00fablico en general Oaxaca de Ju\u00e1rez, Oax. 8 de julio de 2020.-\u00a0\u201cEl arte figurativo y el fotorrealismo\u201d es uno de los proyectos seleccionados por la convocatoria CurArte de la Secretar\u00eda de las Culturas y Artes de Oaxaca (Seculta), y ser\u00e1 presentado [&hellip;]<\/p>\n","protected":false},"author":34,"featured_media":57565,"comment_status":"open","ping_status":"open","sticky":false,"template":"","format":"standard","meta":{"episode_type":"","audio_file":"","podmotor_file_id":"","podmotor_episode_id":"","cover_image":"","cover_image_id":"","duration":"","filesize":"","filesize_raw":"","date_recorded":"","explicit":"","block":"","itunes_episode_number":"","itunes_title":"","itunes_season_number":"","itunes_episode_type":"","footnotes":""},"categories":[8],"tags":[371],"class_list":["post-57564","post","type-post","status-publish","format-standard","has-post-thumbnail","hentry","category-noticias","tag-seculta"],"acf":[],"publishpress_future_action":{"enabled":false,"date":"2026-05-07 11:13:22","action":"change-status","newStatus":"draft","terms":[],"taxonomy":"category","extraData":[]},"publishpress_future_workflow_manual_trigger":{"enabledWorkflows":[]},"_links":{"self":[{"href":"https:\/\/www.oaxaca.gob.mx\/comunicacion\/wp-json\/wp\/v2\/posts\/57564","targetHints":{"allow":["GET"]}}],"collection":[{"href":"https:\/\/www.oaxaca.gob.mx\/comunicacion\/wp-json\/wp\/v2\/posts"}],"about":[{"href":"https:\/\/www.oaxaca.gob.mx\/comunicacion\/wp-json\/wp\/v2\/types\/post"}],"author":[{"embeddable":true,"href":"https:\/\/www.oaxaca.gob.mx\/comunicacion\/wp-json\/wp\/v2\/users\/34"}],"replies":[{"embeddable":true,"href":"https:\/\/www.oaxaca.gob.mx\/comunicacion\/wp-json\/wp\/v2\/comments?post=57564"}],"version-history":[{"count":1,"href":"https:\/\/www.oaxaca.gob.mx\/comunicacion\/wp-json\/wp\/v2\/posts\/57564\/revisions"}],"predecessor-version":[{"id":57566,"href":"https:\/\/www.oaxaca.gob.mx\/comunicacion\/wp-json\/wp\/v2\/posts\/57564\/revisions\/57566"}],"wp:featuredmedia":[{"embeddable":true,"href":"https:\/\/www.oaxaca.gob.mx\/comunicacion\/wp-json\/wp\/v2\/media\/57565"}],"wp:attachment":[{"href":"https:\/\/www.oaxaca.gob.mx\/comunicacion\/wp-json\/wp\/v2\/media?parent=57564"}],"wp:term":[{"taxonomy":"category","embeddable":true,"href":"https:\/\/www.oaxaca.gob.mx\/comunicacion\/wp-json\/wp\/v2\/categories?post=57564"},{"taxonomy":"post_tag","embeddable":true,"href":"https:\/\/www.oaxaca.gob.mx\/comunicacion\/wp-json\/wp\/v2\/tags?post=57564"}],"curies":[{"name":"wp","href":"https:\/\/api.w.org\/{rel}","templated":true}]}}