{"id":57234,"date":"2020-07-02T08:56:36","date_gmt":"2020-07-02T13:56:36","guid":{"rendered":"https:\/\/www.oaxaca.gob.mx\/comunicacion\/?p=57234"},"modified":"2020-07-02T10:25:20","modified_gmt":"2020-07-02T15:25:20","slug":"este-jueves-seculta-presenta-aprende-sobre-la-tecnica-cubana-de-ballet","status":"publish","type":"post","link":"https:\/\/www.oaxaca.gob.mx\/comunicacion\/este-jueves-seculta-presenta-aprende-sobre-la-tecnica-cubana-de-ballet\/","title":{"rendered":"Este jueves, Seculta presenta  \u201cAprende sobre la\u00a0T\u00e9cnica Cubana de Ballet\u201d"},"content":{"rendered":"\n\t\t<style type=\"text\/css\">\n\t\t\t#gallery-1 {\n\t\t\t\tmargin: auto;\n\t\t\t}\n\t\t\t#gallery-1 .gallery-item {\n\t\t\t\tfloat: left;\n\t\t\t\tmargin-top: 10px;\n\t\t\t\ttext-align: center;\n\t\t\t\twidth: 100%;\n\t\t\t}\n\t\t\t#gallery-1 img {\n\t\t\t\tborder: 2px solid #cfcfcf;\n\t\t\t}\n\t\t\t#gallery-1 .gallery-caption {\n\t\t\t\tmargin-left: 0;\n\t\t\t}\n\t\t\t\/* see gallery_shortcode() in wp-includes\/media.php *\/\n\t\t<\/style>\n\t\t<div id='gallery-1' class='gallery galleryid-57234 gallery-columns-1 gallery-size-medium'><dl class='gallery-item'>\n\t\t\t<dt class='gallery-icon landscape'>\n\t\t\t\t<a href='https:\/\/www.oaxaca.gob.mx\/comunicacion\/este-jueves-seculta-presenta-aprende-sobre-la-tecnica-cubana-de-ballet\/seculta-8-4\/'><img loading=\"lazy\" decoding=\"async\" width=\"300\" height=\"169\" src=\"https:\/\/www.oaxaca.gob.mx\/comunicacion\/wp-content\/uploads\/sites\/28\/2020\/07\/SECULTA-8-300x169.jpeg\" class=\"attachment-medium size-medium\" alt=\"\" srcset=\"https:\/\/www.oaxaca.gob.mx\/comunicacion\/wp-content\/uploads\/sites\/28\/2020\/07\/SECULTA-8-300x169.jpeg 300w, https:\/\/www.oaxaca.gob.mx\/comunicacion\/wp-content\/uploads\/sites\/28\/2020\/07\/SECULTA-8-1024x576.jpeg 1024w, https:\/\/www.oaxaca.gob.mx\/comunicacion\/wp-content\/uploads\/sites\/28\/2020\/07\/SECULTA-8-768x432.jpeg 768w, https:\/\/www.oaxaca.gob.mx\/comunicacion\/wp-content\/uploads\/sites\/28\/2020\/07\/SECULTA-8.jpeg 1280w\" sizes=\"auto, (max-width: 300px) 100vw, 300px\" \/><\/a>\n\t\t\t<\/dt><\/dl><br style=\"clear: both\" \/>\n\t\t<\/div>\n\n<ul>\n<li>El video tiene como objetivo la difusi\u00f3n de los antecedentes hist\u00f3ricos, la ense\u00f1anza, metodolog\u00eda y la estructura de una clase de ballet bajo el sello de la t\u00e9cnica cubana<\/li>\n<\/ul>\n<p><strong>Oaxaca de Ju\u00e1rez, Oax. 02 de julio de 2020.-<\/strong>\u00a0La Secretar\u00eda de las Culturas y Artes de Oaxaca (Seculta), presenta el video \u201cAprende sobre la\u00a0T\u00e9cnica Cubana de Ballet. Antecedentes Hist\u00f3ricos; la Ense\u00f1anza, su Metodolog\u00eda y la Estructura de una Clase de Ballet\u201d, el cual se transmitir\u00e1 este jueves, a las 14:00 horas, a trav\u00e9s de las plataformas digitales de la dependencia.<\/p>\n<p>El proyecto es presentado por la maestra Dayani Gonz\u00e1lez Fern\u00e1ndez, y tiene como objetivo la difusi\u00f3n sobre los antecedentes hist\u00f3ricos, la ense\u00f1anza, metodolog\u00eda y la estructura de una clase de ballet bajo el sello de la T\u00e9cnica Cubana, la cual ha sido reconocida internacionalmente y se ha consolidado a largo de un poco m\u00e1s de 50 a\u00f1os, como un importante referente a nivel mundial.<\/p>\n<p>La\u00a0T\u00e9cnica Cubana de Ballet ha ido perfeccion\u00e1ndose con un pensamiento pedag\u00f3gico y multidisciplinario; su m\u00e9todo de ense\u00f1anza ha sido aplicado y ha tenido sus fortalezas en diferentes pa\u00edses latinoamericanos -incluyendo M\u00e9xico- con la particularidad de que incorpora al ballet la manera de caminar de los cubanos, la sensualidad y coqueter\u00eda de la mujer, la virilidad y hasta la masculinidad del hombre.<\/p>\n<p>El ballet es una disciplina apta para ni\u00f1as, ni\u00f1os, j\u00f3venes y personas adultas; es un arte educativo que adem\u00e1s del goce y disfrute, aporta innumerables beneficios como energ\u00eda y movilidad a los m\u00fasculos.<\/p>\n<p>Tambi\u00e9n ayuda al desarrollo de la elasticidad, construcci\u00f3n de una postura correcta, mejora la concentraci\u00f3n, la circulaci\u00f3n sangu\u00ednea, la relajaci\u00f3n y a respirar correctamente; adem\u00e1s, coadyuva al desarrollo de habilidades sociales, reduce dolores musculares y es capaz de prevenir lesiones.<\/p>\n<p>Por ello, la Seculta te invita a que no te pierdas esta charla did\u00e1ctica que se presentar\u00e1 a trav\u00e9s de las plataformas de Facebook https:\/\/www.facebook.com\/seculta\/, en la cuenta de YouTube: SECULTA GobOax y en la p\u00e1gina web de la dependencia: https:\/\/www.oaxaca.gob.mx\/seculta.<\/p>\n","protected":false},"excerpt":{"rendered":"<p>El video tiene como objetivo la difusi\u00f3n de los antecedentes hist\u00f3ricos, la ense\u00f1anza, metodolog\u00eda y la estructura de una clase de ballet bajo el sello de la t\u00e9cnica cubana Oaxaca de Ju\u00e1rez, Oax. 02 de julio de 2020.-\u00a0La Secretar\u00eda de las Culturas y Artes de Oaxaca (Seculta), presenta el video \u201cAprende sobre la\u00a0T\u00e9cnica Cubana de [&hellip;]<\/p>\n","protected":false},"author":34,"featured_media":57235,"comment_status":"open","ping_status":"open","sticky":false,"template":"","format":"standard","meta":{"episode_type":"","audio_file":"","podmotor_file_id":"","podmotor_episode_id":"","cover_image":"","cover_image_id":"","duration":"","filesize":"","filesize_raw":"","date_recorded":"","explicit":"","block":"","itunes_episode_number":"","itunes_title":"","itunes_season_number":"","itunes_episode_type":"","footnotes":""},"categories":[8],"tags":[371],"class_list":["post-57234","post","type-post","status-publish","format-standard","has-post-thumbnail","hentry","category-noticias","tag-seculta"],"acf":[],"publishpress_future_action":{"enabled":false,"date":"2026-05-10 10:36:12","action":"change-status","newStatus":"draft","terms":[],"taxonomy":"category","extraData":[]},"publishpress_future_workflow_manual_trigger":{"enabledWorkflows":[]},"_links":{"self":[{"href":"https:\/\/www.oaxaca.gob.mx\/comunicacion\/wp-json\/wp\/v2\/posts\/57234","targetHints":{"allow":["GET"]}}],"collection":[{"href":"https:\/\/www.oaxaca.gob.mx\/comunicacion\/wp-json\/wp\/v2\/posts"}],"about":[{"href":"https:\/\/www.oaxaca.gob.mx\/comunicacion\/wp-json\/wp\/v2\/types\/post"}],"author":[{"embeddable":true,"href":"https:\/\/www.oaxaca.gob.mx\/comunicacion\/wp-json\/wp\/v2\/users\/34"}],"replies":[{"embeddable":true,"href":"https:\/\/www.oaxaca.gob.mx\/comunicacion\/wp-json\/wp\/v2\/comments?post=57234"}],"version-history":[{"count":1,"href":"https:\/\/www.oaxaca.gob.mx\/comunicacion\/wp-json\/wp\/v2\/posts\/57234\/revisions"}],"predecessor-version":[{"id":57236,"href":"https:\/\/www.oaxaca.gob.mx\/comunicacion\/wp-json\/wp\/v2\/posts\/57234\/revisions\/57236"}],"wp:featuredmedia":[{"embeddable":true,"href":"https:\/\/www.oaxaca.gob.mx\/comunicacion\/wp-json\/wp\/v2\/media\/57235"}],"wp:attachment":[{"href":"https:\/\/www.oaxaca.gob.mx\/comunicacion\/wp-json\/wp\/v2\/media?parent=57234"}],"wp:term":[{"taxonomy":"category","embeddable":true,"href":"https:\/\/www.oaxaca.gob.mx\/comunicacion\/wp-json\/wp\/v2\/categories?post=57234"},{"taxonomy":"post_tag","embeddable":true,"href":"https:\/\/www.oaxaca.gob.mx\/comunicacion\/wp-json\/wp\/v2\/tags?post=57234"}],"curies":[{"name":"wp","href":"https:\/\/api.w.org\/{rel}","templated":true}]}}