{"id":57191,"date":"2020-07-01T16:02:06","date_gmt":"2020-07-01T21:02:06","guid":{"rendered":"https:\/\/www.oaxaca.gob.mx\/comunicacion\/?p=57191"},"modified":"2020-07-01T16:19:25","modified_gmt":"2020-07-01T21:19:25","slug":"para-mejorar-la-infraestructura-social-de-salina-cruz-gobiernos-de-oaxaca-y-mexico-unen-esfuerzos","status":"publish","type":"post","link":"https:\/\/www.oaxaca.gob.mx\/comunicacion\/para-mejorar-la-infraestructura-social-de-salina-cruz-gobiernos-de-oaxaca-y-mexico-unen-esfuerzos\/","title":{"rendered":"Para mejorar la infraestructura social de Salina Cruz, gobiernos de Oaxaca y M\u00e9xico unen esfuerzos"},"content":{"rendered":"\n\t\t<style type=\"text\/css\">\n\t\t\t#gallery-1 {\n\t\t\t\tmargin: auto;\n\t\t\t}\n\t\t\t#gallery-1 .gallery-item {\n\t\t\t\tfloat: left;\n\t\t\t\tmargin-top: 10px;\n\t\t\t\ttext-align: center;\n\t\t\t\twidth: 33%;\n\t\t\t}\n\t\t\t#gallery-1 img {\n\t\t\t\tborder: 2px solid #cfcfcf;\n\t\t\t}\n\t\t\t#gallery-1 .gallery-caption {\n\t\t\t\tmargin-left: 0;\n\t\t\t}\n\t\t\t\/* see gallery_shortcode() in wp-includes\/media.php *\/\n\t\t<\/style>\n\t\t<div id='gallery-1' class='gallery galleryid-57191 gallery-columns-3 gallery-size-medium'><dl class='gallery-item'>\n\t\t\t<dt class='gallery-icon landscape'>\n\t\t\t\t<a href='https:\/\/www.oaxaca.gob.mx\/comunicacion\/para-mejorar-la-infraestructura-social-de-salina-cruz-gobiernos-de-oaxaca-y-mexico-unen-esfuerzos\/amh-salina-cruz-2\/'><img loading=\"lazy\" decoding=\"async\" width=\"300\" height=\"169\" src=\"https:\/\/www.oaxaca.gob.mx\/comunicacion\/wp-content\/uploads\/sites\/28\/2020\/07\/AMH-SALINA-CRUZ-2-300x169.jpeg\" class=\"attachment-medium size-medium\" alt=\"\" srcset=\"https:\/\/www.oaxaca.gob.mx\/comunicacion\/wp-content\/uploads\/sites\/28\/2020\/07\/AMH-SALINA-CRUZ-2-300x169.jpeg 300w, https:\/\/www.oaxaca.gob.mx\/comunicacion\/wp-content\/uploads\/sites\/28\/2020\/07\/AMH-SALINA-CRUZ-2-1024x576.jpeg 1024w, https:\/\/www.oaxaca.gob.mx\/comunicacion\/wp-content\/uploads\/sites\/28\/2020\/07\/AMH-SALINA-CRUZ-2-768x432.jpeg 768w, https:\/\/www.oaxaca.gob.mx\/comunicacion\/wp-content\/uploads\/sites\/28\/2020\/07\/AMH-SALINA-CRUZ-2.jpeg 1280w\" sizes=\"auto, (max-width: 300px) 100vw, 300px\" \/><\/a>\n\t\t\t<\/dt><\/dl><dl class='gallery-item'>\n\t\t\t<dt class='gallery-icon landscape'>\n\t\t\t\t<a href='https:\/\/www.oaxaca.gob.mx\/comunicacion\/para-mejorar-la-infraestructura-social-de-salina-cruz-gobiernos-de-oaxaca-y-mexico-unen-esfuerzos\/amh-salina-cruz-3\/'><img loading=\"lazy\" decoding=\"async\" width=\"300\" height=\"169\" src=\"https:\/\/www.oaxaca.gob.mx\/comunicacion\/wp-content\/uploads\/sites\/28\/2020\/07\/AMH-SALINA-CRUZ-3-300x169.jpeg\" class=\"attachment-medium size-medium\" alt=\"\" srcset=\"https:\/\/www.oaxaca.gob.mx\/comunicacion\/wp-content\/uploads\/sites\/28\/2020\/07\/AMH-SALINA-CRUZ-3-300x169.jpeg 300w, https:\/\/www.oaxaca.gob.mx\/comunicacion\/wp-content\/uploads\/sites\/28\/2020\/07\/AMH-SALINA-CRUZ-3-1024x576.jpeg 1024w, https:\/\/www.oaxaca.gob.mx\/comunicacion\/wp-content\/uploads\/sites\/28\/2020\/07\/AMH-SALINA-CRUZ-3-768x432.jpeg 768w, https:\/\/www.oaxaca.gob.mx\/comunicacion\/wp-content\/uploads\/sites\/28\/2020\/07\/AMH-SALINA-CRUZ-3.jpeg 1280w\" sizes=\"auto, (max-width: 300px) 100vw, 300px\" \/><\/a>\n\t\t\t<\/dt><\/dl><dl class='gallery-item'>\n\t\t\t<dt class='gallery-icon landscape'>\n\t\t\t\t<a href='https:\/\/www.oaxaca.gob.mx\/comunicacion\/para-mejorar-la-infraestructura-social-de-salina-cruz-gobiernos-de-oaxaca-y-mexico-unen-esfuerzos\/amh-salina-cruz-4\/'><img loading=\"lazy\" decoding=\"async\" width=\"300\" height=\"169\" src=\"https:\/\/www.oaxaca.gob.mx\/comunicacion\/wp-content\/uploads\/sites\/28\/2020\/07\/AMH-SALINA-CRUZ-4-300x169.jpeg\" class=\"attachment-medium size-medium\" alt=\"\" srcset=\"https:\/\/www.oaxaca.gob.mx\/comunicacion\/wp-content\/uploads\/sites\/28\/2020\/07\/AMH-SALINA-CRUZ-4-300x169.jpeg 300w, https:\/\/www.oaxaca.gob.mx\/comunicacion\/wp-content\/uploads\/sites\/28\/2020\/07\/AMH-SALINA-CRUZ-4-1024x576.jpeg 1024w, https:\/\/www.oaxaca.gob.mx\/comunicacion\/wp-content\/uploads\/sites\/28\/2020\/07\/AMH-SALINA-CRUZ-4-768x432.jpeg 768w, https:\/\/www.oaxaca.gob.mx\/comunicacion\/wp-content\/uploads\/sites\/28\/2020\/07\/AMH-SALINA-CRUZ-4.jpeg 1280w\" sizes=\"auto, (max-width: 300px) 100vw, 300px\" \/><\/a>\n\t\t\t<\/dt><\/dl><br style=\"clear: both\" \/><dl class='gallery-item'>\n\t\t\t<dt class='gallery-icon landscape'>\n\t\t\t\t<a href='https:\/\/www.oaxaca.gob.mx\/comunicacion\/para-mejorar-la-infraestructura-social-de-salina-cruz-gobiernos-de-oaxaca-y-mexico-unen-esfuerzos\/amh-salina-cruz-5\/'><img loading=\"lazy\" decoding=\"async\" width=\"300\" height=\"169\" src=\"https:\/\/www.oaxaca.gob.mx\/comunicacion\/wp-content\/uploads\/sites\/28\/2020\/07\/AMH-SALINA-CRUZ-5-300x169.jpeg\" class=\"attachment-medium size-medium\" alt=\"\" srcset=\"https:\/\/www.oaxaca.gob.mx\/comunicacion\/wp-content\/uploads\/sites\/28\/2020\/07\/AMH-SALINA-CRUZ-5-300x169.jpeg 300w, https:\/\/www.oaxaca.gob.mx\/comunicacion\/wp-content\/uploads\/sites\/28\/2020\/07\/AMH-SALINA-CRUZ-5-1024x576.jpeg 1024w, https:\/\/www.oaxaca.gob.mx\/comunicacion\/wp-content\/uploads\/sites\/28\/2020\/07\/AMH-SALINA-CRUZ-5-768x432.jpeg 768w, https:\/\/www.oaxaca.gob.mx\/comunicacion\/wp-content\/uploads\/sites\/28\/2020\/07\/AMH-SALINA-CRUZ-5.jpeg 1280w\" sizes=\"auto, (max-width: 300px) 100vw, 300px\" \/><\/a>\n\t\t\t<\/dt><\/dl><dl class='gallery-item'>\n\t\t\t<dt class='gallery-icon landscape'>\n\t\t\t\t<a href='https:\/\/www.oaxaca.gob.mx\/comunicacion\/para-mejorar-la-infraestructura-social-de-salina-cruz-gobiernos-de-oaxaca-y-mexico-unen-esfuerzos\/amh-salina-cruz-1\/'><img loading=\"lazy\" decoding=\"async\" width=\"300\" height=\"300\" src=\"https:\/\/www.oaxaca.gob.mx\/comunicacion\/wp-content\/uploads\/sites\/28\/2020\/07\/AMH-SALINA-CRUZ-1-300x300.jpeg\" class=\"attachment-medium size-medium\" alt=\"\" srcset=\"https:\/\/www.oaxaca.gob.mx\/comunicacion\/wp-content\/uploads\/sites\/28\/2020\/07\/AMH-SALINA-CRUZ-1-300x300.jpeg 300w, https:\/\/www.oaxaca.gob.mx\/comunicacion\/wp-content\/uploads\/sites\/28\/2020\/07\/AMH-SALINA-CRUZ-1-1024x1024.jpeg 1024w, https:\/\/www.oaxaca.gob.mx\/comunicacion\/wp-content\/uploads\/sites\/28\/2020\/07\/AMH-SALINA-CRUZ-1-150x150.jpeg 150w, https:\/\/www.oaxaca.gob.mx\/comunicacion\/wp-content\/uploads\/sites\/28\/2020\/07\/AMH-SALINA-CRUZ-1-768x768.jpeg 768w, https:\/\/www.oaxaca.gob.mx\/comunicacion\/wp-content\/uploads\/sites\/28\/2020\/07\/AMH-SALINA-CRUZ-1.jpeg 1280w\" sizes=\"auto, (max-width: 300px) 100vw, 300px\" \/><\/a>\n\t\t\t<\/dt><\/dl>\n\t\t\t<br style='clear: both' \/>\n\t\t<\/div>\n\n<p>&nbsp;<\/p>\n<ul>\n<li>El gobernador Alejandro Murat y el titular de la Sedatu, Rom\u00e1n Meyer, realizaron un recorrido de supervisi\u00f3n t\u00e9cnica en seis pol\u00edgonos donde se edificar\u00e1n espacios p\u00fablicos<\/li>\n<\/ul>\n<ul>\n<li>Se prev\u00e9 que las obras concluyan este mismo a\u00f1o, ya que se cuenta con m\u00e1s de 200 millones de pesos para la edificaci\u00f3n<\/li>\n<\/ul>\n<p><strong>Salina Cruz, Oax. 01 de julio de 2020.<\/strong> En gira de trabajo por el Istmo de Tehuantepec, el gobernador Alejandro Murat Hinojosa acompa\u00f1ado del titular de la Secretar\u00eda de Desarrollo Agrario, Territorial y Urbano (Sedatu), Rom\u00e1n Meyer Falc\u00f3n, supervisaron los pol\u00edgonos que ser\u00e1n intervenidos en el municipio de Salina Cruz, como parte del Programa de Mejoramiento Urbano 2020.<\/p>\n<p>Durante la supervisi\u00f3n t\u00e9cnica realizada en seis puntos de este municipio, el Mandatario Estatal agradeci\u00f3 al presidente Andr\u00e9s Manuel L\u00f3pez Obrador el apoyo otorgado a trav\u00e9s de la Sedatu para ejercer m\u00e1s de 200 millones de pesos en siete obras de impacto social en este lugar.<\/p>\n<p>\u00abCuando hay coordinaci\u00f3n, hay resultados; el presidente tiene un cari\u00f1o especial por Oaxaca y por el Istmo, estas obras son un anhelo hist\u00f3rico de las familias de Salina Cruz y me honra ser parte de este legado\u00bb, expres\u00f3 Murat Hinojosa junto al edil de Salina Cruz, Juan Carlos Atecas Altamirano.<\/p>\n<p>Los pol\u00edgonos supervisados este d\u00eda fueron: la Unidad Deportiva de la Colonia San Pablo, la cual ser\u00e1 rehabilitada en su totalidad; as\u00ed como el m\u00f3dulo deportivo y el espacio p\u00fablico \u00abLas Pilas\u00bb; al igual que la Antigua Estaci\u00f3n del Ferrocarril, en cuyo espacio ahora se edificar\u00e1 un \u00c1gora, un centro cultural que contar\u00e1 con aulas, auditorio y espacios verdes.<\/p>\n<p>El recorrido tambi\u00e9n abarc\u00f3 el lugar donde se construir\u00e1 una Plaza C\u00edvica, frente al Palacio Municipal de Salina Cruz, en la cual se har\u00e1n trabajos de remodelaci\u00f3n y construcci\u00f3n de infraestructura para la ciudadan\u00eda; adem\u00e1s del Mirador de la playa abierta, en donde se edificar\u00e1 un malec\u00f3n para que las familias salinacrucenses puedan disfrutar de este lugar, adem\u00e1s de ser un punto de atracci\u00f3n tur\u00edstica.<\/p>\n<p>Cabe se\u00f1alar que la construcci\u00f3n de este malec\u00f3n consiste en dos etapas, la primera es la zona peatonal y tur\u00edstica con un andador y escalinatas; as\u00ed como un espacio deportivo en una segunda etapa, que estar\u00e1 edificado en este mismo lugar de la Colonia San Juan.<\/p>\n<p>Al respecto, el titular de Sedatu, Rom\u00e1n Reyes Falc\u00f3n, dijo que estas obras deber\u00e1n estar concluidas a finales de este a\u00f1o, ya que cuentan con los recursos econ\u00f3micos correspondientes.<\/p>\n<p>\u00abLo importante de este programa es recuperar los espacios hist\u00f3ricos, y m\u00e1s en Salina Cruz, un puerto emblem\u00e1tico e hist\u00f3rico. En el caso del malec\u00f3n, lo que tratamos de hacer es utilizar este espacio que son los frentes de playa que muchas ocasiones en el pa\u00eds se han privatizado, por lo que se busca que sea para todas las familias\u00bb, dijo.<\/p>\n<p>Durante este recorrido por los pol\u00edgonos, el Ejecutivo del Estado y el Secretario Federal estuvieron acompa\u00f1ados por representantes de las empresas que har\u00e1n dichos trabajos, quienes detallaron las tareas a realizar, adem\u00e1s de recibir sugerencias por parte de las autoridades municipales para su complementaci\u00f3n.<\/p>\n<p>&nbsp;<\/p>\n<p style=\"text-align: center\">-0-<\/p>\n","protected":false},"excerpt":{"rendered":"<p>&nbsp; El gobernador Alejandro Murat y el titular de la Sedatu, Rom\u00e1n Meyer, realizaron un recorrido de supervisi\u00f3n t\u00e9cnica en seis pol\u00edgonos donde se edificar\u00e1n espacios p\u00fablicos Se prev\u00e9 que las obras concluyan este mismo a\u00f1o, ya que se cuenta con m\u00e1s de 200 millones de pesos para la edificaci\u00f3n Salina Cruz, Oax. 01 de [&hellip;]<\/p>\n","protected":false},"author":99,"featured_media":57197,"comment_status":"open","ping_status":"open","sticky":false,"template":"","format":"standard","meta":{"episode_type":"","audio_file":"","podmotor_file_id":"","podmotor_episode_id":"","cover_image":"","cover_image_id":"","duration":"","filesize":"","filesize_raw":"","date_recorded":"","explicit":"","block":"","itunes_episode_number":"","itunes_title":"","itunes_season_number":"","itunes_episode_type":"","footnotes":""},"categories":[6,7,8],"tags":[],"class_list":["post-57191","post","type-post","status-publish","format-standard","has-post-thumbnail","hentry","category-destacado","category-slide","category-noticias"],"acf":[],"publishpress_future_action":{"enabled":false,"date":"2026-05-06 12:06:01","action":"change-status","newStatus":"draft","terms":[],"taxonomy":"category","extraData":[]},"publishpress_future_workflow_manual_trigger":{"enabledWorkflows":[]},"_links":{"self":[{"href":"https:\/\/www.oaxaca.gob.mx\/comunicacion\/wp-json\/wp\/v2\/posts\/57191","targetHints":{"allow":["GET"]}}],"collection":[{"href":"https:\/\/www.oaxaca.gob.mx\/comunicacion\/wp-json\/wp\/v2\/posts"}],"about":[{"href":"https:\/\/www.oaxaca.gob.mx\/comunicacion\/wp-json\/wp\/v2\/types\/post"}],"author":[{"embeddable":true,"href":"https:\/\/www.oaxaca.gob.mx\/comunicacion\/wp-json\/wp\/v2\/users\/99"}],"replies":[{"embeddable":true,"href":"https:\/\/www.oaxaca.gob.mx\/comunicacion\/wp-json\/wp\/v2\/comments?post=57191"}],"version-history":[{"count":1,"href":"https:\/\/www.oaxaca.gob.mx\/comunicacion\/wp-json\/wp\/v2\/posts\/57191\/revisions"}],"predecessor-version":[{"id":57198,"href":"https:\/\/www.oaxaca.gob.mx\/comunicacion\/wp-json\/wp\/v2\/posts\/57191\/revisions\/57198"}],"wp:featuredmedia":[{"embeddable":true,"href":"https:\/\/www.oaxaca.gob.mx\/comunicacion\/wp-json\/wp\/v2\/media\/57197"}],"wp:attachment":[{"href":"https:\/\/www.oaxaca.gob.mx\/comunicacion\/wp-json\/wp\/v2\/media?parent=57191"}],"wp:term":[{"taxonomy":"category","embeddable":true,"href":"https:\/\/www.oaxaca.gob.mx\/comunicacion\/wp-json\/wp\/v2\/categories?post=57191"},{"taxonomy":"post_tag","embeddable":true,"href":"https:\/\/www.oaxaca.gob.mx\/comunicacion\/wp-json\/wp\/v2\/tags?post=57191"}],"curies":[{"name":"wp","href":"https:\/\/api.w.org\/{rel}","templated":true}]}}