{"id":56342,"date":"2020-06-17T13:11:23","date_gmt":"2020-06-17T18:11:23","guid":{"rendered":"https:\/\/www.oaxaca.gob.mx\/comunicacion\/?p=56342"},"modified":"2020-06-17T14:16:17","modified_gmt":"2020-06-17T19:16:17","slug":"imparte-seculta-ensenanza-en-la-elaboracion-de-instrumentos-musicales-desde-casa","status":"publish","type":"post","link":"https:\/\/www.oaxaca.gob.mx\/comunicacion\/imparte-seculta-ensenanza-en-la-elaboracion-de-instrumentos-musicales-desde-casa\/","title":{"rendered":"Imparte Seculta ense\u00f1anza en la elaboraci\u00f3n de  \u00a0instrumentos musicales desde casa"},"content":{"rendered":"\n\t\t<style type=\"text\/css\">\n\t\t\t#gallery-1 {\n\t\t\t\tmargin: auto;\n\t\t\t}\n\t\t\t#gallery-1 .gallery-item {\n\t\t\t\tfloat: left;\n\t\t\t\tmargin-top: 10px;\n\t\t\t\ttext-align: center;\n\t\t\t\twidth: 100%;\n\t\t\t}\n\t\t\t#gallery-1 img {\n\t\t\t\tborder: 2px solid #cfcfcf;\n\t\t\t}\n\t\t\t#gallery-1 .gallery-caption {\n\t\t\t\tmargin-left: 0;\n\t\t\t}\n\t\t\t\/* see gallery_shortcode() in wp-includes\/media.php *\/\n\t\t<\/style>\n\t\t<div id='gallery-1' class='gallery galleryid-56342 gallery-columns-1 gallery-size-medium'><dl class='gallery-item'>\n\t\t\t<dt class='gallery-icon landscape'>\n\t\t\t\t<a href='https:\/\/www.oaxaca.gob.mx\/comunicacion\/imparte-seculta-ensenanza-en-la-elaboracion-de-instrumentos-musicales-desde-casa\/seculta-ensenanza-elaboracion-instrumentos-1\/'><img loading=\"lazy\" decoding=\"async\" width=\"300\" height=\"169\" src=\"https:\/\/www.oaxaca.gob.mx\/comunicacion\/wp-content\/uploads\/sites\/28\/2020\/06\/SECULTA-Ense\u00f1anza-elaboraci\u00f3n-instrumentos-1-300x169.jpeg\" class=\"attachment-medium size-medium\" alt=\"\" srcset=\"https:\/\/www.oaxaca.gob.mx\/comunicacion\/wp-content\/uploads\/sites\/28\/2020\/06\/SECULTA-Ense\u00f1anza-elaboraci\u00f3n-instrumentos-1-300x169.jpeg 300w, https:\/\/www.oaxaca.gob.mx\/comunicacion\/wp-content\/uploads\/sites\/28\/2020\/06\/SECULTA-Ense\u00f1anza-elaboraci\u00f3n-instrumentos-1-1024x576.jpeg 1024w, https:\/\/www.oaxaca.gob.mx\/comunicacion\/wp-content\/uploads\/sites\/28\/2020\/06\/SECULTA-Ense\u00f1anza-elaboraci\u00f3n-instrumentos-1-768x432.jpeg 768w, https:\/\/www.oaxaca.gob.mx\/comunicacion\/wp-content\/uploads\/sites\/28\/2020\/06\/SECULTA-Ense\u00f1anza-elaboraci\u00f3n-instrumentos-1.jpeg 1280w\" sizes=\"auto, (max-width: 300px) 100vw, 300px\" \/><\/a>\n\t\t\t<\/dt><\/dl><br style=\"clear: both\" \/>\n\t\t<\/div>\n\n<ul>\n<li>Pablo Alberto P\u00e9rez M\u00e1rquez ofrecer\u00e1 el taller \u201cF\u00e1brica de percusiones con materiales que se pueden reciclar<\/li>\n<\/ul>\n<p>&nbsp;<\/p>\n<p><strong>Oaxaca de Ju\u00e1rez, Oax. 17 de junio de 2020.\u00a0<\/strong>La Secretar\u00eda de las Culturas y Artes de Oaxaca (Seculta), invita al p\u00fablico oaxaque\u00f1o a conocer el proyecto presentado por el percusionista de m\u00fasica tradicional Pablo Alberto P\u00e9rez M\u00e1rquez, denominado \u201cF\u00e1brica de percusiones\u201d, que se transmitir\u00e1 este mi\u00e9rcoles 17 de junio, a las 20:00 horas por las redes sociales de la dependencia.<\/p>\n<p>\u201cF\u00e1brica de percusiones\u201d es un proyecto que tiene como objetivo ense\u00f1ar a construir de manera sencilla y desde el hogar, tres instrumentos musicales con materiales disponibles en casa,\u00a0 inform\u00f3 la titular de la Seculta Karla Villaca\u00f1a Quevedo.<\/p>\n<p>En ese sentido, la Secretaria explic\u00f3 que este tutorial es un excelente material para disfrutar en familia y conocer sobre la m\u00fasica tradicional mexicana desde la comodidad de los hogares,\u00a0 mediante la realizaci\u00f3n de instrumentos como: maracas, la maraca de gajos rar\u00e1muri de la regi\u00f3n ikoot, la xoob (maraca),\u00a0 la guacharaca y los ten\u00e1baris.<\/p>\n<p>Adem\u00e1s, en la presentaci\u00f3n por Pablo Alberto P\u00e9rez M\u00e1rquez contempla la ubicaci\u00f3n del mapa sonoro de M\u00e9xico, su participaci\u00f3n en la tradici\u00f3n musical, las caracter\u00edsticas morfol\u00f3gicas, materiales originales y forma de ejecuci\u00f3n.<\/p>\n<p>Con estas acciones se busca acercar a las ni\u00f1as, ni\u00f1os y j\u00f3venes, a los conocimientos b\u00e1sicos para realizar instrumentos musicales y a su vez llevar a cabo la concientizaci\u00f3n en el tratamiento de desechos y su posible reciclaje.<\/p>\n<p>P\u00e9rez M\u00e1rquez es percusionista enfocado en la m\u00fasica tradicional de M\u00e9xico, desde una pr\u00e1ctica instrumental original, no sustitutiva, desarrolla t\u00e9cnicas propias y particulares existentes en el pa\u00eds.<\/p>\n<p>Asimismo ha impartido clases de m\u00fasica con los lenguajes no acad\u00e9micos, que implican una pr\u00e1ctica musical de resultados distantes para utilizar el m\u00e9todo de ense\u00f1anza desde la oralidad a lo complejo de un g\u00e9nero.<\/p>\n<p>La Seculta invita a las y los oaxaque\u00f1os a disfrutar este video que ser\u00e1 transmitido desde las plataformas de Facebook: https:\/\/www.facebook.com\/seculta\/, en la cuenta de Youtube: SECULTA GobOax y en la p\u00e1gina web de la dependencia:\u00a0<a href=\"https:\/\/www.oaxaca.gob.mx\/seculta\" target=\"_blank\" rel=\"noopener noreferrer\" data-auth=\"NotApplicable\">https:\/\/www.oaxaca.gob.mx\/seculta<\/a>.<\/p>\n<p>&nbsp;<\/p>\n","protected":false},"excerpt":{"rendered":"<p>Pablo Alberto P\u00e9rez M\u00e1rquez ofrecer\u00e1 el taller \u201cF\u00e1brica de percusiones con materiales que se pueden reciclar &nbsp; Oaxaca de Ju\u00e1rez, Oax. 17 de junio de 2020.\u00a0La Secretar\u00eda de las Culturas y Artes de Oaxaca (Seculta), invita al p\u00fablico oaxaque\u00f1o a conocer el proyecto presentado por el percusionista de m\u00fasica tradicional Pablo Alberto P\u00e9rez M\u00e1rquez, denominado [&hellip;]<\/p>\n","protected":false},"author":34,"featured_media":56343,"comment_status":"open","ping_status":"open","sticky":false,"template":"","format":"standard","meta":{"episode_type":"","audio_file":"","podmotor_file_id":"","podmotor_episode_id":"","cover_image":"","cover_image_id":"","duration":"","filesize":"","filesize_raw":"","date_recorded":"","explicit":"","block":"","itunes_episode_number":"","itunes_title":"","itunes_season_number":"","itunes_episode_type":"","footnotes":""},"categories":[8],"tags":[371],"class_list":["post-56342","post","type-post","status-publish","format-standard","has-post-thumbnail","hentry","category-noticias","tag-seculta"],"acf":[],"publishpress_future_action":{"enabled":false,"date":"2026-05-05 10:48:48","action":"change-status","newStatus":"draft","terms":[],"taxonomy":"category","extraData":[]},"publishpress_future_workflow_manual_trigger":{"enabledWorkflows":[]},"_links":{"self":[{"href":"https:\/\/www.oaxaca.gob.mx\/comunicacion\/wp-json\/wp\/v2\/posts\/56342","targetHints":{"allow":["GET"]}}],"collection":[{"href":"https:\/\/www.oaxaca.gob.mx\/comunicacion\/wp-json\/wp\/v2\/posts"}],"about":[{"href":"https:\/\/www.oaxaca.gob.mx\/comunicacion\/wp-json\/wp\/v2\/types\/post"}],"author":[{"embeddable":true,"href":"https:\/\/www.oaxaca.gob.mx\/comunicacion\/wp-json\/wp\/v2\/users\/34"}],"replies":[{"embeddable":true,"href":"https:\/\/www.oaxaca.gob.mx\/comunicacion\/wp-json\/wp\/v2\/comments?post=56342"}],"version-history":[{"count":1,"href":"https:\/\/www.oaxaca.gob.mx\/comunicacion\/wp-json\/wp\/v2\/posts\/56342\/revisions"}],"predecessor-version":[{"id":56344,"href":"https:\/\/www.oaxaca.gob.mx\/comunicacion\/wp-json\/wp\/v2\/posts\/56342\/revisions\/56344"}],"wp:featuredmedia":[{"embeddable":true,"href":"https:\/\/www.oaxaca.gob.mx\/comunicacion\/wp-json\/wp\/v2\/media\/56343"}],"wp:attachment":[{"href":"https:\/\/www.oaxaca.gob.mx\/comunicacion\/wp-json\/wp\/v2\/media?parent=56342"}],"wp:term":[{"taxonomy":"category","embeddable":true,"href":"https:\/\/www.oaxaca.gob.mx\/comunicacion\/wp-json\/wp\/v2\/categories?post=56342"},{"taxonomy":"post_tag","embeddable":true,"href":"https:\/\/www.oaxaca.gob.mx\/comunicacion\/wp-json\/wp\/v2\/tags?post=56342"}],"curies":[{"name":"wp","href":"https:\/\/api.w.org\/{rel}","templated":true}]}}