{"id":55793,"date":"2020-06-06T17:39:54","date_gmt":"2020-06-06T22:39:54","guid":{"rendered":"https:\/\/www.oaxaca.gob.mx\/comunicacion\/?p=55793"},"modified":"2020-06-07T10:10:40","modified_gmt":"2020-06-07T15:10:40","slug":"incude-oaxaca-participara-en-el-encuentro-global-de-yoga-que-tendra-duracion-de-108-horas","status":"publish","type":"post","link":"https:\/\/www.oaxaca.gob.mx\/comunicacion\/incude-oaxaca-participara-en-el-encuentro-global-de-yoga-que-tendra-duracion-de-108-horas\/","title":{"rendered":"Incude Oaxaca participar\u00e1 en el Encuentro global de yoga  que tendr\u00e1 duraci\u00f3n de 108 horas"},"content":{"rendered":"\n\t\t<style type=\"text\/css\">\n\t\t\t#gallery-1 {\n\t\t\t\tmargin: auto;\n\t\t\t}\n\t\t\t#gallery-1 .gallery-item {\n\t\t\t\tfloat: left;\n\t\t\t\tmargin-top: 10px;\n\t\t\t\ttext-align: center;\n\t\t\t\twidth: 33%;\n\t\t\t}\n\t\t\t#gallery-1 img {\n\t\t\t\tborder: 2px solid #cfcfcf;\n\t\t\t}\n\t\t\t#gallery-1 .gallery-caption {\n\t\t\t\tmargin-left: 0;\n\t\t\t}\n\t\t\t\/* see gallery_shortcode() in wp-includes\/media.php *\/\n\t\t<\/style>\n\t\t<div id='gallery-1' class='gallery galleryid-55793 gallery-columns-3 gallery-size-medium'><dl class='gallery-item'>\n\t\t\t<dt class='gallery-icon landscape'>\n\t\t\t\t<a href='https:\/\/www.oaxaca.gob.mx\/comunicacion\/incude-oaxaca-participara-en-el-encuentro-global-de-yoga-que-tendra-duracion-de-108-horas\/incude-1-18\/'><img loading=\"lazy\" decoding=\"async\" width=\"300\" height=\"169\" src=\"https:\/\/www.oaxaca.gob.mx\/comunicacion\/wp-content\/uploads\/sites\/28\/2020\/06\/INCUDE-1-300x169.png\" class=\"attachment-medium size-medium\" alt=\"\" srcset=\"https:\/\/www.oaxaca.gob.mx\/comunicacion\/wp-content\/uploads\/sites\/28\/2020\/06\/INCUDE-1-300x169.png 300w, https:\/\/www.oaxaca.gob.mx\/comunicacion\/wp-content\/uploads\/sites\/28\/2020\/06\/INCUDE-1-1024x576.png 1024w, https:\/\/www.oaxaca.gob.mx\/comunicacion\/wp-content\/uploads\/sites\/28\/2020\/06\/INCUDE-1-768x432.png 768w, https:\/\/www.oaxaca.gob.mx\/comunicacion\/wp-content\/uploads\/sites\/28\/2020\/06\/INCUDE-1.png 1366w\" sizes=\"auto, (max-width: 300px) 100vw, 300px\" \/><\/a>\n\t\t\t<\/dt><\/dl><dl class='gallery-item'>\n\t\t\t<dt class='gallery-icon landscape'>\n\t\t\t\t<a href='https:\/\/www.oaxaca.gob.mx\/comunicacion\/incude-oaxaca-participara-en-el-encuentro-global-de-yoga-que-tendra-duracion-de-108-horas\/incude-2-16\/'><img loading=\"lazy\" decoding=\"async\" width=\"300\" height=\"169\" src=\"https:\/\/www.oaxaca.gob.mx\/comunicacion\/wp-content\/uploads\/sites\/28\/2020\/06\/INCUDE-2-300x169.png\" class=\"attachment-medium size-medium\" alt=\"\" srcset=\"https:\/\/www.oaxaca.gob.mx\/comunicacion\/wp-content\/uploads\/sites\/28\/2020\/06\/INCUDE-2-300x169.png 300w, https:\/\/www.oaxaca.gob.mx\/comunicacion\/wp-content\/uploads\/sites\/28\/2020\/06\/INCUDE-2-1024x576.png 1024w, https:\/\/www.oaxaca.gob.mx\/comunicacion\/wp-content\/uploads\/sites\/28\/2020\/06\/INCUDE-2-768x432.png 768w, https:\/\/www.oaxaca.gob.mx\/comunicacion\/wp-content\/uploads\/sites\/28\/2020\/06\/INCUDE-2.png 1366w\" sizes=\"auto, (max-width: 300px) 100vw, 300px\" \/><\/a>\n\t\t\t<\/dt><\/dl><dl class='gallery-item'>\n\t\t\t<dt class='gallery-icon landscape'>\n\t\t\t\t<a href='https:\/\/www.oaxaca.gob.mx\/comunicacion\/incude-oaxaca-participara-en-el-encuentro-global-de-yoga-que-tendra-duracion-de-108-horas\/incude-3-17\/'><img loading=\"lazy\" decoding=\"async\" width=\"300\" height=\"169\" src=\"https:\/\/www.oaxaca.gob.mx\/comunicacion\/wp-content\/uploads\/sites\/28\/2020\/06\/INCUDE-3-300x169.png\" class=\"attachment-medium size-medium\" alt=\"\" srcset=\"https:\/\/www.oaxaca.gob.mx\/comunicacion\/wp-content\/uploads\/sites\/28\/2020\/06\/INCUDE-3-300x169.png 300w, https:\/\/www.oaxaca.gob.mx\/comunicacion\/wp-content\/uploads\/sites\/28\/2020\/06\/INCUDE-3-1024x576.png 1024w, https:\/\/www.oaxaca.gob.mx\/comunicacion\/wp-content\/uploads\/sites\/28\/2020\/06\/INCUDE-3-768x432.png 768w, https:\/\/www.oaxaca.gob.mx\/comunicacion\/wp-content\/uploads\/sites\/28\/2020\/06\/INCUDE-3.png 1366w\" sizes=\"auto, (max-width: 300px) 100vw, 300px\" \/><\/a>\n\t\t\t<\/dt><\/dl><br style=\"clear: both\" \/>\n\t\t<\/div>\n\n<ul>\n<li>Por tercer a\u00f1o consecutivo, Oaxaca formar\u00e1 parte del magno encuentro en el que participan pa\u00edses de varios continentes<\/li>\n<\/ul>\n<p>&nbsp;<\/p>\n<p><strong>Oaxaca de Ju\u00e1rez, Oax. 6 de junio de 2020.<\/strong>\u00a0El Gobierno del Estado a trav\u00e9s del Instituto de Cultura F\u00edsica y Deporte de Oaxaca (Incude Oaxaca), participar\u00e1 en el Encuentro global de yoga que se realizar\u00e1 del 19 al 21 de junio, con la participaci\u00f3n de m\u00e1s de 15 pa\u00edses conectados en l\u00ednea, incluido M\u00e9xico, y que tendr\u00e1 una duraci\u00f3n de 108 horas.<\/p>\n<p>Al igual que en los dos a\u00f1os anteriores, el Incude Oaxaca tendr\u00e1 una participaci\u00f3n en este encuentro, toda vez que coopera con la Red Mundial de la Gran Fraternidad Universal (GFU) y en el D\u00eda Internacional del Yoga que tiene lugar el 21 de junio, promueve los beneficios de esta disciplina para la conciencia de sociedades m\u00e1s humanitarias.<\/p>\n<p>En esta ruta, la titular del Incude Oaxaca, Montserrat de los \u00c1ngeles Arag\u00f3n Heinze, se reuni\u00f3 en videoconferencia con Henry V\u00e9lez, promotor cultural del Honorable Consejo Cultural Mundial de la Red GFU y Celestino Ch\u00e1vez, miembro activo de esta red, a quienes agradeci\u00f3 por incluir nuevamente a Oaxaca en esta actividad de car\u00e1cter mundial, al igual que en la mega clase del a\u00f1o pasado en el Gimnasio Ricardo Flores Mag\u00f3n, hoy Complejo Deportivo Hermanos Flores Mag\u00f3n.<\/p>\n<p>Agreg\u00f3 que los tiempos actuales no permiten tener una actividad como la del a\u00f1o pasado o la de 2018, pero esto no es impedimento para celebrar el D\u00eda Internacional del Yoga, pues el Gobierno del Estado est\u00e1 a favor de las actividades que abonen a la salud de la poblaci\u00f3n.<\/p>\n<p>El evento ser\u00e1 transmitido a nivel mundial por internet y el Incude Oaxaca har\u00e1 lo propio en sus redes sociales, invitando a la poblaci\u00f3n para ser parte de esta actividad; por lo que la titular de esta dependencia invita a las y los oaxaque\u00f1os, estar pendientes de las publicaciones de este encuentro en el que tambi\u00e9n se impartir\u00e1n conferencias y clases.<\/p>\n<p>Henry V\u00e9lez y Celestino Ch\u00e1vez, coincidieron en que para ellos es grato contar con la presencia de Oaxaca en este evento mundial, toda vez que el gobierno que encabeza Alejandro Murat, ha sido parte de las actividades, brindando el respaldo a la organizaci\u00f3n que representan, por lo que est\u00e1n seguros que ser\u00e1 un gran evento.<\/p>\n<p>&nbsp;<\/p>\n<p style=\"text-align: center\">-0-<\/p>\n","protected":false},"excerpt":{"rendered":"<p>Por tercer a\u00f1o consecutivo, Oaxaca formar\u00e1 parte del magno encuentro en el que participan pa\u00edses de varios continentes &nbsp; Oaxaca de Ju\u00e1rez, Oax. 6 de junio de 2020.\u00a0El Gobierno del Estado a trav\u00e9s del Instituto de Cultura F\u00edsica y Deporte de Oaxaca (Incude Oaxaca), participar\u00e1 en el Encuentro global de yoga que se realizar\u00e1 del [&hellip;]<\/p>\n","protected":false},"author":98,"featured_media":55797,"comment_status":"open","ping_status":"open","sticky":false,"template":"","format":"standard","meta":{"episode_type":"","audio_file":"","podmotor_file_id":"","podmotor_episode_id":"","cover_image":"","cover_image_id":"","duration":"","filesize":"","filesize_raw":"","date_recorded":"","explicit":"","block":"","itunes_episode_number":"","itunes_title":"","itunes_season_number":"","itunes_episode_type":"","footnotes":""},"categories":[8],"tags":[],"class_list":["post-55793","post","type-post","status-publish","format-standard","has-post-thumbnail","hentry","category-noticias"],"acf":[],"publishpress_future_action":{"enabled":false,"date":"2026-05-05 10:48:46","action":"change-status","newStatus":"draft","terms":[],"taxonomy":"category","extraData":[]},"publishpress_future_workflow_manual_trigger":{"enabledWorkflows":[]},"_links":{"self":[{"href":"https:\/\/www.oaxaca.gob.mx\/comunicacion\/wp-json\/wp\/v2\/posts\/55793","targetHints":{"allow":["GET"]}}],"collection":[{"href":"https:\/\/www.oaxaca.gob.mx\/comunicacion\/wp-json\/wp\/v2\/posts"}],"about":[{"href":"https:\/\/www.oaxaca.gob.mx\/comunicacion\/wp-json\/wp\/v2\/types\/post"}],"author":[{"embeddable":true,"href":"https:\/\/www.oaxaca.gob.mx\/comunicacion\/wp-json\/wp\/v2\/users\/98"}],"replies":[{"embeddable":true,"href":"https:\/\/www.oaxaca.gob.mx\/comunicacion\/wp-json\/wp\/v2\/comments?post=55793"}],"version-history":[{"count":1,"href":"https:\/\/www.oaxaca.gob.mx\/comunicacion\/wp-json\/wp\/v2\/posts\/55793\/revisions"}],"predecessor-version":[{"id":55799,"href":"https:\/\/www.oaxaca.gob.mx\/comunicacion\/wp-json\/wp\/v2\/posts\/55793\/revisions\/55799"}],"wp:featuredmedia":[{"embeddable":true,"href":"https:\/\/www.oaxaca.gob.mx\/comunicacion\/wp-json\/wp\/v2\/media\/55797"}],"wp:attachment":[{"href":"https:\/\/www.oaxaca.gob.mx\/comunicacion\/wp-json\/wp\/v2\/media?parent=55793"}],"wp:term":[{"taxonomy":"category","embeddable":true,"href":"https:\/\/www.oaxaca.gob.mx\/comunicacion\/wp-json\/wp\/v2\/categories?post=55793"},{"taxonomy":"post_tag","embeddable":true,"href":"https:\/\/www.oaxaca.gob.mx\/comunicacion\/wp-json\/wp\/v2\/tags?post=55793"}],"curies":[{"name":"wp","href":"https:\/\/api.w.org\/{rel}","templated":true}]}}