{"id":55437,"date":"2020-05-30T09:10:17","date_gmt":"2020-05-30T14:10:17","guid":{"rendered":"https:\/\/www.oaxaca.gob.mx\/comunicacion\/?p=55437"},"modified":"2020-05-30T09:54:55","modified_gmt":"2020-05-30T14:54:55","slug":"personal-medico-y-de-enfermeria-se-suman-al-combate-contra-el-covid-en-el-hospital-de-la-mujer-y-el-nino-oaxaqueno","status":"publish","type":"post","link":"https:\/\/www.oaxaca.gob.mx\/comunicacion\/personal-medico-y-de-enfermeria-se-suman-al-combate-contra-el-covid-en-el-hospital-de-la-mujer-y-el-nino-oaxaqueno\/","title":{"rendered":"Personal m\u00e9dico y de enfermer\u00eda se suman al combate contra el COVID en el Hospital de la Mujer y el Ni\u00f1o Oaxaque\u00f1o"},"content":{"rendered":"\n\t\t<style type=\"text\/css\">\n\t\t\t#gallery-1 {\n\t\t\t\tmargin: auto;\n\t\t\t}\n\t\t\t#gallery-1 .gallery-item {\n\t\t\t\tfloat: left;\n\t\t\t\tmargin-top: 10px;\n\t\t\t\ttext-align: center;\n\t\t\t\twidth: 33%;\n\t\t\t}\n\t\t\t#gallery-1 img {\n\t\t\t\tborder: 2px solid #cfcfcf;\n\t\t\t}\n\t\t\t#gallery-1 .gallery-caption {\n\t\t\t\tmargin-left: 0;\n\t\t\t}\n\t\t\t\/* see gallery_shortcode() in wp-includes\/media.php *\/\n\t\t<\/style>\n\t\t<div id='gallery-1' class='gallery galleryid-55437 gallery-columns-3 gallery-size-medium'><dl class='gallery-item'>\n\t\t\t<dt class='gallery-icon landscape'>\n\t\t\t\t<a href='https:\/\/www.oaxaca.gob.mx\/comunicacion\/personal-medico-y-de-enfermeria-se-suman-al-combate-contra-el-covid-en-el-hospital-de-la-mujer-y-el-nino-oaxaqueno\/sso-3-82\/'><img loading=\"lazy\" decoding=\"async\" width=\"300\" height=\"200\" src=\"https:\/\/www.oaxaca.gob.mx\/comunicacion\/wp-content\/uploads\/sites\/28\/2020\/05\/SSO-3-1-300x200.jpeg\" class=\"attachment-medium size-medium\" alt=\"\" srcset=\"https:\/\/www.oaxaca.gob.mx\/comunicacion\/wp-content\/uploads\/sites\/28\/2020\/05\/SSO-3-1-300x200.jpeg 300w, https:\/\/www.oaxaca.gob.mx\/comunicacion\/wp-content\/uploads\/sites\/28\/2020\/05\/SSO-3-1-1024x682.jpeg 1024w, https:\/\/www.oaxaca.gob.mx\/comunicacion\/wp-content\/uploads\/sites\/28\/2020\/05\/SSO-3-1-768x512.jpeg 768w, https:\/\/www.oaxaca.gob.mx\/comunicacion\/wp-content\/uploads\/sites\/28\/2020\/05\/SSO-3-1.jpeg 1280w\" sizes=\"auto, (max-width: 300px) 100vw, 300px\" \/><\/a>\n\t\t\t<\/dt><\/dl><dl class='gallery-item'>\n\t\t\t<dt class='gallery-icon landscape'>\n\t\t\t\t<a href='https:\/\/www.oaxaca.gob.mx\/comunicacion\/personal-medico-y-de-enfermeria-se-suman-al-combate-contra-el-covid-en-el-hospital-de-la-mujer-y-el-nino-oaxaqueno\/sso-2-116\/'><img loading=\"lazy\" decoding=\"async\" width=\"300\" height=\"200\" src=\"https:\/\/www.oaxaca.gob.mx\/comunicacion\/wp-content\/uploads\/sites\/28\/2020\/05\/SSO-2-16-300x200.jpeg\" class=\"attachment-medium size-medium\" alt=\"\" srcset=\"https:\/\/www.oaxaca.gob.mx\/comunicacion\/wp-content\/uploads\/sites\/28\/2020\/05\/SSO-2-16-300x200.jpeg 300w, https:\/\/www.oaxaca.gob.mx\/comunicacion\/wp-content\/uploads\/sites\/28\/2020\/05\/SSO-2-16-1024x682.jpeg 1024w, https:\/\/www.oaxaca.gob.mx\/comunicacion\/wp-content\/uploads\/sites\/28\/2020\/05\/SSO-2-16-768x512.jpeg 768w, https:\/\/www.oaxaca.gob.mx\/comunicacion\/wp-content\/uploads\/sites\/28\/2020\/05\/SSO-2-16.jpeg 1280w\" sizes=\"auto, (max-width: 300px) 100vw, 300px\" \/><\/a>\n\t\t\t<\/dt><\/dl><dl class='gallery-item'>\n\t\t\t<dt class='gallery-icon landscape'>\n\t\t\t\t<a href='https:\/\/www.oaxaca.gob.mx\/comunicacion\/personal-medico-y-de-enfermeria-se-suman-al-combate-contra-el-covid-en-el-hospital-de-la-mujer-y-el-nino-oaxaqueno\/sso-1-124\/'><img loading=\"lazy\" decoding=\"async\" width=\"300\" height=\"200\" src=\"https:\/\/www.oaxaca.gob.mx\/comunicacion\/wp-content\/uploads\/sites\/28\/2020\/05\/SSO-1-16-300x200.jpeg\" class=\"attachment-medium size-medium\" alt=\"\" srcset=\"https:\/\/www.oaxaca.gob.mx\/comunicacion\/wp-content\/uploads\/sites\/28\/2020\/05\/SSO-1-16-300x200.jpeg 300w, https:\/\/www.oaxaca.gob.mx\/comunicacion\/wp-content\/uploads\/sites\/28\/2020\/05\/SSO-1-16-1024x682.jpeg 1024w, https:\/\/www.oaxaca.gob.mx\/comunicacion\/wp-content\/uploads\/sites\/28\/2020\/05\/SSO-1-16-768x512.jpeg 768w, https:\/\/www.oaxaca.gob.mx\/comunicacion\/wp-content\/uploads\/sites\/28\/2020\/05\/SSO-1-16.jpeg 1280w\" sizes=\"auto, (max-width: 300px) 100vw, 300px\" \/><\/a>\n\t\t\t<\/dt><\/dl><br style=\"clear: both\" \/>\n\t\t<\/div>\n\n<p>&nbsp;<\/p>\n<p><strong>Oaxaca de Ju\u00e1rez, Oax. 30 de mayo de 2020.-<\/strong>\u00a0Por instrucciones del gobernador del Estado, Alejandro Murat Hinojosa, el titular de los Servicios de Salud de Oaxaca (SSO), Donato Casas Escamilla, dio la bienvenida al personal m\u00e9dico y de enfermer\u00eda que estar\u00e1n a cargo de las 40 camas que se pondr\u00e1n en operaci\u00f3n en el Hospital de la Mujer y el Ni\u00f1o Oaxaque\u00f1o para fortalecer la atenci\u00f3n a pacientes con COVID-19.<\/p>\n<p>En su mensaje de bienvenida, el secretario de Salud dijo que \u201cla administraci\u00f3n estatal ha realizado grandes esfuerzos financieros para fortalecer y ampliar la red hospitalaria de atenci\u00f3n al COVID19, un trabajo que ha permitido dar cobertura m\u00e9dica a las y los oaxaque\u00f1os que lamentablemente padecen esta enfermedad\u201d.<\/p>\n<p>Asimismo, indic\u00f3 que de manera conjunta con la Secretar\u00eda de la Defensa Nacional (Sedena), los SSO estar\u00e1n operando la unidad m\u00e9dica para recibir a pacientes referidos de otros hospitales del estado. Mencion\u00f3 tambi\u00e9n que esta nueva \u00e1rea ser\u00e1 atendida por personal m\u00e9dico y de enfermer\u00eda capacitados y dotados con los insumos necesarios para desarrollar un trabajo con seguridad.<\/p>\n<p>Por su parte, la jefa de la Unidad de Enfermer\u00eda de la instituci\u00f3n, Virginia S\u00e1nchez R\u00edos, dio a conocer que para este fin de semana se espera la llegada de m\u00e1s recursos humanos para el hospital, hasta completar la plantilla del personal.<\/p>\n<p>La capacitaci\u00f3n estuvo a cargo de la enfermera Marisela Barradas Ayuso, responsable de la cl\u00ednica de inhaloterapia del hospital general \u201cDr. Aurelio Valdivieso\u201d, qui\u00e9n abord\u00f3 temas de importancia para el manejo de los pacientes enfermos de COVID.<\/p>\n<p>Finalmente, los funcionarios agradecieron al equipo m\u00e9dico que se integra a la lucha contra la pandemia su solidaridad y entrega para realizar la labor que emprender\u00e1n en esta unidad hospitalaria tan importante en el estado.<\/p>\n<p style=\"text-align: center\">-0-<\/p>\n","protected":false},"excerpt":{"rendered":"<p>&nbsp; Oaxaca de Ju\u00e1rez, Oax. 30 de mayo de 2020.-\u00a0Por instrucciones del gobernador del Estado, Alejandro Murat Hinojosa, el titular de los Servicios de Salud de Oaxaca (SSO), Donato Casas Escamilla, dio la bienvenida al personal m\u00e9dico y de enfermer\u00eda que estar\u00e1n a cargo de las 40 camas que se pondr\u00e1n en operaci\u00f3n en el [&hellip;]<\/p>\n","protected":false},"author":99,"featured_media":55440,"comment_status":"open","ping_status":"open","sticky":false,"template":"","format":"standard","meta":{"episode_type":"","audio_file":"","podmotor_file_id":"","podmotor_episode_id":"","cover_image":"","cover_image_id":"","duration":"","filesize":"","filesize_raw":"","date_recorded":"","explicit":"","block":"","itunes_episode_number":"","itunes_title":"","itunes_season_number":"","itunes_episode_type":"","footnotes":""},"categories":[8,1],"tags":[],"class_list":["post-55437","post","type-post","status-publish","format-standard","has-post-thumbnail","hentry","category-noticias","category-sin-categoria"],"acf":[],"publishpress_future_action":{"enabled":false,"date":"2026-05-08 11:41:29","action":"change-status","newStatus":"draft","terms":[],"taxonomy":"category","extraData":[]},"publishpress_future_workflow_manual_trigger":{"enabledWorkflows":[]},"_links":{"self":[{"href":"https:\/\/www.oaxaca.gob.mx\/comunicacion\/wp-json\/wp\/v2\/posts\/55437","targetHints":{"allow":["GET"]}}],"collection":[{"href":"https:\/\/www.oaxaca.gob.mx\/comunicacion\/wp-json\/wp\/v2\/posts"}],"about":[{"href":"https:\/\/www.oaxaca.gob.mx\/comunicacion\/wp-json\/wp\/v2\/types\/post"}],"author":[{"embeddable":true,"href":"https:\/\/www.oaxaca.gob.mx\/comunicacion\/wp-json\/wp\/v2\/users\/99"}],"replies":[{"embeddable":true,"href":"https:\/\/www.oaxaca.gob.mx\/comunicacion\/wp-json\/wp\/v2\/comments?post=55437"}],"version-history":[{"count":1,"href":"https:\/\/www.oaxaca.gob.mx\/comunicacion\/wp-json\/wp\/v2\/posts\/55437\/revisions"}],"predecessor-version":[{"id":55441,"href":"https:\/\/www.oaxaca.gob.mx\/comunicacion\/wp-json\/wp\/v2\/posts\/55437\/revisions\/55441"}],"wp:featuredmedia":[{"embeddable":true,"href":"https:\/\/www.oaxaca.gob.mx\/comunicacion\/wp-json\/wp\/v2\/media\/55440"}],"wp:attachment":[{"href":"https:\/\/www.oaxaca.gob.mx\/comunicacion\/wp-json\/wp\/v2\/media?parent=55437"}],"wp:term":[{"taxonomy":"category","embeddable":true,"href":"https:\/\/www.oaxaca.gob.mx\/comunicacion\/wp-json\/wp\/v2\/categories?post=55437"},{"taxonomy":"post_tag","embeddable":true,"href":"https:\/\/www.oaxaca.gob.mx\/comunicacion\/wp-json\/wp\/v2\/tags?post=55437"}],"curies":[{"name":"wp","href":"https:\/\/api.w.org\/{rel}","templated":true}]}}