{"id":54601,"date":"2020-05-14T08:31:56","date_gmt":"2020-05-14T13:31:56","guid":{"rendered":"https:\/\/www.oaxaca.gob.mx\/comunicacion\/?p=54601"},"modified":"2020-05-14T10:55:26","modified_gmt":"2020-05-14T15:55:26","slug":"oaxaca-cuenta-con-disponibilidad-de-camas-para-la-atencion-de-pacientes-covid","status":"publish","type":"post","link":"https:\/\/www.oaxaca.gob.mx\/comunicacion\/oaxaca-cuenta-con-disponibilidad-de-camas-para-la-atencion-de-pacientes-covid\/","title":{"rendered":"Oaxaca cuenta con disponibilidad de camas para la atenci\u00f3n de pacientes COVID"},"content":{"rendered":"\n\t\t<style type=\"text\/css\">\n\t\t\t#gallery-1 {\n\t\t\t\tmargin: auto;\n\t\t\t}\n\t\t\t#gallery-1 .gallery-item {\n\t\t\t\tfloat: left;\n\t\t\t\tmargin-top: 10px;\n\t\t\t\ttext-align: center;\n\t\t\t\twidth: 33%;\n\t\t\t}\n\t\t\t#gallery-1 img {\n\t\t\t\tborder: 2px solid #cfcfcf;\n\t\t\t}\n\t\t\t#gallery-1 .gallery-caption {\n\t\t\t\tmargin-left: 0;\n\t\t\t}\n\t\t\t\/* see gallery_shortcode() in wp-includes\/media.php *\/\n\t\t<\/style>\n\t\t<div id='gallery-1' class='gallery galleryid-54601 gallery-columns-3 gallery-size-medium'><dl class='gallery-item'>\n\t\t\t<dt class='gallery-icon landscape'>\n\t\t\t\t<a href='https:\/\/www.oaxaca.gob.mx\/comunicacion\/oaxaca-cuenta-con-disponibilidad-de-camas-para-la-atencion-de-pacientes-covid\/oaxaca-cuenta-disponibilidad-camas-3\/'><img loading=\"lazy\" decoding=\"async\" width=\"300\" height=\"199\" src=\"https:\/\/www.oaxaca.gob.mx\/comunicacion\/wp-content\/uploads\/sites\/28\/2020\/05\/Oaxaca-cuenta-disponibilidad-camas-3-300x199.jpeg\" class=\"attachment-medium size-medium\" alt=\"\" srcset=\"https:\/\/www.oaxaca.gob.mx\/comunicacion\/wp-content\/uploads\/sites\/28\/2020\/05\/Oaxaca-cuenta-disponibilidad-camas-3-300x199.jpeg 300w, https:\/\/www.oaxaca.gob.mx\/comunicacion\/wp-content\/uploads\/sites\/28\/2020\/05\/Oaxaca-cuenta-disponibilidad-camas-3-1024x681.jpeg 1024w, https:\/\/www.oaxaca.gob.mx\/comunicacion\/wp-content\/uploads\/sites\/28\/2020\/05\/Oaxaca-cuenta-disponibilidad-camas-3-768x511.jpeg 768w, https:\/\/www.oaxaca.gob.mx\/comunicacion\/wp-content\/uploads\/sites\/28\/2020\/05\/Oaxaca-cuenta-disponibilidad-camas-3.jpeg 1280w\" sizes=\"auto, (max-width: 300px) 100vw, 300px\" \/><\/a>\n\t\t\t<\/dt><\/dl><dl class='gallery-item'>\n\t\t\t<dt class='gallery-icon landscape'>\n\t\t\t\t<a href='https:\/\/www.oaxaca.gob.mx\/comunicacion\/oaxaca-cuenta-con-disponibilidad-de-camas-para-la-atencion-de-pacientes-covid\/oaxaca-cuenta-disponibilidad-camas-2\/'><img loading=\"lazy\" decoding=\"async\" width=\"300\" height=\"199\" src=\"https:\/\/www.oaxaca.gob.mx\/comunicacion\/wp-content\/uploads\/sites\/28\/2020\/05\/Oaxaca-cuenta-disponibilidad-camas-2-300x199.jpeg\" class=\"attachment-medium size-medium\" alt=\"\" srcset=\"https:\/\/www.oaxaca.gob.mx\/comunicacion\/wp-content\/uploads\/sites\/28\/2020\/05\/Oaxaca-cuenta-disponibilidad-camas-2-300x199.jpeg 300w, https:\/\/www.oaxaca.gob.mx\/comunicacion\/wp-content\/uploads\/sites\/28\/2020\/05\/Oaxaca-cuenta-disponibilidad-camas-2-1024x681.jpeg 1024w, https:\/\/www.oaxaca.gob.mx\/comunicacion\/wp-content\/uploads\/sites\/28\/2020\/05\/Oaxaca-cuenta-disponibilidad-camas-2-768x511.jpeg 768w, https:\/\/www.oaxaca.gob.mx\/comunicacion\/wp-content\/uploads\/sites\/28\/2020\/05\/Oaxaca-cuenta-disponibilidad-camas-2.jpeg 1280w\" sizes=\"auto, (max-width: 300px) 100vw, 300px\" \/><\/a>\n\t\t\t<\/dt><\/dl><dl class='gallery-item'>\n\t\t\t<dt class='gallery-icon landscape'>\n\t\t\t\t<a href='https:\/\/www.oaxaca.gob.mx\/comunicacion\/oaxaca-cuenta-con-disponibilidad-de-camas-para-la-atencion-de-pacientes-covid\/oaxaca-cuenta-disponibilidad-camas-1\/'><img loading=\"lazy\" decoding=\"async\" width=\"300\" height=\"199\" src=\"https:\/\/www.oaxaca.gob.mx\/comunicacion\/wp-content\/uploads\/sites\/28\/2020\/05\/Oaxaca-cuenta-disponibilidad-camas-1-300x199.jpeg\" class=\"attachment-medium size-medium\" alt=\"\" srcset=\"https:\/\/www.oaxaca.gob.mx\/comunicacion\/wp-content\/uploads\/sites\/28\/2020\/05\/Oaxaca-cuenta-disponibilidad-camas-1-300x199.jpeg 300w, https:\/\/www.oaxaca.gob.mx\/comunicacion\/wp-content\/uploads\/sites\/28\/2020\/05\/Oaxaca-cuenta-disponibilidad-camas-1-1024x681.jpeg 1024w, https:\/\/www.oaxaca.gob.mx\/comunicacion\/wp-content\/uploads\/sites\/28\/2020\/05\/Oaxaca-cuenta-disponibilidad-camas-1-768x511.jpeg 768w, https:\/\/www.oaxaca.gob.mx\/comunicacion\/wp-content\/uploads\/sites\/28\/2020\/05\/Oaxaca-cuenta-disponibilidad-camas-1.jpeg 1280w\" sizes=\"auto, (max-width: 300px) 100vw, 300px\" \/><\/a>\n\t\t\t<\/dt><\/dl><br style=\"clear: both\" \/>\n\t\t<\/div>\n\n<p>&nbsp;<\/p>\n<ul>\n<li>Se tiene 87% de disponibilidad en hospitalizaci\u00f3n general y 71% en camas con ventiladores para atender la pandemia<\/li>\n<\/ul>\n<ul>\n<li>El Hospital de la Mujer y el Ni\u00f1o Oaxaque\u00f1o registra una ocupaci\u00f3n de apenas el 16%<\/li>\n<\/ul>\n<p><strong>\u00a0<\/strong><\/p>\n<p><strong>Oaxaca de Ju\u00e1rez, Oax. 14 de mayo de 2020.\u00a0<\/strong>Oaxaca cuenta actualmente con un 87% de disponibilidad en hospitalizaci\u00f3n general y 71% de ventiladores en hospitales para atender la pandemia, as\u00ed lo dio a conocer el subsecretario de Prevenci\u00f3n y Promoci\u00f3n a la Salud, Hugo L\u00f3pez Gatell, en su conferencia diaria del d\u00eda 13 de mayo.<\/p>\n<p>A pesar de que algunos de los 25 hospitales que forman la red hospitalaria COVID de Oaxaca se encuentran cerca de su capacidad m\u00e1xima, la disponibilidad total de camas tanto de observaci\u00f3n como con ventilador es alta, a\u00fan en los Valles Centrales, pues recientemente fue habilitado, como estaba previsto, el Hospital de la Mujer y el Ni\u00f1o Oaxaque\u00f1o ubicado en San Bartolo Coyotepec, el cual registra una ocupaci\u00f3n de apenas el 16%.<\/p>\n<p>Respecto a las cifras de ocupaci\u00f3n, el secretario de los Servicios de Salud de Oaxaca, Donato Casas Escamilla, tambi\u00e9n se\u00f1al\u00f3 que la habilitaci\u00f3n de la red hospitalaria se va realizando con base al comportamiento epidemiol\u00f3gico de la enfermedad en cada una de las jurisdicciones sanitarias.<\/p>\n<p>Asimismo, inform\u00f3 que los 25 hospitales COVID-19 que concentrar\u00e1n la atenci\u00f3n de especialidad en el pico m\u00e1s alto de la pandemia, 10 pertenecen a los SSO, cinco son del Instituto de Seguridad y Servicios Sociales de los Trabajadores del Estado (ISSSTE) e igual n\u00famero del Instituto Mexicano del Seguro Social (IMSS), cuatro de Secretar\u00eda de la Defensa Nacional (Sedena) y uno de Petr\u00f3leos Mexicanos (Pemex).<\/p>\n<p>&nbsp;<\/p>\n","protected":false},"excerpt":{"rendered":"<p>&nbsp; Se tiene 87% de disponibilidad en hospitalizaci\u00f3n general y 71% en camas con ventiladores para atender la pandemia El Hospital de la Mujer y el Ni\u00f1o Oaxaque\u00f1o registra una ocupaci\u00f3n de apenas el 16% \u00a0 Oaxaca de Ju\u00e1rez, Oax. 14 de mayo de 2020.\u00a0Oaxaca cuenta actualmente con un 87% de disponibilidad en hospitalizaci\u00f3n general [&hellip;]<\/p>\n","protected":false},"author":34,"featured_media":0,"comment_status":"open","ping_status":"open","sticky":false,"template":"","format":"standard","meta":{"episode_type":"","audio_file":"","podmotor_file_id":"","podmotor_episode_id":"","cover_image":"","cover_image_id":"","duration":"","filesize":"","filesize_raw":"","date_recorded":"","explicit":"","block":"","itunes_episode_number":"","itunes_title":"","itunes_season_number":"","itunes_episode_type":"","footnotes":""},"categories":[8],"tags":[251,275,326,374],"class_list":["post-54601","post","type-post","status-publish","format-standard","hentry","category-noticias","tag-imss","tag-issste","tag-pemex","tag-sedena"],"acf":[],"publishpress_future_action":{"enabled":false,"date":"2026-05-04 11:31:29","action":"change-status","newStatus":"draft","terms":[],"taxonomy":"category","extraData":[]},"publishpress_future_workflow_manual_trigger":{"enabledWorkflows":[]},"_links":{"self":[{"href":"https:\/\/www.oaxaca.gob.mx\/comunicacion\/wp-json\/wp\/v2\/posts\/54601","targetHints":{"allow":["GET"]}}],"collection":[{"href":"https:\/\/www.oaxaca.gob.mx\/comunicacion\/wp-json\/wp\/v2\/posts"}],"about":[{"href":"https:\/\/www.oaxaca.gob.mx\/comunicacion\/wp-json\/wp\/v2\/types\/post"}],"author":[{"embeddable":true,"href":"https:\/\/www.oaxaca.gob.mx\/comunicacion\/wp-json\/wp\/v2\/users\/34"}],"replies":[{"embeddable":true,"href":"https:\/\/www.oaxaca.gob.mx\/comunicacion\/wp-json\/wp\/v2\/comments?post=54601"}],"version-history":[{"count":1,"href":"https:\/\/www.oaxaca.gob.mx\/comunicacion\/wp-json\/wp\/v2\/posts\/54601\/revisions"}],"predecessor-version":[{"id":54606,"href":"https:\/\/www.oaxaca.gob.mx\/comunicacion\/wp-json\/wp\/v2\/posts\/54601\/revisions\/54606"}],"wp:attachment":[{"href":"https:\/\/www.oaxaca.gob.mx\/comunicacion\/wp-json\/wp\/v2\/media?parent=54601"}],"wp:term":[{"taxonomy":"category","embeddable":true,"href":"https:\/\/www.oaxaca.gob.mx\/comunicacion\/wp-json\/wp\/v2\/categories?post=54601"},{"taxonomy":"post_tag","embeddable":true,"href":"https:\/\/www.oaxaca.gob.mx\/comunicacion\/wp-json\/wp\/v2\/tags?post=54601"}],"curies":[{"name":"wp","href":"https:\/\/api.w.org\/{rel}","templated":true}]}}