{"id":54039,"date":"2020-04-30T14:32:15","date_gmt":"2020-04-30T19:32:15","guid":{"rendered":"https:\/\/www.oaxaca.gob.mx\/comunicacion\/?p=54039"},"modified":"2020-05-01T23:24:38","modified_gmt":"2020-05-02T04:24:38","slug":"la-compania-estatal-de-danza-contemporanea-presenta-la-puesta-en-escena-paralelo-64","status":"publish","type":"post","link":"https:\/\/www.oaxaca.gob.mx\/comunicacion\/la-compania-estatal-de-danza-contemporanea-presenta-la-puesta-en-escena-paralelo-64\/","title":{"rendered":"La Compa\u00f1\u00eda Estatal de Danza Contempor\u00e1nea presenta la puesta en escena Paralelo 64"},"content":{"rendered":"\n\t\t<style type=\"text\/css\">\n\t\t\t#gallery-1 {\n\t\t\t\tmargin: auto;\n\t\t\t}\n\t\t\t#gallery-1 .gallery-item {\n\t\t\t\tfloat: left;\n\t\t\t\tmargin-top: 10px;\n\t\t\t\ttext-align: center;\n\t\t\t\twidth: 100%;\n\t\t\t}\n\t\t\t#gallery-1 img {\n\t\t\t\tborder: 2px solid #cfcfcf;\n\t\t\t}\n\t\t\t#gallery-1 .gallery-caption {\n\t\t\t\tmargin-left: 0;\n\t\t\t}\n\t\t\t\/* see gallery_shortcode() in wp-includes\/media.php *\/\n\t\t<\/style>\n\t\t<div id='gallery-1' class='gallery galleryid-54039 gallery-columns-1 gallery-size-medium'><dl class='gallery-item'>\n\t\t\t<dt class='gallery-icon landscape'>\n\t\t\t\t<a href='https:\/\/www.oaxaca.gob.mx\/comunicacion\/la-compania-estatal-de-danza-contemporanea-presenta-la-puesta-en-escena-paralelo-64\/seculta-36\/'><img loading=\"lazy\" decoding=\"async\" width=\"300\" height=\"170\" src=\"https:\/\/www.oaxaca.gob.mx\/comunicacion\/wp-content\/uploads\/sites\/28\/2020\/05\/SECULTA-300x170.jpg\" class=\"attachment-medium size-medium\" alt=\"\" srcset=\"https:\/\/www.oaxaca.gob.mx\/comunicacion\/wp-content\/uploads\/sites\/28\/2020\/05\/SECULTA-300x170.jpg 300w, https:\/\/www.oaxaca.gob.mx\/comunicacion\/wp-content\/uploads\/sites\/28\/2020\/05\/SECULTA-768x435.jpg 768w, https:\/\/www.oaxaca.gob.mx\/comunicacion\/wp-content\/uploads\/sites\/28\/2020\/05\/SECULTA.jpg 1024w\" sizes=\"auto, (max-width: 300px) 100vw, 300px\" \/><\/a>\n\t\t\t<\/dt><\/dl><br style=\"clear: both\" \/>\n\t\t<\/div>\n\n<p><strong>\u00a0<\/strong><\/p>\n<p><strong>\u00a0<\/strong><strong>Oaxaca de Ju\u00e1rez, Oax. 30 de abril de 2020.<\/strong>\u00a0La Secretar\u00eda de las Culturas y Artes de Oaxaca (Seculta) invita a disfrutar de la funci\u00f3n Paralelo 64 a cargo de la Compa\u00f1\u00eda Estatal de Danza Contempor\u00e1nea, que ser\u00e1 presentada a trav\u00e9s de la cuenta de Facebook\u00a0<a href=\"https:\/\/www.facebook.com\/seculta\/\" target=\"_blank\" rel=\"noopener noreferrer\" data-saferedirecturl=\"https:\/\/www.google.com\/url?q=https:\/\/www.facebook.com\/seculta\/&amp;source=gmail&amp;ust=1588475267156000&amp;usg=AFQjCNEhhdKPRxu7ehz2kbRDCT6au-ibHQ\">https:\/\/www.facebook.com\/seculta\/<\/a>\u00a0el viernes primero de mayo en punto de las 12:00 horas.<\/p>\n<p>Lo anterior, para atender las instrucciones del gobernador Alejandro Murat Hinojosa de llevar contenido cultural a los hogares oaxaque\u00f1os durante la contingencia por COVID-19.<\/p>\n<p>La puesta en escena se realiza\u00a0 bajo la direcci\u00f3n de la maestra Alejandra Serret,\u00a0 con coreograf\u00eda de\u00a0 C\u00e9sar Castellanos y Mayela Marfil, y es interpretada por Astrid Salazar, Julio P\u00e9rez, Jezm\u00edn Fenochio, Eduardo Castellanos y Shantal Gonz\u00e1lez, acompa\u00f1ados con m\u00fasica de Lorde, Muse, Moby y Bat for Lashes.<\/p>\n<p>En palabras de la core\u00f3grafa Mayela Marfil, se trata de una pieza colectiva que surge de la reflexi\u00f3n sobre los diferentes lenguajes del cuerpo y lo que el ser humano, en constante movimiento interno, sortea minuto a minuto.<\/p>\n<p>Fundada en 1982, la Compa\u00f1\u00eda Estatal de Danza Contempor\u00e1nea de Oaxaca, bajo la direcci\u00f3n art\u00edstica de Alejandra Serret, tiene su sede en la Escuela de Bellas Artes de la Universidad Aut\u00f3noma Benito Ju\u00e1rez de Oaxaca (UABJO). La cual ha promovido su actividad coreogr\u00e1fica con empe\u00f1o, disciplina y constancia; cualidades que, aunadas a la creatividad y el talento, han sido decisivas en la formaci\u00f3n profesional de maestros, core\u00f3grafos y bailarines.<\/p>\n<p>La Seculta invita a seguir su programaci\u00f3n a trav\u00e9s de sus redes sociales, en donde podr\u00e1s disfrutar de este espect\u00e1culo danc\u00edstico de gran calidad, as\u00ed como de otros contenidos culturales desde la comodidad de su casa.<\/p>\n<p>&nbsp;<\/p>\n<p style=\"text-align: center\"><strong>-0-<\/strong><\/p>\n","protected":false},"excerpt":{"rendered":"<p>\u00a0 \u00a0Oaxaca de Ju\u00e1rez, Oax. 30 de abril de 2020.\u00a0La Secretar\u00eda de las Culturas y Artes de Oaxaca (Seculta) invita a disfrutar de la funci\u00f3n Paralelo 64 a cargo de la Compa\u00f1\u00eda Estatal de Danza Contempor\u00e1nea, que ser\u00e1 presentada a trav\u00e9s de la cuenta de Facebook\u00a0https:\/\/www.facebook.com\/seculta\/\u00a0el viernes primero de mayo en punto de las 12:00 [&hellip;]<\/p>\n","protected":false},"author":35,"featured_media":54040,"comment_status":"open","ping_status":"open","sticky":false,"template":"","format":"standard","meta":{"episode_type":"","audio_file":"","podmotor_file_id":"","podmotor_episode_id":"","cover_image":"","cover_image_id":"","duration":"","filesize":"","filesize_raw":"","date_recorded":"","explicit":"","block":"","itunes_episode_number":"","itunes_title":"","itunes_season_number":"","itunes_episode_type":"","footnotes":""},"categories":[8],"tags":[517,371],"class_list":["post-54039","post","type-post","status-publish","format-standard","has-post-thumbnail","hentry","category-noticias","tag-covid-19","tag-seculta"],"acf":[],"publishpress_future_action":{"enabled":false,"date":"2026-05-08 11:21:32","action":"change-status","newStatus":"draft","terms":[],"taxonomy":"category","extraData":[]},"publishpress_future_workflow_manual_trigger":{"enabledWorkflows":[]},"_links":{"self":[{"href":"https:\/\/www.oaxaca.gob.mx\/comunicacion\/wp-json\/wp\/v2\/posts\/54039","targetHints":{"allow":["GET"]}}],"collection":[{"href":"https:\/\/www.oaxaca.gob.mx\/comunicacion\/wp-json\/wp\/v2\/posts"}],"about":[{"href":"https:\/\/www.oaxaca.gob.mx\/comunicacion\/wp-json\/wp\/v2\/types\/post"}],"author":[{"embeddable":true,"href":"https:\/\/www.oaxaca.gob.mx\/comunicacion\/wp-json\/wp\/v2\/users\/35"}],"replies":[{"embeddable":true,"href":"https:\/\/www.oaxaca.gob.mx\/comunicacion\/wp-json\/wp\/v2\/comments?post=54039"}],"version-history":[{"count":1,"href":"https:\/\/www.oaxaca.gob.mx\/comunicacion\/wp-json\/wp\/v2\/posts\/54039\/revisions"}],"predecessor-version":[{"id":54041,"href":"https:\/\/www.oaxaca.gob.mx\/comunicacion\/wp-json\/wp\/v2\/posts\/54039\/revisions\/54041"}],"wp:featuredmedia":[{"embeddable":true,"href":"https:\/\/www.oaxaca.gob.mx\/comunicacion\/wp-json\/wp\/v2\/media\/54040"}],"wp:attachment":[{"href":"https:\/\/www.oaxaca.gob.mx\/comunicacion\/wp-json\/wp\/v2\/media?parent=54039"}],"wp:term":[{"taxonomy":"category","embeddable":true,"href":"https:\/\/www.oaxaca.gob.mx\/comunicacion\/wp-json\/wp\/v2\/categories?post=54039"},{"taxonomy":"post_tag","embeddable":true,"href":"https:\/\/www.oaxaca.gob.mx\/comunicacion\/wp-json\/wp\/v2\/tags?post=54039"}],"curies":[{"name":"wp","href":"https:\/\/api.w.org\/{rel}","templated":true}]}}