{"id":53795,"date":"2020-04-24T14:58:43","date_gmt":"2020-04-24T19:58:43","guid":{"rendered":"https:\/\/www.oaxaca.gob.mx\/comunicacion\/?p=53795"},"modified":"2020-04-27T09:55:36","modified_gmt":"2020-04-27T14:55:36","slug":"se-presentara-la-puesta-en-escena-presagio-con-la-compania-estatal-de-danza-contemporanea","status":"publish","type":"post","link":"https:\/\/www.oaxaca.gob.mx\/comunicacion\/se-presentara-la-puesta-en-escena-presagio-con-la-compania-estatal-de-danza-contemporanea\/","title":{"rendered":"Se presentar\u00e1 la puesta en escena\u00a0\u201cPresagio\u201d\u00a0con la Compa\u00f1\u00eda Estatal de Danza Contempor\u00e1nea"},"content":{"rendered":"<p>&nbsp;<\/p>\n\n\t\t<style type=\"text\/css\">\n\t\t\t#gallery-1 {\n\t\t\t\tmargin: auto;\n\t\t\t}\n\t\t\t#gallery-1 .gallery-item {\n\t\t\t\tfloat: left;\n\t\t\t\tmargin-top: 10px;\n\t\t\t\ttext-align: center;\n\t\t\t\twidth: 33%;\n\t\t\t}\n\t\t\t#gallery-1 img {\n\t\t\t\tborder: 2px solid #cfcfcf;\n\t\t\t}\n\t\t\t#gallery-1 .gallery-caption {\n\t\t\t\tmargin-left: 0;\n\t\t\t}\n\t\t\t\/* see gallery_shortcode() in wp-includes\/media.php *\/\n\t\t<\/style>\n\t\t<div id='gallery-1' class='gallery galleryid-53795 gallery-columns-3 gallery-size-medium'><dl class='gallery-item'>\n\t\t\t<dt class='gallery-icon landscape'>\n\t\t\t\t<a href='https:\/\/www.oaxaca.gob.mx\/comunicacion\/se-presentara-la-puesta-en-escena-presagio-con-la-compania-estatal-de-danza-contemporanea\/seculta-6-14\/'><img loading=\"lazy\" decoding=\"async\" width=\"300\" height=\"169\" src=\"https:\/\/www.oaxaca.gob.mx\/comunicacion\/wp-content\/uploads\/sites\/28\/2020\/04\/Seculta-6-300x169.jpeg\" class=\"attachment-medium size-medium\" alt=\"\" srcset=\"https:\/\/www.oaxaca.gob.mx\/comunicacion\/wp-content\/uploads\/sites\/28\/2020\/04\/Seculta-6-300x169.jpeg 300w, https:\/\/www.oaxaca.gob.mx\/comunicacion\/wp-content\/uploads\/sites\/28\/2020\/04\/Seculta-6-1024x576.jpeg 1024w, https:\/\/www.oaxaca.gob.mx\/comunicacion\/wp-content\/uploads\/sites\/28\/2020\/04\/Seculta-6-768x432.jpeg 768w, https:\/\/www.oaxaca.gob.mx\/comunicacion\/wp-content\/uploads\/sites\/28\/2020\/04\/Seculta-6.jpeg 1280w\" sizes=\"auto, (max-width: 300px) 100vw, 300px\" \/><\/a>\n\t\t\t<\/dt><\/dl><dl class='gallery-item'>\n\t\t\t<dt class='gallery-icon landscape'>\n\t\t\t\t<a href='https:\/\/www.oaxaca.gob.mx\/comunicacion\/se-presentara-la-puesta-en-escena-presagio-con-la-compania-estatal-de-danza-contemporanea\/seculta-3-1\/'><img loading=\"lazy\" decoding=\"async\" width=\"300\" height=\"169\" src=\"https:\/\/www.oaxaca.gob.mx\/comunicacion\/wp-content\/uploads\/sites\/28\/2020\/04\/Seculta-3-1-300x169.jpeg\" class=\"attachment-medium size-medium\" alt=\"\" srcset=\"https:\/\/www.oaxaca.gob.mx\/comunicacion\/wp-content\/uploads\/sites\/28\/2020\/04\/Seculta-3-1-300x169.jpeg 300w, https:\/\/www.oaxaca.gob.mx\/comunicacion\/wp-content\/uploads\/sites\/28\/2020\/04\/Seculta-3-1-1024x576.jpeg 1024w, https:\/\/www.oaxaca.gob.mx\/comunicacion\/wp-content\/uploads\/sites\/28\/2020\/04\/Seculta-3-1-768x432.jpeg 768w, https:\/\/www.oaxaca.gob.mx\/comunicacion\/wp-content\/uploads\/sites\/28\/2020\/04\/Seculta-3-1.jpeg 1280w\" sizes=\"auto, (max-width: 300px) 100vw, 300px\" \/><\/a>\n\t\t\t<\/dt><\/dl><dl class='gallery-item'>\n\t\t\t<dt class='gallery-icon landscape'>\n\t\t\t\t<a href='https:\/\/www.oaxaca.gob.mx\/comunicacion\/se-presentara-la-puesta-en-escena-presagio-con-la-compania-estatal-de-danza-contemporanea\/seculta-2-1-4\/'><img loading=\"lazy\" decoding=\"async\" width=\"300\" height=\"169\" src=\"https:\/\/www.oaxaca.gob.mx\/comunicacion\/wp-content\/uploads\/sites\/28\/2020\/04\/Seculta-2-1-1-300x169.jpeg\" class=\"attachment-medium size-medium\" alt=\"\" srcset=\"https:\/\/www.oaxaca.gob.mx\/comunicacion\/wp-content\/uploads\/sites\/28\/2020\/04\/Seculta-2-1-1-300x169.jpeg 300w, https:\/\/www.oaxaca.gob.mx\/comunicacion\/wp-content\/uploads\/sites\/28\/2020\/04\/Seculta-2-1-1-1024x576.jpeg 1024w, https:\/\/www.oaxaca.gob.mx\/comunicacion\/wp-content\/uploads\/sites\/28\/2020\/04\/Seculta-2-1-1-768x432.jpeg 768w, https:\/\/www.oaxaca.gob.mx\/comunicacion\/wp-content\/uploads\/sites\/28\/2020\/04\/Seculta-2-1-1.jpeg 1280w\" sizes=\"auto, (max-width: 300px) 100vw, 300px\" \/><\/a>\n\t\t\t<\/dt><\/dl><br style=\"clear: both\" \/>\n\t\t<\/div>\n\n<p>&nbsp;<\/p>\n<p>&nbsp;<\/p>\n<p><strong>Oaxaca de Ju<\/strong><strong>\u00e1<\/strong><strong>rez, Oax. 24 de abril de 2020.<\/strong>\u00a0 La Secretar\u00eda de las Culturas y Artes de Oaxaca (Seculta) a trav\u00e9s de la Compa\u00f1\u00eda Estatal de Danza Contempor\u00e1nea anuncian la presentaci\u00f3n de la funci\u00f3n \u201cPresagio\u201d de Alejandra Serret, que podr\u00e1n disfrutarla a trav\u00e9s de la cuenta de Facebook de la dependencia estatal, este s\u00e1bado 25 a las 12:00 horas.<\/p>\n<p>Esta funci\u00f3n de la Compa\u00f1\u00eda Estatal de Danza Contempor\u00e1nea deleitar\u00e1 nuevamente con dicho espect\u00e1culo danc\u00edstico; esto tambi\u00e9n ante la instrucci\u00f3n del gobernador Alejandro Murat Hinojosa de ofrecer contenido cultural para toda la familia y disfrutarla en la comodidad de su casa durante la contingencia sanitaria del COVID-19 fase 3.<\/p>\n<p>\u201cPresagios\u201d es una obra danc\u00edstica que en su descripci\u00f3n de la obra es un \u201cdevenir de sucesos, seres que se esfuman y se abandonan a la soledad\u201d; la cual est\u00e1 bajo la direcci\u00f3n art\u00edstica de la maestra Alejandra Serret con m\u00fasica de Phillip Glass y la interpretaci\u00f3n de Mayela Marfil, C\u00e9sar Castellanos, Julio P\u00e9rez, Jezmin Fenochio, Eduardo Castellanos y Shantal Gonz\u00e1lez.<\/p>\n<p>La\u00a0 Compa\u00f1\u00eda Estatal de Danza Contempor\u00e1nea de Oaxaca perteneciente a la Seculta, cuenta con casi 40 a\u00f1os en los escenarios y en estos momentos de resguardo por la pandemia Covid-19 llega hasta sus dispositivos y en la comodidad de su hogar, con la obra \u201cPresagios\u201d.<\/p>\n<p>La Seculta, invita a seguir esta transmisi\u00f3n\u00a0 el d\u00eda s\u00e1bado 25 de abril a las 12 horas y disfrutar de este espect\u00e1culo lleno de danza, m\u00fasica y de movimientos de gran calidad y desde la comodidad de su casa.<\/p>\n<p>&nbsp;<\/p>\n<p style=\"text-align: center\">-0-<\/p>\n","protected":false},"excerpt":{"rendered":"<p>&nbsp; &nbsp; &nbsp; Oaxaca de Ju\u00e1rez, Oax. 24 de abril de 2020.\u00a0 La Secretar\u00eda de las Culturas y Artes de Oaxaca (Seculta) a trav\u00e9s de la Compa\u00f1\u00eda Estatal de Danza Contempor\u00e1nea anuncian la presentaci\u00f3n de la funci\u00f3n \u201cPresagio\u201d de Alejandra Serret, que podr\u00e1n disfrutarla a trav\u00e9s de la cuenta de Facebook de la dependencia estatal, [&hellip;]<\/p>\n","protected":false},"author":35,"featured_media":53797,"comment_status":"open","ping_status":"open","sticky":false,"template":"","format":"standard","meta":{"episode_type":"","audio_file":"","podmotor_file_id":"","podmotor_episode_id":"","cover_image":"","cover_image_id":"","duration":"","filesize":"","filesize_raw":"","date_recorded":"","explicit":"","block":"","itunes_episode_number":"","itunes_title":"","itunes_season_number":"","itunes_episode_type":"","footnotes":""},"categories":[8],"tags":[517,371],"class_list":["post-53795","post","type-post","status-publish","format-standard","has-post-thumbnail","hentry","category-noticias","tag-covid-19","tag-seculta"],"acf":[],"publishpress_future_action":{"enabled":false,"date":"2026-05-08 11:14:27","action":"change-status","newStatus":"draft","terms":[],"taxonomy":"category","extraData":[]},"publishpress_future_workflow_manual_trigger":{"enabledWorkflows":[]},"_links":{"self":[{"href":"https:\/\/www.oaxaca.gob.mx\/comunicacion\/wp-json\/wp\/v2\/posts\/53795","targetHints":{"allow":["GET"]}}],"collection":[{"href":"https:\/\/www.oaxaca.gob.mx\/comunicacion\/wp-json\/wp\/v2\/posts"}],"about":[{"href":"https:\/\/www.oaxaca.gob.mx\/comunicacion\/wp-json\/wp\/v2\/types\/post"}],"author":[{"embeddable":true,"href":"https:\/\/www.oaxaca.gob.mx\/comunicacion\/wp-json\/wp\/v2\/users\/35"}],"replies":[{"embeddable":true,"href":"https:\/\/www.oaxaca.gob.mx\/comunicacion\/wp-json\/wp\/v2\/comments?post=53795"}],"version-history":[{"count":1,"href":"https:\/\/www.oaxaca.gob.mx\/comunicacion\/wp-json\/wp\/v2\/posts\/53795\/revisions"}],"predecessor-version":[{"id":53799,"href":"https:\/\/www.oaxaca.gob.mx\/comunicacion\/wp-json\/wp\/v2\/posts\/53795\/revisions\/53799"}],"wp:featuredmedia":[{"embeddable":true,"href":"https:\/\/www.oaxaca.gob.mx\/comunicacion\/wp-json\/wp\/v2\/media\/53797"}],"wp:attachment":[{"href":"https:\/\/www.oaxaca.gob.mx\/comunicacion\/wp-json\/wp\/v2\/media?parent=53795"}],"wp:term":[{"taxonomy":"category","embeddable":true,"href":"https:\/\/www.oaxaca.gob.mx\/comunicacion\/wp-json\/wp\/v2\/categories?post=53795"},{"taxonomy":"post_tag","embeddable":true,"href":"https:\/\/www.oaxaca.gob.mx\/comunicacion\/wp-json\/wp\/v2\/tags?post=53795"}],"curies":[{"name":"wp","href":"https:\/\/api.w.org\/{rel}","templated":true}]}}