{"id":53735,"date":"2020-04-23T13:23:20","date_gmt":"2020-04-23T18:23:20","guid":{"rendered":"https:\/\/www.oaxaca.gob.mx\/comunicacion\/?p=53735"},"modified":"2020-04-23T21:08:02","modified_gmt":"2020-04-24T02:08:02","slug":"retransmitira-seculta-el-concierto-de-la-danzonera-acerina","status":"publish","type":"post","link":"https:\/\/www.oaxaca.gob.mx\/comunicacion\/retransmitira-seculta-el-concierto-de-la-danzonera-acerina\/","title":{"rendered":"Retransmitir\u00e1\u00a0Seculta el concierto de la Danzonera Acerina"},"content":{"rendered":"\n\t\t<style type=\"text\/css\">\n\t\t\t#gallery-1 {\n\t\t\t\tmargin: auto;\n\t\t\t}\n\t\t\t#gallery-1 .gallery-item {\n\t\t\t\tfloat: left;\n\t\t\t\tmargin-top: 10px;\n\t\t\t\ttext-align: center;\n\t\t\t\twidth: 50%;\n\t\t\t}\n\t\t\t#gallery-1 img {\n\t\t\t\tborder: 2px solid #cfcfcf;\n\t\t\t}\n\t\t\t#gallery-1 .gallery-caption {\n\t\t\t\tmargin-left: 0;\n\t\t\t}\n\t\t\t\/* see gallery_shortcode() in wp-includes\/media.php *\/\n\t\t<\/style>\n\t\t<div id='gallery-1' class='gallery galleryid-53735 gallery-columns-2 gallery-size-medium'><dl class='gallery-item'>\n\t\t\t<dt class='gallery-icon landscape'>\n\t\t\t\t<a href='https:\/\/www.oaxaca.gob.mx\/comunicacion\/retransmitira-seculta-el-concierto-de-la-danzonera-acerina\/seculta-2-1-3\/'><img loading=\"lazy\" decoding=\"async\" width=\"300\" height=\"169\" src=\"https:\/\/www.oaxaca.gob.mx\/comunicacion\/wp-content\/uploads\/sites\/28\/2020\/04\/SECULTA-2-1-1-300x169.png\" class=\"attachment-medium size-medium\" alt=\"\" srcset=\"https:\/\/www.oaxaca.gob.mx\/comunicacion\/wp-content\/uploads\/sites\/28\/2020\/04\/SECULTA-2-1-1-300x169.png 300w, https:\/\/www.oaxaca.gob.mx\/comunicacion\/wp-content\/uploads\/sites\/28\/2020\/04\/SECULTA-2-1-1-1024x576.png 1024w, https:\/\/www.oaxaca.gob.mx\/comunicacion\/wp-content\/uploads\/sites\/28\/2020\/04\/SECULTA-2-1-1-768x432.png 768w, https:\/\/www.oaxaca.gob.mx\/comunicacion\/wp-content\/uploads\/sites\/28\/2020\/04\/SECULTA-2-1-1.png 1280w\" sizes=\"auto, (max-width: 300px) 100vw, 300px\" \/><\/a>\n\t\t\t<\/dt><\/dl><dl class='gallery-item'>\n\t\t\t<dt class='gallery-icon landscape'>\n\t\t\t\t<a href='https:\/\/www.oaxaca.gob.mx\/comunicacion\/retransmitira-seculta-el-concierto-de-la-danzonera-acerina\/seculta-1-1-2\/'><img loading=\"lazy\" decoding=\"async\" width=\"300\" height=\"169\" src=\"https:\/\/www.oaxaca.gob.mx\/comunicacion\/wp-content\/uploads\/sites\/28\/2020\/04\/SECULTA-1-1-1-300x169.png\" class=\"attachment-medium size-medium\" alt=\"\" srcset=\"https:\/\/www.oaxaca.gob.mx\/comunicacion\/wp-content\/uploads\/sites\/28\/2020\/04\/SECULTA-1-1-1-300x169.png 300w, https:\/\/www.oaxaca.gob.mx\/comunicacion\/wp-content\/uploads\/sites\/28\/2020\/04\/SECULTA-1-1-1-1024x576.png 1024w, https:\/\/www.oaxaca.gob.mx\/comunicacion\/wp-content\/uploads\/sites\/28\/2020\/04\/SECULTA-1-1-1-768x432.png 768w, https:\/\/www.oaxaca.gob.mx\/comunicacion\/wp-content\/uploads\/sites\/28\/2020\/04\/SECULTA-1-1-1.png 1280w\" sizes=\"auto, (max-width: 300px) 100vw, 300px\" \/><\/a>\n\t\t\t<\/dt><\/dl><br style=\"clear: both\" \/>\n\t\t<\/div>\n\n<p>&nbsp;<\/p>\n<p>&nbsp;<\/p>\n<p><strong>\u00a0<\/strong><\/p>\n<p><strong>Oaxaca de Ju\u00e1<\/strong><strong>rez, \u00a0Oax. 23 de abril de 2020<\/strong>.- La Secretar\u00eda de las Culturas y Artes de Oaxaca (Seculta), retransmitir\u00e1 a trav\u00e9s su cuenta de Facebook, el concierto de la \u201cDanzonera Acerina\u201d, que form\u00f3 parte del XIII Congreso Nacional Danzonero en el a\u00f1o 2018, en la ciudad de Oaxaca.<\/p>\n<p>La retransmisi\u00f3n se llevar\u00e1 a cabo este viernes 24 de abril, a las 20:00 horas, con la finalidad de que la sociedad oaxaque\u00f1a disfrute de esta gran presentaci\u00f3n en la comodidad de su hogar, con motivo de la contingencia sanitaria por el COVID-19.<\/p>\n<p>Las transmisiones difundidas a trav\u00e9s de las plataformas de la Seculta, son en cumplimiento a la instrucci\u00f3n del gobernador Alejandro Murat Hinojosa, para brindar alternativas culturales a las y los oaxaque\u00f1os y cumplir con la medida de prevenci\u00f3n \u201cQu\u00e9date en Casa\u201d, encaminada a evitar y frenar la propagaci\u00f3n de la pandemia.<\/p>\n<p>La XIII edici\u00f3n del Congreso Nacional de Danz\u00f3n, se llev\u00f3 a cabo del 20 al 23 de septiembre de 2018 en la capital oaxaque\u00f1a y congreg\u00f3 a cerca de mil bailarines proveniente de 15 estados, as\u00ed como a miles de asistentes. Esta celebraci\u00f3n fue coordinada por Mar\u00eda de Lourdes Sosa Dom\u00ednguez y Hugolino Mendoza.<\/p>\n<p>En el Congreso Nacional Danzonero, el domingo 14 de octubre de 2018, los organizadores entregaron a la Danzonera Acerina o Acerina y su Danzonera, el Premio Nacional de Danz\u00f3n Amador P\u00e9rez Torres \u201cDimas\u201d, el cual fue transmitido por la Corporaci\u00f3n Oaxaque\u00f1a de Radio y Televisi\u00f3n, as\u00ed como todos sus eventos.<\/p>\n<p>Acerina y su Danzonera fue uno de los m\u00e1s grandes representantes del danz\u00f3n, un g\u00e9nero bailable derivado de la danza criolla cubana, creado por Miguel Failde y P\u00e9rez, que constituye una verdadera forma rom\u00e1ntica para bailar.<\/p>\n<p>Acerina y su Danzonera tiene el reconocimiento mundial por sus m\u00e1s de 80 a\u00f1os de trayectoria ininterrumpida. Cuando su fundador falleci\u00f3 en 1987, Diego P\u00e9rez y Reyes, el saxofonista de entonces, tom\u00f3 la direcci\u00f3n. Al a\u00f1o siguiente, el l\u00edder del Sindicato de M\u00fasicos, Venus Rey, adquiri\u00f3 los derechos de la orquesta y los cedi\u00f3 a quien por 25 a\u00f1os hab\u00eda tocado el saxof\u00f3n bar\u00edtono. P\u00e9rez y Reyes muri\u00f3 en 2011 y su hijo Octavio conocido como \u201csecre\u201d, tom\u00f3 la batuta.<\/p>\n<p>De esta manera, la Seculta en coordinaci\u00f3n de la Corporaci\u00f3n Oaxaque\u00f1a de Radio y Televisi\u00f3n (CORTV), unen sus esfuerzos en esta retransmisi\u00f3n que podr\u00e1 disfrutarse en el siguiente link de Facebook:\u00a0<a href=\"https:\/\/www.facebook.com\/seculta\/\" target=\"_blank\" rel=\"noopener noreferrer\" data-saferedirecturl=\"https:\/\/www.google.com\/url?q=https:\/\/www.facebook.com\/seculta\/&amp;source=gmail&amp;ust=1587778515054000&amp;usg=AFQjCNGOsSl_b7ZTW36798_n86kWPMKP_A\">https:\/\/www.facebook.com\/seculta\/<\/a>.<\/p>\n<p style=\"text-align: center\"><strong>-0-<\/strong><\/p>\n","protected":false},"excerpt":{"rendered":"<p>&nbsp; &nbsp; \u00a0 Oaxaca de Ju\u00e1rez, \u00a0Oax. 23 de abril de 2020.- La Secretar\u00eda de las Culturas y Artes de Oaxaca (Seculta), retransmitir\u00e1 a trav\u00e9s su cuenta de Facebook, el concierto de la \u201cDanzonera Acerina\u201d, que form\u00f3 parte del XIII Congreso Nacional Danzonero en el a\u00f1o 2018, en la ciudad de Oaxaca. La retransmisi\u00f3n se [&hellip;]<\/p>\n","protected":false},"author":35,"featured_media":53736,"comment_status":"open","ping_status":"open","sticky":false,"template":"","format":"standard","meta":{"episode_type":"","audio_file":"","podmotor_file_id":"","podmotor_episode_id":"","cover_image":"","cover_image_id":"","duration":"","filesize":"","filesize_raw":"","date_recorded":"","explicit":"","block":"","itunes_episode_number":"","itunes_title":"","itunes_season_number":"","itunes_episode_type":"","footnotes":""},"categories":[8],"tags":[517,371],"class_list":["post-53735","post","type-post","status-publish","format-standard","has-post-thumbnail","hentry","category-noticias","tag-covid-19","tag-seculta"],"acf":[],"publishpress_future_action":{"enabled":false,"date":"2026-05-09 04:10:58","action":"change-status","newStatus":"draft","terms":[],"taxonomy":"category","extraData":[]},"publishpress_future_workflow_manual_trigger":{"enabledWorkflows":[]},"_links":{"self":[{"href":"https:\/\/www.oaxaca.gob.mx\/comunicacion\/wp-json\/wp\/v2\/posts\/53735","targetHints":{"allow":["GET"]}}],"collection":[{"href":"https:\/\/www.oaxaca.gob.mx\/comunicacion\/wp-json\/wp\/v2\/posts"}],"about":[{"href":"https:\/\/www.oaxaca.gob.mx\/comunicacion\/wp-json\/wp\/v2\/types\/post"}],"author":[{"embeddable":true,"href":"https:\/\/www.oaxaca.gob.mx\/comunicacion\/wp-json\/wp\/v2\/users\/35"}],"replies":[{"embeddable":true,"href":"https:\/\/www.oaxaca.gob.mx\/comunicacion\/wp-json\/wp\/v2\/comments?post=53735"}],"version-history":[{"count":1,"href":"https:\/\/www.oaxaca.gob.mx\/comunicacion\/wp-json\/wp\/v2\/posts\/53735\/revisions"}],"predecessor-version":[{"id":53738,"href":"https:\/\/www.oaxaca.gob.mx\/comunicacion\/wp-json\/wp\/v2\/posts\/53735\/revisions\/53738"}],"wp:featuredmedia":[{"embeddable":true,"href":"https:\/\/www.oaxaca.gob.mx\/comunicacion\/wp-json\/wp\/v2\/media\/53736"}],"wp:attachment":[{"href":"https:\/\/www.oaxaca.gob.mx\/comunicacion\/wp-json\/wp\/v2\/media?parent=53735"}],"wp:term":[{"taxonomy":"category","embeddable":true,"href":"https:\/\/www.oaxaca.gob.mx\/comunicacion\/wp-json\/wp\/v2\/categories?post=53735"},{"taxonomy":"post_tag","embeddable":true,"href":"https:\/\/www.oaxaca.gob.mx\/comunicacion\/wp-json\/wp\/v2\/tags?post=53735"}],"curies":[{"name":"wp","href":"https:\/\/api.w.org\/{rel}","templated":true}]}}