{"id":52701,"date":"2020-03-21T20:09:27","date_gmt":"2020-03-22T02:09:27","guid":{"rendered":"https:\/\/www.oaxaca.gob.mx\/comunicacion\/?p=52701"},"modified":"2020-03-29T22:34:36","modified_gmt":"2020-03-30T04:34:36","slug":"suma-seculta-a-cantantes-oaxaquenos-al-proyecto-concierto-a-tu-casa","status":"publish","type":"post","link":"https:\/\/www.oaxaca.gob.mx\/comunicacion\/suma-seculta-a-cantantes-oaxaquenos-al-proyecto-concierto-a-tu-casa\/","title":{"rendered":"Suma Seculta a cantantes oaxaque\u00f1os al proyecto \u201cConcierto a tu casa\u201d"},"content":{"rendered":"\n\t\t<style type=\"text\/css\">\n\t\t\t#gallery-1 {\n\t\t\t\tmargin: auto;\n\t\t\t}\n\t\t\t#gallery-1 .gallery-item {\n\t\t\t\tfloat: left;\n\t\t\t\tmargin-top: 10px;\n\t\t\t\ttext-align: center;\n\t\t\t\twidth: 100%;\n\t\t\t}\n\t\t\t#gallery-1 img {\n\t\t\t\tborder: 2px solid #cfcfcf;\n\t\t\t}\n\t\t\t#gallery-1 .gallery-caption {\n\t\t\t\tmargin-left: 0;\n\t\t\t}\n\t\t\t\/* see gallery_shortcode() in wp-includes\/media.php *\/\n\t\t<\/style>\n\t\t<div id='gallery-1' class='gallery galleryid-52701 gallery-columns-1 gallery-size-medium'><dl class='gallery-item'>\n\t\t\t<dt class='gallery-icon landscape'>\n\t\t\t\t<a href='https:\/\/www.oaxaca.gob.mx\/comunicacion\/suma-seculta-a-cantantes-oaxaquenos-al-proyecto-concierto-a-tu-casa\/a-tu-casa\/'><img loading=\"lazy\" decoding=\"async\" width=\"300\" height=\"300\" src=\"https:\/\/www.oaxaca.gob.mx\/comunicacion\/wp-content\/uploads\/sites\/28\/2020\/03\/a-tu-casa-300x300.jpeg\" class=\"attachment-medium size-medium\" alt=\"\" srcset=\"https:\/\/www.oaxaca.gob.mx\/comunicacion\/wp-content\/uploads\/sites\/28\/2020\/03\/a-tu-casa-300x300.jpeg 300w, https:\/\/www.oaxaca.gob.mx\/comunicacion\/wp-content\/uploads\/sites\/28\/2020\/03\/a-tu-casa-1024x1024.jpeg 1024w, https:\/\/www.oaxaca.gob.mx\/comunicacion\/wp-content\/uploads\/sites\/28\/2020\/03\/a-tu-casa-150x150.jpeg 150w, https:\/\/www.oaxaca.gob.mx\/comunicacion\/wp-content\/uploads\/sites\/28\/2020\/03\/a-tu-casa-768x767.jpeg 768w, https:\/\/www.oaxaca.gob.mx\/comunicacion\/wp-content\/uploads\/sites\/28\/2020\/03\/a-tu-casa.jpeg 1280w\" sizes=\"auto, (max-width: 300px) 100vw, 300px\" \/><\/a>\n\t\t\t<\/dt><\/dl><br style=\"clear: both\" \/>\n\t\t<\/div>\n\n<ul>\n<li>Este plan es un trabajo conjunto entre el Consejo de las Culturas y Artes A.C., el Consejo del Centro Hist\u00f3rico (Cocentro) y la Seculta<\/li>\n<\/ul>\n<p>Oaxaca de Ju\u00e1rez, Oax. 21 de marzo de 2020.- La secretaria de las Culturas y Artes, Karla Villaca\u00f1a Quevedo anunci\u00f3 el proyecto \u201cConcierto a tu casa\u201d, con cantantes consagrados y populares de Oaxaca que de manera solidaria aportar\u00e1n gratuitamente su talento para que la ciudadan\u00eda lo disfrute desde la comodidad de su domicilio, sin tener que exponerse al contagio.<\/p>\n<p>Este proyecto es atendiendo el llamado del gobernador Alejandro Murat Hinojosa de continuar con las actividades sustantivas de la administraci\u00f3n p\u00fablica con total respeto a las medidas preventivas que eviten la propagaci\u00f3n del Coronavirus CO-VID-19.<\/p>\n<p>Derivado de los cierres de espacios culturales y de las medidas instruidas por las autoridades del sector salud, la Seculta en coordinaci\u00f3n con agrupaciones ciudadanas como el Consejo de la Cultura y las Artes y el Consejo del Centro Hist\u00f3rico (Cocentro), inician el pr\u00f3ximo lunes una serie de conciertos de cantantes oaxaque\u00f1os que ser\u00e1n transmitidos a trav\u00e9s de las redes sociales de la dependencia.<\/p>\n<p>Al respecto, la titular de Seculta, Karla Villaca\u00f1a Quevedo, resalt\u00f3 el inter\u00e9s del gobernador Alejandro Murat Hinojosa de ofrecer alternativas culturales y art\u00edsti-cas que pueden ser disfrutadas por la ciudadan\u00eda mediante el uso de las nuevas tecnolog\u00edas de la informaci\u00f3n durante el periodo de contingencia derivada del COVID-19.<\/p>\n<p>En este marco, Villaca\u00f1a Quevedo se\u00f1al\u00f3 que el proyecto conjunto con las agrupaciones de la sociedad civil como Cocentro y el Consejo de las Culturas y Artes, se suma a la serie de medidas preventivas sanitarias, pero tambi\u00e9n fomenta y reconoce la riqueza musical y el talento de cantantes consagrados y populares oaxaque\u00f1os.<\/p>\n<p>\u201cConciertos a tu casa\u201d consta de una serie de 15 recitales de diversos artistas de renombre y futuros talentos de la m\u00fasica, mismos que ser\u00e1n transmitidos diaria-mente, a partir de 23 de marzo en punto de las 19 horas, a trav\u00e9s de la p\u00e1gina de Facebook de la Seculta:\u00a0<a href=\"https:\/\/www.facebook.com\/seculta\/\" target=\"_blank\" rel=\"noopener noreferrer\" data-saferedirecturl=\"https:\/\/www.google.com\/url?q=https:\/\/www.facebook.com\/seculta\/&amp;source=gmail&amp;ust=1585626852808000&amp;usg=AFQjCNHxE2gOmao8jBZduq_GLFi8JNPMig\">https:\/\/www.facebook.com\/seculta\/<\/a><\/p>\n<p>La encargada de abrir la serie de conciertos es la cantante oaxaque\u00f1a Silvia Mar\u00eda quien es una artista consagrada a nivel internacional y una int\u00e9rprete de personalidad recia, definida e inconfundible.<\/p>\n<p>Silvia Mar\u00eda ha entregado su vida a la cultura y a la difusi\u00f3n de la emoci\u00f3n que la m\u00fasica le ha tra\u00eddo con su guitarra y su inigualable voz, que ha recorrido estados como: Aguascalientes, Campeche, Chiapas, Chihuahua, Colima, Baja California, Estado de M\u00e9xico, Guerrero, Hidalgo, Yucat\u00e1n, Nayarit, por mencionar solo algunos.<\/p>\n<p>La int\u00e9rprete de m\u00fasica popular mexicana y latinoamericana ha representado a nuestro pa\u00eds, en distinguidos foros internacionales de pa\u00edses como: Alemania, Canad\u00e1, Estados Unidos de Norteam\u00e9rica, Francia Marruecos, Venezuela, Cuba, Guatemala, Panam\u00e1, Costa Rica, Colombia y Per\u00fa.<\/p>\n<p>A la iniciativa se suman en una primera parte la cantante Madai Real, quien se presentar\u00e1 el martes 24; el tr\u00edo Los Cuerudos, el mi\u00e9rcoles 25; el dueto Contra-acorde, el jueves 26 y por \u00faltimo Jorge Guerrero el viernes 27 de marzo de 2020.<\/p>\n<table width=\"569\">\n<tbody>\n<tr>\n<td colspan=\"3\" width=\"569\">PROGRAMACI\u00d3N<\/td>\n<\/tr>\n<tr>\n<td width=\"190\">Silvia Mar\u00eda<\/td>\n<td width=\"268\">Lunes 23 de marzo 2020<\/td>\n<td width=\"111\">19:00 Hrs.<\/td>\n<\/tr>\n<tr>\n<td width=\"190\">Madai Real<\/td>\n<td width=\"268\">Martes 24 de marzo 2020<\/td>\n<td width=\"111\">19:00 Hrs.<\/td>\n<\/tr>\n<tr>\n<td width=\"190\">Los Cuerudos<\/td>\n<td width=\"268\">Mi\u00e9rcoles 25 de marzo 2020<\/td>\n<td width=\"111\">19:00 Hrs.<\/td>\n<\/tr>\n<tr>\n<td width=\"190\">Contracorde<\/td>\n<td width=\"268\">Jueves 26 de marzo 2020<\/td>\n<td width=\"111\">19:00 Hrs.<\/td>\n<\/tr>\n<tr>\n<td width=\"190\">Jorge Guerrero<\/td>\n<td width=\"268\">Viernes 27 de marzo 2020<\/td>\n<td width=\"111\">19:00 Hrs.<\/td>\n<\/tr>\n<\/tbody>\n<\/table>\n","protected":false},"excerpt":{"rendered":"<p>Este plan es un trabajo conjunto entre el Consejo de las Culturas y Artes A.C., el Consejo del Centro Hist\u00f3rico (Cocentro) y la Seculta Oaxaca de Ju\u00e1rez, Oax. 21 de marzo de 2020.- La secretaria de las Culturas y Artes, Karla Villaca\u00f1a Quevedo anunci\u00f3 el proyecto \u201cConcierto a tu casa\u201d, con cantantes consagrados y populares [&hellip;]<\/p>\n","protected":false},"author":38,"featured_media":52702,"comment_status":"open","ping_status":"open","sticky":false,"template":"","format":"standard","meta":{"episode_type":"","audio_file":"","podmotor_file_id":"","podmotor_episode_id":"","cover_image":"","cover_image_id":"","duration":"","filesize":"","filesize_raw":"","date_recorded":"","explicit":"","block":"","itunes_episode_number":"","itunes_title":"","itunes_season_number":"","itunes_episode_type":"","footnotes":""},"categories":[8],"tags":[371],"class_list":["post-52701","post","type-post","status-publish","format-standard","has-post-thumbnail","hentry","category-noticias","tag-seculta"],"acf":[],"publishpress_future_action":{"enabled":false,"date":"2026-05-04 09:25:33","action":"change-status","newStatus":"draft","terms":[],"taxonomy":"category","extraData":[]},"publishpress_future_workflow_manual_trigger":{"enabledWorkflows":[]},"_links":{"self":[{"href":"https:\/\/www.oaxaca.gob.mx\/comunicacion\/wp-json\/wp\/v2\/posts\/52701","targetHints":{"allow":["GET"]}}],"collection":[{"href":"https:\/\/www.oaxaca.gob.mx\/comunicacion\/wp-json\/wp\/v2\/posts"}],"about":[{"href":"https:\/\/www.oaxaca.gob.mx\/comunicacion\/wp-json\/wp\/v2\/types\/post"}],"author":[{"embeddable":true,"href":"https:\/\/www.oaxaca.gob.mx\/comunicacion\/wp-json\/wp\/v2\/users\/38"}],"replies":[{"embeddable":true,"href":"https:\/\/www.oaxaca.gob.mx\/comunicacion\/wp-json\/wp\/v2\/comments?post=52701"}],"version-history":[{"count":1,"href":"https:\/\/www.oaxaca.gob.mx\/comunicacion\/wp-json\/wp\/v2\/posts\/52701\/revisions"}],"predecessor-version":[{"id":52703,"href":"https:\/\/www.oaxaca.gob.mx\/comunicacion\/wp-json\/wp\/v2\/posts\/52701\/revisions\/52703"}],"wp:featuredmedia":[{"embeddable":true,"href":"https:\/\/www.oaxaca.gob.mx\/comunicacion\/wp-json\/wp\/v2\/media\/52702"}],"wp:attachment":[{"href":"https:\/\/www.oaxaca.gob.mx\/comunicacion\/wp-json\/wp\/v2\/media?parent=52701"}],"wp:term":[{"taxonomy":"category","embeddable":true,"href":"https:\/\/www.oaxaca.gob.mx\/comunicacion\/wp-json\/wp\/v2\/categories?post=52701"},{"taxonomy":"post_tag","embeddable":true,"href":"https:\/\/www.oaxaca.gob.mx\/comunicacion\/wp-json\/wp\/v2\/tags?post=52701"}],"curies":[{"name":"wp","href":"https:\/\/api.w.org\/{rel}","templated":true}]}}