{"id":52635,"date":"2020-03-19T15:14:37","date_gmt":"2020-03-19T21:14:37","guid":{"rendered":"https:\/\/www.oaxaca.gob.mx\/comunicacion\/?p=52635"},"modified":"2020-03-27T23:55:04","modified_gmt":"2020-03-28T05:55:04","slug":"capasits-de-salina-cruz-siete-anos-de-trabajo-a-favor-de-las-personas-con-vih","status":"publish","type":"post","link":"https:\/\/www.oaxaca.gob.mx\/comunicacion\/capasits-de-salina-cruz-siete-anos-de-trabajo-a-favor-de-las-personas-con-vih\/","title":{"rendered":"CAPASITS de Salina Cruz, siete a\u00f1os de trabajo a favor de las personas con VIH\u00a0"},"content":{"rendered":"<p>&nbsp;<\/p>\n\n\t\t<style type=\"text\/css\">\n\t\t\t#gallery-1 {\n\t\t\t\tmargin: auto;\n\t\t\t}\n\t\t\t#gallery-1 .gallery-item {\n\t\t\t\tfloat: left;\n\t\t\t\tmargin-top: 10px;\n\t\t\t\ttext-align: center;\n\t\t\t\twidth: 50%;\n\t\t\t}\n\t\t\t#gallery-1 img {\n\t\t\t\tborder: 2px solid #cfcfcf;\n\t\t\t}\n\t\t\t#gallery-1 .gallery-caption {\n\t\t\t\tmargin-left: 0;\n\t\t\t}\n\t\t\t\/* see gallery_shortcode() in wp-includes\/media.php *\/\n\t\t<\/style>\n\t\t<div id='gallery-1' class='gallery galleryid-52635 gallery-columns-2 gallery-size-medium'><dl class='gallery-item'>\n\t\t\t<dt class='gallery-icon portrait'>\n\t\t\t\t<a href='https:\/\/www.oaxaca.gob.mx\/comunicacion\/capasits-de-salina-cruz-siete-anos-de-trabajo-a-favor-de-las-personas-con-vih\/coesida-2-26\/'><img loading=\"lazy\" decoding=\"async\" width=\"228\" height=\"300\" src=\"https:\/\/www.oaxaca.gob.mx\/comunicacion\/wp-content\/uploads\/sites\/28\/2020\/03\/COESIDA-2-228x300.jpeg\" class=\"attachment-medium size-medium\" alt=\"\" srcset=\"https:\/\/www.oaxaca.gob.mx\/comunicacion\/wp-content\/uploads\/sites\/28\/2020\/03\/COESIDA-2-228x300.jpeg 228w, https:\/\/www.oaxaca.gob.mx\/comunicacion\/wp-content\/uploads\/sites\/28\/2020\/03\/COESIDA-2-778x1024.jpeg 778w, https:\/\/www.oaxaca.gob.mx\/comunicacion\/wp-content\/uploads\/sites\/28\/2020\/03\/COESIDA-2-768x1010.jpeg 768w, https:\/\/www.oaxaca.gob.mx\/comunicacion\/wp-content\/uploads\/sites\/28\/2020\/03\/COESIDA-2.jpeg 973w\" sizes=\"auto, (max-width: 228px) 100vw, 228px\" \/><\/a>\n\t\t\t<\/dt><\/dl><dl class='gallery-item'>\n\t\t\t<dt class='gallery-icon landscape'>\n\t\t\t\t<a href='https:\/\/www.oaxaca.gob.mx\/comunicacion\/capasits-de-salina-cruz-siete-anos-de-trabajo-a-favor-de-las-personas-con-vih\/coesida-1-25\/'><img loading=\"lazy\" decoding=\"async\" width=\"300\" height=\"169\" src=\"https:\/\/www.oaxaca.gob.mx\/comunicacion\/wp-content\/uploads\/sites\/28\/2020\/03\/COESIDA-1-300x169.jpeg\" class=\"attachment-medium size-medium\" alt=\"\" srcset=\"https:\/\/www.oaxaca.gob.mx\/comunicacion\/wp-content\/uploads\/sites\/28\/2020\/03\/COESIDA-1-300x169.jpeg 300w, https:\/\/www.oaxaca.gob.mx\/comunicacion\/wp-content\/uploads\/sites\/28\/2020\/03\/COESIDA-1-1024x576.jpeg 1024w, https:\/\/www.oaxaca.gob.mx\/comunicacion\/wp-content\/uploads\/sites\/28\/2020\/03\/COESIDA-1-768x432.jpeg 768w, https:\/\/www.oaxaca.gob.mx\/comunicacion\/wp-content\/uploads\/sites\/28\/2020\/03\/COESIDA-1.jpeg 1280w\" sizes=\"auto, (max-width: 300px) 100vw, 300px\" \/><\/a>\n\t\t\t<\/dt><\/dl><br style=\"clear: both\" \/>\n\t\t<\/div>\n\n<p>&nbsp;<\/p>\n<p>&nbsp;<\/p>\n<p><strong>Salina Cruz,<\/strong><strong>\u00a0<\/strong><strong>Oax<\/strong><strong>. 19 de marzo de 2020.<\/strong>\u202f\u00a0El Centro Ambulatorio para la Prevenci\u00f3n y Atenci\u00f3n del Sida e Infecciones de Transmisi\u00f3n Sexual (CAPASITS), del Puerto de Salina Cruz, inici\u00f3 sus actividades el 18 de marzo de 2013, ante la necesidad de tener una mayor cobertura de prevenci\u00f3n, detecci\u00f3n y atenci\u00f3n del Virus de Inmunodeficiencia Humana (VIH) y del S\u00edndrome de Inmunodeficiencia Adquirida (Sida) en la entidad oaxaque\u00f1a, principalmente en la regi\u00f3n del Istmo.<\/p>\n<p>La directora general del Consejo Estatal para la Prevenci\u00f3n y Control del Sida (Coesida) y CAPASITS, destac\u00f3\u00a0que\u00a0desde la apertura de este centro ha brindado a la poblaci\u00f3n atenci\u00f3n e informaci\u00f3n cercana, concreta y humana sobre las Infecciones de Transmisi\u00f3n Sexual (ITS), haciendo \u00e9nfasis en la prevenci\u00f3n del VIH.<\/p>\n<p>Destac\u00f3 que\u00a0de acuerdo con el Panorama del Sistema de Vigilancia Epidemiol\u00f3gico de VIH\/Sida emitido por los Servicios de Salud de Oaxaca (SSO), la regi\u00f3n del Istmo tiene un acumulado preliminar de 621 casos de VIH y mil 562 casos de Sida, de 1986 al 31 de diciembre de 2019, ocupando el segundo lugar de casos notificados.<\/p>\n<p>\u201cLa cobertura en esta entidad es de mayor relevancia, considerando que muchos de los pacientes que atendemos en el CAPASITS de San Bartolo Coyotepec, provienen de las ocho regiones y de comunidades muy alejadas de sus cabeceras distritales\u201d, resalt\u00f3.<\/p>\n<p>En tanto, el responsable de este Centro, Jorge El\u00edas de la Cruz Castillo, mencion\u00f3\u00a0que\u00a0la poblaci\u00f3n beneficiada abarca a los municipios y localidades de Salina Cruz, Tehuantepec, Juchit\u00e1n y Mat\u00edas Romero, las cuales son zonas de mayor incidencia en casos de VIH en esta regi\u00f3n, as\u00ed como de municipios de regiones aleda\u00f1as.<\/p>\n<p>Detall\u00f3 que el CAPASITS de Salina Cruz, cuenta con el \u00e1rea de enfermer\u00eda, psicolog\u00eda y atenci\u00f3n m\u00e9dica, de igual manera ofrecen el servicio de la aplicaci\u00f3n de pruebas r\u00e1pidas de detecci\u00f3n del VIH. Puntualiz\u00f3 adem\u00e1s que actualmente se atiende un total de 593 personas.<\/p>\n<p>Finalmente, la tambi\u00e9n Responsable Estatal del Programa de VIH\/Sida, indic\u00f3\u00a0que\u00a0con el funcionamiento de\u00a0esta unidad, se da seguimiento a los Objetivos de Desarrollo Sostenible (ODS) de la Agenda 2030 de la Organizaci\u00f3n de las Naciones Unidas (ONU), para poner fin a esta epidemia.<\/p>\n<p style=\"text-align: center\"><strong>\u2013 0 \u2013<\/strong><\/p>\n","protected":false},"excerpt":{"rendered":"<p>&nbsp; &nbsp; &nbsp; Salina Cruz,\u00a0Oax. 19 de marzo de 2020.\u202f\u00a0El Centro Ambulatorio para la Prevenci\u00f3n y Atenci\u00f3n del Sida e Infecciones de Transmisi\u00f3n Sexual (CAPASITS), del Puerto de Salina Cruz, inici\u00f3 sus actividades el 18 de marzo de 2013, ante la necesidad de tener una mayor cobertura de prevenci\u00f3n, detecci\u00f3n y atenci\u00f3n del Virus de [&hellip;]<\/p>\n","protected":false},"author":35,"featured_media":52637,"comment_status":"open","ping_status":"open","sticky":false,"template":"","format":"standard","meta":{"episode_type":"","audio_file":"","podmotor_file_id":"","podmotor_episode_id":"","cover_image":"","cover_image_id":"","duration":"","filesize":"","filesize_raw":"","date_recorded":"","explicit":"","block":"","itunes_episode_number":"","itunes_title":"","itunes_season_number":"","itunes_episode_type":"","footnotes":""},"categories":[8],"tags":[118],"class_list":["post-52635","post","type-post","status-publish","format-standard","has-post-thumbnail","hentry","category-noticias","tag-coesida"],"acf":[],"publishpress_future_action":{"enabled":false,"date":"2026-05-06 11:39:45","action":"change-status","newStatus":"draft","terms":[],"taxonomy":"category","extraData":[]},"publishpress_future_workflow_manual_trigger":{"enabledWorkflows":[]},"_links":{"self":[{"href":"https:\/\/www.oaxaca.gob.mx\/comunicacion\/wp-json\/wp\/v2\/posts\/52635","targetHints":{"allow":["GET"]}}],"collection":[{"href":"https:\/\/www.oaxaca.gob.mx\/comunicacion\/wp-json\/wp\/v2\/posts"}],"about":[{"href":"https:\/\/www.oaxaca.gob.mx\/comunicacion\/wp-json\/wp\/v2\/types\/post"}],"author":[{"embeddable":true,"href":"https:\/\/www.oaxaca.gob.mx\/comunicacion\/wp-json\/wp\/v2\/users\/35"}],"replies":[{"embeddable":true,"href":"https:\/\/www.oaxaca.gob.mx\/comunicacion\/wp-json\/wp\/v2\/comments?post=52635"}],"version-history":[{"count":1,"href":"https:\/\/www.oaxaca.gob.mx\/comunicacion\/wp-json\/wp\/v2\/posts\/52635\/revisions"}],"predecessor-version":[{"id":52638,"href":"https:\/\/www.oaxaca.gob.mx\/comunicacion\/wp-json\/wp\/v2\/posts\/52635\/revisions\/52638"}],"wp:featuredmedia":[{"embeddable":true,"href":"https:\/\/www.oaxaca.gob.mx\/comunicacion\/wp-json\/wp\/v2\/media\/52637"}],"wp:attachment":[{"href":"https:\/\/www.oaxaca.gob.mx\/comunicacion\/wp-json\/wp\/v2\/media?parent=52635"}],"wp:term":[{"taxonomy":"category","embeddable":true,"href":"https:\/\/www.oaxaca.gob.mx\/comunicacion\/wp-json\/wp\/v2\/categories?post=52635"},{"taxonomy":"post_tag","embeddable":true,"href":"https:\/\/www.oaxaca.gob.mx\/comunicacion\/wp-json\/wp\/v2\/tags?post=52635"}],"curies":[{"name":"wp","href":"https:\/\/api.w.org\/{rel}","templated":true}]}}