{"id":51448,"date":"2020-02-28T19:18:51","date_gmt":"2020-02-29T01:18:51","guid":{"rendered":"https:\/\/www.oaxaca.gob.mx\/comunicacion\/?p=51448"},"modified":"2020-03-02T12:08:44","modified_gmt":"2020-03-02T18:08:44","slug":"reune-adriana-aguilar-a-40-autoridades-municipales-en-audiencia-publica","status":"publish","type":"post","link":"https:\/\/www.oaxaca.gob.mx\/comunicacion\/reune-adriana-aguilar-a-40-autoridades-municipales-en-audiencia-publica\/","title":{"rendered":"Re\u00fane Adriana Aguilar a 40 autoridades municipales en Audiencia P\u00fablica"},"content":{"rendered":"<div id=\":rj\" class=\"ii gt\">\n<div id=\":rk\" class=\"a3s aXjCH \">\n<div>\n\n\t\t<style type=\"text\/css\">\n\t\t\t#gallery-1 {\n\t\t\t\tmargin: auto;\n\t\t\t}\n\t\t\t#gallery-1 .gallery-item {\n\t\t\t\tfloat: left;\n\t\t\t\tmargin-top: 10px;\n\t\t\t\ttext-align: center;\n\t\t\t\twidth: 33%;\n\t\t\t}\n\t\t\t#gallery-1 img {\n\t\t\t\tborder: 2px solid #cfcfcf;\n\t\t\t}\n\t\t\t#gallery-1 .gallery-caption {\n\t\t\t\tmargin-left: 0;\n\t\t\t}\n\t\t\t\/* see gallery_shortcode() in wp-includes\/media.php *\/\n\t\t<\/style>\n\t\t<div id='gallery-1' class='gallery galleryid-51448 gallery-columns-3 gallery-size-medium'><dl class='gallery-item'>\n\t\t\t<dt class='gallery-icon landscape'>\n\t\t\t\t<a href='https:\/\/www.oaxaca.gob.mx\/comunicacion\/reune-adriana-aguilar-a-40-autoridades-municipales-en-audiencia-publica\/la-trinidad2\/'><img loading=\"lazy\" decoding=\"async\" width=\"300\" height=\"200\" src=\"https:\/\/www.oaxaca.gob.mx\/comunicacion\/wp-content\/uploads\/sites\/28\/2020\/03\/La-trinidad2-300x200.jpg\" class=\"attachment-medium size-medium\" alt=\"\" srcset=\"https:\/\/www.oaxaca.gob.mx\/comunicacion\/wp-content\/uploads\/sites\/28\/2020\/03\/La-trinidad2-300x200.jpg 300w, https:\/\/www.oaxaca.gob.mx\/comunicacion\/wp-content\/uploads\/sites\/28\/2020\/03\/La-trinidad2-768x512.jpg 768w, https:\/\/www.oaxaca.gob.mx\/comunicacion\/wp-content\/uploads\/sites\/28\/2020\/03\/La-trinidad2.jpg 960w\" sizes=\"auto, (max-width: 300px) 100vw, 300px\" \/><\/a>\n\t\t\t<\/dt><\/dl><dl class='gallery-item'>\n\t\t\t<dt class='gallery-icon landscape'>\n\t\t\t\t<a href='https:\/\/www.oaxaca.gob.mx\/comunicacion\/reune-adriana-aguilar-a-40-autoridades-municipales-en-audiencia-publica\/la-trinidad3\/'><img loading=\"lazy\" decoding=\"async\" width=\"300\" height=\"200\" src=\"https:\/\/www.oaxaca.gob.mx\/comunicacion\/wp-content\/uploads\/sites\/28\/2020\/03\/La-trinidad3-300x200.jpg\" class=\"attachment-medium size-medium\" alt=\"\" srcset=\"https:\/\/www.oaxaca.gob.mx\/comunicacion\/wp-content\/uploads\/sites\/28\/2020\/03\/La-trinidad3-300x200.jpg 300w, https:\/\/www.oaxaca.gob.mx\/comunicacion\/wp-content\/uploads\/sites\/28\/2020\/03\/La-trinidad3-768x512.jpg 768w, https:\/\/www.oaxaca.gob.mx\/comunicacion\/wp-content\/uploads\/sites\/28\/2020\/03\/La-trinidad3.jpg 960w\" sizes=\"auto, (max-width: 300px) 100vw, 300px\" \/><\/a>\n\t\t\t<\/dt><\/dl><dl class='gallery-item'>\n\t\t\t<dt class='gallery-icon landscape'>\n\t\t\t\t<a href='https:\/\/www.oaxaca.gob.mx\/comunicacion\/reune-adriana-aguilar-a-40-autoridades-municipales-en-audiencia-publica\/la-trinidad4\/'><img loading=\"lazy\" decoding=\"async\" width=\"300\" height=\"200\" src=\"https:\/\/www.oaxaca.gob.mx\/comunicacion\/wp-content\/uploads\/sites\/28\/2020\/03\/La-trinidad4-300x200.jpg\" class=\"attachment-medium size-medium\" alt=\"\" srcset=\"https:\/\/www.oaxaca.gob.mx\/comunicacion\/wp-content\/uploads\/sites\/28\/2020\/03\/La-trinidad4-300x200.jpg 300w, https:\/\/www.oaxaca.gob.mx\/comunicacion\/wp-content\/uploads\/sites\/28\/2020\/03\/La-trinidad4-768x511.jpg 768w, https:\/\/www.oaxaca.gob.mx\/comunicacion\/wp-content\/uploads\/sites\/28\/2020\/03\/La-trinidad4.jpg 960w\" sizes=\"auto, (max-width: 300px) 100vw, 300px\" \/><\/a>\n\t\t\t<\/dt><\/dl><br style=\"clear: both\" \/><dl class='gallery-item'>\n\t\t\t<dt class='gallery-icon landscape'>\n\t\t\t\t<a href='https:\/\/www.oaxaca.gob.mx\/comunicacion\/reune-adriana-aguilar-a-40-autoridades-municipales-en-audiencia-publica\/la-trinidad5\/'><img loading=\"lazy\" decoding=\"async\" width=\"300\" height=\"200\" src=\"https:\/\/www.oaxaca.gob.mx\/comunicacion\/wp-content\/uploads\/sites\/28\/2020\/03\/La-trinidad5-300x200.jpg\" class=\"attachment-medium size-medium\" alt=\"\" srcset=\"https:\/\/www.oaxaca.gob.mx\/comunicacion\/wp-content\/uploads\/sites\/28\/2020\/03\/La-trinidad5-300x200.jpg 300w, https:\/\/www.oaxaca.gob.mx\/comunicacion\/wp-content\/uploads\/sites\/28\/2020\/03\/La-trinidad5-768x512.jpg 768w, https:\/\/www.oaxaca.gob.mx\/comunicacion\/wp-content\/uploads\/sites\/28\/2020\/03\/La-trinidad5.jpg 960w\" sizes=\"auto, (max-width: 300px) 100vw, 300px\" \/><\/a>\n\t\t\t<\/dt><\/dl><dl class='gallery-item'>\n\t\t\t<dt class='gallery-icon landscape'>\n\t\t\t\t<a href='https:\/\/www.oaxaca.gob.mx\/comunicacion\/reune-adriana-aguilar-a-40-autoridades-municipales-en-audiencia-publica\/la-trinidad6\/'><img loading=\"lazy\" decoding=\"async\" width=\"300\" height=\"200\" src=\"https:\/\/www.oaxaca.gob.mx\/comunicacion\/wp-content\/uploads\/sites\/28\/2020\/03\/La-trinidad6-300x200.jpg\" class=\"attachment-medium size-medium\" alt=\"\" srcset=\"https:\/\/www.oaxaca.gob.mx\/comunicacion\/wp-content\/uploads\/sites\/28\/2020\/03\/La-trinidad6-300x200.jpg 300w, https:\/\/www.oaxaca.gob.mx\/comunicacion\/wp-content\/uploads\/sites\/28\/2020\/03\/La-trinidad6-768x512.jpg 768w, https:\/\/www.oaxaca.gob.mx\/comunicacion\/wp-content\/uploads\/sites\/28\/2020\/03\/La-trinidad6.jpg 960w\" sizes=\"auto, (max-width: 300px) 100vw, 300px\" \/><\/a>\n\t\t\t<\/dt><\/dl><dl class='gallery-item'>\n\t\t\t<dt class='gallery-icon landscape'>\n\t\t\t\t<a href='https:\/\/www.oaxaca.gob.mx\/comunicacion\/reune-adriana-aguilar-a-40-autoridades-municipales-en-audiencia-publica\/la-trinidad8\/'><img loading=\"lazy\" decoding=\"async\" width=\"300\" height=\"200\" src=\"https:\/\/www.oaxaca.gob.mx\/comunicacion\/wp-content\/uploads\/sites\/28\/2020\/03\/La-trinidad8-300x200.jpg\" class=\"attachment-medium size-medium\" alt=\"\" srcset=\"https:\/\/www.oaxaca.gob.mx\/comunicacion\/wp-content\/uploads\/sites\/28\/2020\/03\/La-trinidad8-300x200.jpg 300w, https:\/\/www.oaxaca.gob.mx\/comunicacion\/wp-content\/uploads\/sites\/28\/2020\/03\/La-trinidad8-768x511.jpg 768w, https:\/\/www.oaxaca.gob.mx\/comunicacion\/wp-content\/uploads\/sites\/28\/2020\/03\/La-trinidad8.jpg 960w\" sizes=\"auto, (max-width: 300px) 100vw, 300px\" \/><\/a>\n\t\t\t<\/dt><\/dl><br style=\"clear: both\" \/>\n\t\t<\/div>\n\n<p><strong>\u00a0<\/strong><\/p>\n<ul>\n<li>Esta reuni\u00f3n form\u00f3 parte de la Audiencia P\u00fablica Cultural en La Trinidad, Vista Hermosa, Distrito de Teposcolula<\/li>\n<\/ul>\n<p><strong>Oaxaca de Ju\u00e1rez, Oax. 28 de febrero de 2020.-\u00a0<\/strong>Como parte de las actividades programadas de la Audiencia P\u00fablica Cultural realizada en La Trinidad, Vista Hermosa, Teposcolula; la titular de la Secretar\u00eda de las Culturas y Artes de Oaxaca (Seculta), Adriana Aguilar Escobar se reuni\u00f3n con 40 autoridades municipales y promotores culturales de la regi\u00f3n de la Mixteca.<\/p>\n<p>Esta audiencia p\u00fablica es la primera del 2020, donde la ciudadan\u00eda oaxaque\u00f1a conoci\u00f3 las actividades que realiza la Seculta, as\u00ed como convocatorias donde pueda participar la comunidad art\u00edstica de dicha regi\u00f3n.<\/p>\n<p>En esta reuni\u00f3n se capacitaron a responsables de casas de cultura y distintas autoridades municipales de Concepci\u00f3n Buena Vista; Tepelmeme Villa de Morelos; Santiago Magdalena Jicotl\u00e1n, San Miguel Tulancingo, Tlacotepec Plumas, Villa de Tamazulapam; la Agencia de polic\u00eda de El Progreso; La Luz Teotongo; El Tecomate; Huajuapan de Le\u00f3n, San Pedro Yucunama.<\/p>\n<p>As\u00ed como de San Miguel Tulancingo, San Pedro Chayuco, Juxtlahuaca; Tejupam de la Uni\u00f3n, Tamazulapam del Progreso, de la Agencia de Polic\u00eda La Matanza y de Santiago Tepetlapa.<\/p>\n<p>El presidente municipal de La Trinidad Vista Hermosa, Sergio\u00a0 Hern\u00e1ndez Lara, dio la bienvenida a la titular de la Seculta y a su equipo, \u00a0y agradeci\u00f3 la presencia del presidente de la Comisi\u00f3n de Cultura de la LXIV Legislatura del Honorable Congreso del Estado de Oaxaca, Alejandro L\u00f3pez Bravo, por la atenci\u00f3n a su comunidad. Hern\u00e1ndez Lara reconoci\u00f3 que la capacitaci\u00f3n \u201cnos servir\u00e1 de mucho para beneficio de nuestra comunidad\u201d.<\/p>\n<p>Por su parte, la titular de la Seculta, Adriana Aguilar Escobar, detall\u00f3 todos los servicios que brinda la Secretar\u00eda, adem\u00e1s inform\u00f3 de manera particular las convocatorias a las que pueden acceder para fomentar la cultura en sus comunidades. \u201cVenimos a compartirles lo que hacemos, poderles acercarles los programas, para que tengan una idea m\u00e1s clara de qu\u00e9 cosas pueden solicitar\u201d, detall\u00f3.<\/p>\n<p>\u201cLo dije y lo repito, es nuestra obligaci\u00f3n que la cultura llegu\u00e9 a todas partes\u201d, apunt\u00f3.<\/p>\n<p>En su intervenci\u00f3n el diputado L\u00f3pez Bravo, agradeci\u00f3 la convocatoria de los Presidentes Municipales y de actores culturales de la regi\u00f3n, reconoci\u00f3 a la Seculta y a su titular por acercar la informaci\u00f3n de los servicios y convocatorias. \u201cAgradezco al equipo de trabajo de la Secretar\u00eda de Cultura, que dar\u00e1 direcci\u00f3n a los trabajos, para que sepan los tiempos y las formas, c\u00f3mo, cu\u00e1ndo y d\u00f3nde deben entregar su informaci\u00f3n para acceder a las convocatorias\u201d, apunt\u00f3.<\/p>\n<p>En esta audiencia p\u00fablica se entregaron 30 colecciones de libros a igual n\u00famero de localidades y agencias municipales; conteniendo 4 mil 500 vol\u00famenes entre libros, material did\u00e1ctico y l\u00fadico.<\/p>\n<p style=\"text-align: center\">-0-<\/p>\n<div class=\"yj6qo\"><\/div>\n<div class=\"adL\"><\/div>\n<\/div>\n<div class=\"adL\"><\/div>\n<\/div>\n<\/div>\n<div id=\":ra\" class=\"hq gt\"><\/div>\n","protected":false},"excerpt":{"rendered":"<p>\u00a0 Esta reuni\u00f3n form\u00f3 parte de la Audiencia P\u00fablica Cultural en La Trinidad, Vista Hermosa, Distrito de Teposcolula Oaxaca de Ju\u00e1rez, Oax. 28 de febrero de 2020.-\u00a0Como parte de las actividades programadas de la Audiencia P\u00fablica Cultural realizada en La Trinidad, Vista Hermosa, Teposcolula; la titular de la Secretar\u00eda de las Culturas y Artes de [&hellip;]<\/p>\n","protected":false},"author":35,"featured_media":51454,"comment_status":"open","ping_status":"open","sticky":false,"template":"","format":"standard","meta":{"episode_type":"","audio_file":"","podmotor_file_id":"","podmotor_episode_id":"","cover_image":"","cover_image_id":"","duration":"","filesize":"","filesize_raw":"","date_recorded":"","explicit":"","block":"","itunes_episode_number":"","itunes_title":"","itunes_season_number":"","itunes_episode_type":"","footnotes":""},"categories":[8],"tags":[371],"class_list":["post-51448","post","type-post","status-publish","format-standard","has-post-thumbnail","hentry","category-noticias","tag-seculta"],"acf":[],"publishpress_future_action":{"enabled":false,"date":"2026-05-03 11:34:08","action":"change-status","newStatus":"draft","terms":[],"taxonomy":"category","extraData":[]},"publishpress_future_workflow_manual_trigger":{"enabledWorkflows":[]},"_links":{"self":[{"href":"https:\/\/www.oaxaca.gob.mx\/comunicacion\/wp-json\/wp\/v2\/posts\/51448","targetHints":{"allow":["GET"]}}],"collection":[{"href":"https:\/\/www.oaxaca.gob.mx\/comunicacion\/wp-json\/wp\/v2\/posts"}],"about":[{"href":"https:\/\/www.oaxaca.gob.mx\/comunicacion\/wp-json\/wp\/v2\/types\/post"}],"author":[{"embeddable":true,"href":"https:\/\/www.oaxaca.gob.mx\/comunicacion\/wp-json\/wp\/v2\/users\/35"}],"replies":[{"embeddable":true,"href":"https:\/\/www.oaxaca.gob.mx\/comunicacion\/wp-json\/wp\/v2\/comments?post=51448"}],"version-history":[{"count":1,"href":"https:\/\/www.oaxaca.gob.mx\/comunicacion\/wp-json\/wp\/v2\/posts\/51448\/revisions"}],"predecessor-version":[{"id":51456,"href":"https:\/\/www.oaxaca.gob.mx\/comunicacion\/wp-json\/wp\/v2\/posts\/51448\/revisions\/51456"}],"wp:featuredmedia":[{"embeddable":true,"href":"https:\/\/www.oaxaca.gob.mx\/comunicacion\/wp-json\/wp\/v2\/media\/51454"}],"wp:attachment":[{"href":"https:\/\/www.oaxaca.gob.mx\/comunicacion\/wp-json\/wp\/v2\/media?parent=51448"}],"wp:term":[{"taxonomy":"category","embeddable":true,"href":"https:\/\/www.oaxaca.gob.mx\/comunicacion\/wp-json\/wp\/v2\/categories?post=51448"},{"taxonomy":"post_tag","embeddable":true,"href":"https:\/\/www.oaxaca.gob.mx\/comunicacion\/wp-json\/wp\/v2\/tags?post=51448"}],"curies":[{"name":"wp","href":"https:\/\/api.w.org\/{rel}","templated":true}]}}