{"id":50848,"date":"2020-02-25T20:54:20","date_gmt":"2020-02-26T02:54:20","guid":{"rendered":"https:\/\/www.oaxaca.gob.mx\/comunicacion\/?p=50848"},"modified":"2020-02-26T10:32:52","modified_gmt":"2020-02-26T16:32:52","slug":"seguimos-impulsando-el-recate-de-espacios-publicos-en-las-8-regiones-del-estado","status":"publish","type":"post","link":"https:\/\/www.oaxaca.gob.mx\/comunicacion\/seguimos-impulsando-el-recate-de-espacios-publicos-en-las-8-regiones-del-estado\/","title":{"rendered":"Seguimos impulsando el recate de espacios p\u00fablicos en las 8 regiones del estado"},"content":{"rendered":"\n\t\t<style type=\"text\/css\">\n\t\t\t#gallery-1 {\n\t\t\t\tmargin: auto;\n\t\t\t}\n\t\t\t#gallery-1 .gallery-item {\n\t\t\t\tfloat: left;\n\t\t\t\tmargin-top: 10px;\n\t\t\t\ttext-align: center;\n\t\t\t\twidth: 33%;\n\t\t\t}\n\t\t\t#gallery-1 img {\n\t\t\t\tborder: 2px solid #cfcfcf;\n\t\t\t}\n\t\t\t#gallery-1 .gallery-caption {\n\t\t\t\tmargin-left: 0;\n\t\t\t}\n\t\t\t\/* see gallery_shortcode() in wp-includes\/media.php *\/\n\t\t<\/style>\n\t\t<div id='gallery-1' class='gallery galleryid-50848 gallery-columns-3 gallery-size-medium'><dl class='gallery-item'>\n\t\t\t<dt class='gallery-icon landscape'>\n\t\t\t\t<a href='https:\/\/www.oaxaca.gob.mx\/comunicacion\/seguimos-impulsando-el-recate-de-espacios-publicos-en-las-8-regiones-del-estado\/dif-1-35\/'><img loading=\"lazy\" decoding=\"async\" width=\"300\" height=\"200\" src=\"https:\/\/www.oaxaca.gob.mx\/comunicacion\/wp-content\/uploads\/sites\/28\/2020\/02\/DIF-1-5-300x200.jpeg\" class=\"attachment-medium size-medium\" alt=\"\" srcset=\"https:\/\/www.oaxaca.gob.mx\/comunicacion\/wp-content\/uploads\/sites\/28\/2020\/02\/DIF-1-5-300x200.jpeg 300w, https:\/\/www.oaxaca.gob.mx\/comunicacion\/wp-content\/uploads\/sites\/28\/2020\/02\/DIF-1-5-1024x682.jpeg 1024w, https:\/\/www.oaxaca.gob.mx\/comunicacion\/wp-content\/uploads\/sites\/28\/2020\/02\/DIF-1-5-768x512.jpeg 768w, https:\/\/www.oaxaca.gob.mx\/comunicacion\/wp-content\/uploads\/sites\/28\/2020\/02\/DIF-1-5.jpeg 1280w\" sizes=\"auto, (max-width: 300px) 100vw, 300px\" \/><\/a>\n\t\t\t<\/dt><\/dl><dl class='gallery-item'>\n\t\t\t<dt class='gallery-icon landscape'>\n\t\t\t\t<a href='https:\/\/www.oaxaca.gob.mx\/comunicacion\/seguimos-impulsando-el-recate-de-espacios-publicos-en-las-8-regiones-del-estado\/dif-2-29\/'><img loading=\"lazy\" decoding=\"async\" width=\"300\" height=\"200\" src=\"https:\/\/www.oaxaca.gob.mx\/comunicacion\/wp-content\/uploads\/sites\/28\/2020\/02\/DIF-2-4-300x200.jpeg\" class=\"attachment-medium size-medium\" alt=\"\" srcset=\"https:\/\/www.oaxaca.gob.mx\/comunicacion\/wp-content\/uploads\/sites\/28\/2020\/02\/DIF-2-4-300x200.jpeg 300w, https:\/\/www.oaxaca.gob.mx\/comunicacion\/wp-content\/uploads\/sites\/28\/2020\/02\/DIF-2-4-1024x683.jpeg 1024w, https:\/\/www.oaxaca.gob.mx\/comunicacion\/wp-content\/uploads\/sites\/28\/2020\/02\/DIF-2-4-768x512.jpeg 768w, https:\/\/www.oaxaca.gob.mx\/comunicacion\/wp-content\/uploads\/sites\/28\/2020\/02\/DIF-2-4.jpeg 1078w\" sizes=\"auto, (max-width: 300px) 100vw, 300px\" \/><\/a>\n\t\t\t<\/dt><\/dl><dl class='gallery-item'>\n\t\t\t<dt class='gallery-icon landscape'>\n\t\t\t\t<a href='https:\/\/www.oaxaca.gob.mx\/comunicacion\/seguimos-impulsando-el-recate-de-espacios-publicos-en-las-8-regiones-del-estado\/dif-3-29\/'><img loading=\"lazy\" decoding=\"async\" width=\"300\" height=\"200\" src=\"https:\/\/www.oaxaca.gob.mx\/comunicacion\/wp-content\/uploads\/sites\/28\/2020\/02\/DIF-3-5-300x200.jpeg\" class=\"attachment-medium size-medium\" alt=\"\" srcset=\"https:\/\/www.oaxaca.gob.mx\/comunicacion\/wp-content\/uploads\/sites\/28\/2020\/02\/DIF-3-5-300x200.jpeg 300w, https:\/\/www.oaxaca.gob.mx\/comunicacion\/wp-content\/uploads\/sites\/28\/2020\/02\/DIF-3-5-1024x682.jpeg 1024w, https:\/\/www.oaxaca.gob.mx\/comunicacion\/wp-content\/uploads\/sites\/28\/2020\/02\/DIF-3-5-768x512.jpeg 768w, https:\/\/www.oaxaca.gob.mx\/comunicacion\/wp-content\/uploads\/sites\/28\/2020\/02\/DIF-3-5.jpeg 1280w\" sizes=\"auto, (max-width: 300px) 100vw, 300px\" \/><\/a>\n\t\t\t<\/dt><\/dl><br style=\"clear: both\" \/><dl class='gallery-item'>\n\t\t\t<dt class='gallery-icon landscape'>\n\t\t\t\t<a href='https:\/\/www.oaxaca.gob.mx\/comunicacion\/seguimos-impulsando-el-recate-de-espacios-publicos-en-las-8-regiones-del-estado\/dif-4-25\/'><img loading=\"lazy\" decoding=\"async\" width=\"300\" height=\"200\" src=\"https:\/\/www.oaxaca.gob.mx\/comunicacion\/wp-content\/uploads\/sites\/28\/2020\/02\/DIF-4-2-300x200.jpeg\" class=\"attachment-medium size-medium\" alt=\"\" srcset=\"https:\/\/www.oaxaca.gob.mx\/comunicacion\/wp-content\/uploads\/sites\/28\/2020\/02\/DIF-4-2-300x200.jpeg 300w, https:\/\/www.oaxaca.gob.mx\/comunicacion\/wp-content\/uploads\/sites\/28\/2020\/02\/DIF-4-2-768x512.jpeg 768w, https:\/\/www.oaxaca.gob.mx\/comunicacion\/wp-content\/uploads\/sites\/28\/2020\/02\/DIF-4-2.jpeg 940w\" sizes=\"auto, (max-width: 300px) 100vw, 300px\" \/><\/a>\n\t\t\t<\/dt><\/dl><dl class='gallery-item'>\n\t\t\t<dt class='gallery-icon landscape'>\n\t\t\t\t<a href='https:\/\/www.oaxaca.gob.mx\/comunicacion\/seguimos-impulsando-el-recate-de-espacios-publicos-en-las-8-regiones-del-estado\/dif-5-18\/'><img loading=\"lazy\" decoding=\"async\" width=\"300\" height=\"200\" src=\"https:\/\/www.oaxaca.gob.mx\/comunicacion\/wp-content\/uploads\/sites\/28\/2020\/02\/DIF-5-4-300x200.jpeg\" class=\"attachment-medium size-medium\" alt=\"\" srcset=\"https:\/\/www.oaxaca.gob.mx\/comunicacion\/wp-content\/uploads\/sites\/28\/2020\/02\/DIF-5-4-300x200.jpeg 300w, https:\/\/www.oaxaca.gob.mx\/comunicacion\/wp-content\/uploads\/sites\/28\/2020\/02\/DIF-5-4-1024x682.jpeg 1024w, https:\/\/www.oaxaca.gob.mx\/comunicacion\/wp-content\/uploads\/sites\/28\/2020\/02\/DIF-5-4-768x512.jpeg 768w, https:\/\/www.oaxaca.gob.mx\/comunicacion\/wp-content\/uploads\/sites\/28\/2020\/02\/DIF-5-4.jpeg 1280w\" sizes=\"auto, (max-width: 300px) 100vw, 300px\" \/><\/a>\n\t\t\t<\/dt><\/dl>\n\t\t\t<br style='clear: both' \/>\n\t\t<\/div>\n\n<p><strong>Santo Domingo Zanatepec, Oax. 25 de febrero del 2020.-<\/strong>\u00a0Continuando con la gira de trabajo por el estado, personal del Sistema Estatal DIF Oaxaca, visit\u00f3 los municipios de Santo Domingo Zanatepec y San Pedro Tapanatepec, en la zona oriente de la regi\u00f3n del Istmo de Tehuantepec.<\/p>\n<p>En su visita por Santo Domingo Zanatepec, la delegada regional de este organismo asistencial en la regi\u00f3n del istmo, Argelia L\u00e1zaro Jim\u00e9nez, acompa\u00f1ada por personal de las diferentes dependencias que conforman el gobierno del estado, fue recibida por la presidenta municipal Adelma N\u00fa\u00f1ez Geronimo e integrantes del ayuntamiento.<\/p>\n<p>Las autoridades estatales y municipales inauguraron un parque infantil incluyente,<\/p>\n<p>con lo que las familias de este municipio tendr\u00e1n un espacio digno y gratuito para su sano esparcimiento. El monto total de inversi\u00f3n en esta gira de trabajo fue superior a los 500 mil pesos.<\/p>\n<p>La presidenta municipal Adelma N\u00fa\u00f1ez Geronimo, mencion\u00f3 la importancia de trabajar coordinadamente entre autoridades, toda vez que los municipios tienen la posibilidad de seguir gestionando obras y asistencia social para sus habitantes. Adem\u00e1s, resalt\u00f3: \u00ab&lt;&lt;Esta entrega es muy importante para nuestra comunidad ya que nos une como sociedad y genera esa sana convivencia entre ni\u00f1as y ni\u00f1os. Lleven nuestro mensaje a la se\u00f1ora Ivette, que en Zanatepec le estamos eternamente agradecidos&gt;&gt;\u00bb.<\/p>\n<p>Por su parte, Argelia L\u00e1zaro Jim\u00e9nez, extern\u00f3 a todas y todos los saludos de la presidenta honoraria del Sistema Estatal DIF Oaxaca, Ivette Mor\u00e1n de Murat, adem\u00e1s, reiter\u00f3 todo el apoyo del equipo del DIF Oaxaca a las familias de Zanatepec. En este sentido, se\u00f1al\u00f3: \u00ab&lt;&lt;El d\u00eda de hoy nos encontramos parte del gabinete social, cumpliendo uno de los compromisos de nuestro gobernador Alejandro Murat Hinojosa, el de recorrer los municipios del estado. Con la entrega de este parque infantil incluyente, las familias de Zanatepec se benefician, pues las ni\u00f1as y los ni\u00f1os tendr\u00e1n un lugar de esparcimiento&gt;\u00bb\u00bb.<\/p>\n<p>Nadxielly Guadalupe Cacique N\u00fa\u00f1ez, presidenta del comit\u00e9 DIF municipal, agradeci\u00f3 la visita del equipo del DIF Oaxaca, as\u00ed como los apoyos brindados el d\u00eda de hoy. En este sentido, mencion\u00f3: \u00ab&lt;&lt;Gracias por acompa\u00f1arnos y hacer realidad este sue\u00f1o. Agradecemos al gobernador del estado Alejandro Murat Hinojosa, y su esposa, Ivette Mor\u00e1n de Murat, por hacer posible y realidad todas nuestras gestiones.&gt;&gt;\u00bb<\/p>\n<p>Por otra parte, integrantes del equipo del DIF Oaxaca visitaron el municipio de San Pedro Tapanatepec. Ah\u00ed, inauguraron un parque infantil incluyente, adem\u00e1s de entregar diversos apoyos a la poblaci\u00f3n. En este municipio, la inversi\u00f3n total fue de casi 500 mil pesos, con lo que se reitera el compromiso de esta administraci\u00f3n de velar por las familias oaxaque\u00f1as.<\/p>\n<p>\u00a1Juntos y en Familia, S\u00ed Podemos!<\/p>\n","protected":false},"excerpt":{"rendered":"<p>Santo Domingo Zanatepec, Oax. 25 de febrero del 2020.-\u00a0Continuando con la gira de trabajo por el estado, personal del Sistema Estatal DIF Oaxaca, visit\u00f3 los municipios de Santo Domingo Zanatepec y San Pedro Tapanatepec, en la zona oriente de la regi\u00f3n del Istmo de Tehuantepec. En su visita por Santo Domingo Zanatepec, la delegada regional [&hellip;]<\/p>\n","protected":false},"author":34,"featured_media":0,"comment_status":"open","ping_status":"open","sticky":false,"template":"","format":"standard","meta":{"episode_type":"","audio_file":"","podmotor_file_id":"","podmotor_episode_id":"","cover_image":"","cover_image_id":"","duration":"","filesize":"","filesize_raw":"","date_recorded":"","explicit":"","block":"","itunes_episode_number":"","itunes_title":"","itunes_season_number":"","itunes_episode_type":"","footnotes":""},"categories":[8,1],"tags":[175],"class_list":["post-50848","post","type-post","status-publish","format-standard","hentry","category-noticias","category-sin-categoria","tag-dif"],"acf":[],"publishpress_future_action":{"enabled":false,"date":"2026-05-04 10:59:16","action":"change-status","newStatus":"draft","terms":[],"taxonomy":"category","extraData":[]},"publishpress_future_workflow_manual_trigger":{"enabledWorkflows":[]},"_links":{"self":[{"href":"https:\/\/www.oaxaca.gob.mx\/comunicacion\/wp-json\/wp\/v2\/posts\/50848","targetHints":{"allow":["GET"]}}],"collection":[{"href":"https:\/\/www.oaxaca.gob.mx\/comunicacion\/wp-json\/wp\/v2\/posts"}],"about":[{"href":"https:\/\/www.oaxaca.gob.mx\/comunicacion\/wp-json\/wp\/v2\/types\/post"}],"author":[{"embeddable":true,"href":"https:\/\/www.oaxaca.gob.mx\/comunicacion\/wp-json\/wp\/v2\/users\/34"}],"replies":[{"embeddable":true,"href":"https:\/\/www.oaxaca.gob.mx\/comunicacion\/wp-json\/wp\/v2\/comments?post=50848"}],"version-history":[{"count":1,"href":"https:\/\/www.oaxaca.gob.mx\/comunicacion\/wp-json\/wp\/v2\/posts\/50848\/revisions"}],"predecessor-version":[{"id":50854,"href":"https:\/\/www.oaxaca.gob.mx\/comunicacion\/wp-json\/wp\/v2\/posts\/50848\/revisions\/50854"}],"wp:attachment":[{"href":"https:\/\/www.oaxaca.gob.mx\/comunicacion\/wp-json\/wp\/v2\/media?parent=50848"}],"wp:term":[{"taxonomy":"category","embeddable":true,"href":"https:\/\/www.oaxaca.gob.mx\/comunicacion\/wp-json\/wp\/v2\/categories?post=50848"},{"taxonomy":"post_tag","embeddable":true,"href":"https:\/\/www.oaxaca.gob.mx\/comunicacion\/wp-json\/wp\/v2\/tags?post=50848"}],"curies":[{"name":"wp","href":"https:\/\/api.w.org\/{rel}","templated":true}]}}