{"id":50078,"date":"2020-02-12T13:37:40","date_gmt":"2020-02-12T19:37:40","guid":{"rendered":"https:\/\/www.oaxaca.gob.mx\/comunicacion\/?p=50078"},"modified":"2020-02-13T09:42:46","modified_gmt":"2020-02-13T15:42:46","slug":"detienen-a-cinco-mototaxis-por-ofrecer-el-servicio-de-transporte-publico-de-manera-ilegal","status":"publish","type":"post","link":"https:\/\/www.oaxaca.gob.mx\/comunicacion\/detienen-a-cinco-mototaxis-por-ofrecer-el-servicio-de-transporte-publico-de-manera-ilegal\/","title":{"rendered":"Detienen a cinco mototaxis por ofrecer el servicio de  transporte p\u00fablico de manera ilegal"},"content":{"rendered":"\n\t\t<style type=\"text\/css\">\n\t\t\t#gallery-1 {\n\t\t\t\tmargin: auto;\n\t\t\t}\n\t\t\t#gallery-1 .gallery-item {\n\t\t\t\tfloat: left;\n\t\t\t\tmargin-top: 10px;\n\t\t\t\ttext-align: center;\n\t\t\t\twidth: 25%;\n\t\t\t}\n\t\t\t#gallery-1 img {\n\t\t\t\tborder: 2px solid #cfcfcf;\n\t\t\t}\n\t\t\t#gallery-1 .gallery-caption {\n\t\t\t\tmargin-left: 0;\n\t\t\t}\n\t\t\t\/* see gallery_shortcode() in wp-includes\/media.php *\/\n\t\t<\/style>\n\t\t<div id='gallery-1' class='gallery galleryid-50078 gallery-columns-4 gallery-size-thumbnail'><dl class='gallery-item'>\n\t\t\t<dt class='gallery-icon portrait'>\n\t\t\t\t<a href='https:\/\/www.oaxaca.gob.mx\/comunicacion\/detienen-a-cinco-mototaxis-por-ofrecer-el-servicio-de-transporte-publico-de-manera-ilegal\/mototaxis-detenidas-2\/'><img loading=\"lazy\" decoding=\"async\" width=\"150\" height=\"150\" src=\"https:\/\/www.oaxaca.gob.mx\/comunicacion\/wp-content\/uploads\/sites\/28\/2020\/02\/MOTOTAXIS-DETENIDAS-2-150x150.jpeg\" class=\"attachment-thumbnail size-thumbnail\" alt=\"\" \/><\/a>\n\t\t\t<\/dt><\/dl><dl class='gallery-item'>\n\t\t\t<dt class='gallery-icon portrait'>\n\t\t\t\t<a href='https:\/\/www.oaxaca.gob.mx\/comunicacion\/detienen-a-cinco-mototaxis-por-ofrecer-el-servicio-de-transporte-publico-de-manera-ilegal\/mototaxis-detenidas-3\/'><img loading=\"lazy\" decoding=\"async\" width=\"150\" height=\"150\" src=\"https:\/\/www.oaxaca.gob.mx\/comunicacion\/wp-content\/uploads\/sites\/28\/2020\/02\/MOTOTAXIS-DETENIDAS-3-150x150.jpeg\" class=\"attachment-thumbnail size-thumbnail\" alt=\"\" \/><\/a>\n\t\t\t<\/dt><\/dl><dl class='gallery-item'>\n\t\t\t<dt class='gallery-icon portrait'>\n\t\t\t\t<a href='https:\/\/www.oaxaca.gob.mx\/comunicacion\/detienen-a-cinco-mototaxis-por-ofrecer-el-servicio-de-transporte-publico-de-manera-ilegal\/mototaxis-detenidas-4\/'><img loading=\"lazy\" decoding=\"async\" width=\"150\" height=\"150\" src=\"https:\/\/www.oaxaca.gob.mx\/comunicacion\/wp-content\/uploads\/sites\/28\/2020\/02\/MOTOTAXIS-DETENIDAS-4-150x150.jpeg\" class=\"attachment-thumbnail size-thumbnail\" alt=\"\" \/><\/a>\n\t\t\t<\/dt><\/dl><dl class='gallery-item'>\n\t\t\t<dt class='gallery-icon landscape'>\n\t\t\t\t<a href='https:\/\/www.oaxaca.gob.mx\/comunicacion\/detienen-a-cinco-mototaxis-por-ofrecer-el-servicio-de-transporte-publico-de-manera-ilegal\/operativo-cerro-del-fortin\/'><img loading=\"lazy\" decoding=\"async\" width=\"150\" height=\"150\" src=\"https:\/\/www.oaxaca.gob.mx\/comunicacion\/wp-content\/uploads\/sites\/28\/2020\/02\/OPERATIVO-CERRO-DEL-FORT\u00cdN-150x150.jpeg\" class=\"attachment-thumbnail size-thumbnail\" alt=\"\" \/><\/a>\n\t\t\t<\/dt><\/dl><br style=\"clear: both\" \/>\n\t\t<\/div>\n\n<ul>\n<li>Al interior de uno de los veh\u00edculos revisados se encontraron armas blancas<\/li>\n<\/ul>\n<p><strong>Oaxaca de Ju\u00e1rez, Oax. 12 de febrero 2020.-<\/strong>\u00a0En operativo conjunto con la Polic\u00eda Vial Estatal y la Secretar\u00eda de Movilidad (Semovi), fueron retiradas de circulaci\u00f3n cinco unidades de mototaxis que prestaban el servicio de transporte p\u00fablico de manera ilegal; las cuales no contaban con la documentaci\u00f3n correspondiente (concesi\u00f3n, placas, tarjeta de circulaci\u00f3n, p\u00f3liza de seguro y licencia de manejo).<\/p>\n<p>Estas acciones son el resultado de un dispositivo de seguridad y vigilancia al transporte concesionado, realizado la noche de este martes sobre el bulevar Ignacio Bernal, en la agencia municipal de Montoya, donde adem\u00e1s en el interior de uno de los veh\u00edculos revisados se encontraron armas blancas.<\/p>\n<p>Ante tal situaci\u00f3n los elementos de la Polic\u00eda Vial Estatal levantaron el parte oficial correspondiente, en tanto las unidades de motor quedaron a disposici\u00f3n de la Semovi.<\/p>\n<p>Estos resultados se suman a los obtenidos la ma\u00f1ana de este mismo martes, durante el operativo de control al transporte p\u00fablico que se implement\u00f3 en la Calzada Madero y en la Carretera Internacional 190, donde fueron detenidas nueve unidades de motor, por no contar con la crom\u00e1tica correspondiente y presentar tarjeta de circulaci\u00f3n y licencia vencida.<\/p>\n<p>Entre los veh\u00edculos que quedaron a disposici\u00f3n de la Semovi, se encuentran cuatro mototaxis que circulaban fuera de ruta, en inmediaciones del Cerro del Fort\u00edn.<\/p>\n<p>Cabe resaltar que estos operativos forman parte de la pol\u00edtica de cero tolerancia contra el transporte ilegal, que implementa el Gobierno del Estado, para garantizar a las y los usuarios un transporte seguro.<\/p>\n<p>Con estas acciones, las autoridades verifican el estado f\u00edsico y mec\u00e1nico de los veh\u00edculos de motor; se realiza la revisi\u00f3n de los documentos vigentes, a fin de garantizar la seguridad de las personas usuarias a bordo de las unidades, tales como la p\u00f3liza de seguro, concesi\u00f3n, licencia de conducir vigentes, placas y tarjeta de circulaci\u00f3n.<\/p>\n<p>Asimismo se inspecciona que el transporte p\u00fablico ostente la Norma Crom\u00e1tica; es decir, que cumplan con los elementos de identidad como el N\u00famero \u00danico de Concesionario (NUC) que es el n\u00famero con el que las usuarias y los usuarios pueden identificar al transporte y el color con el que est\u00e9 rotulado el veh\u00edculo que corresponda a su modalidad y localidad en la que brindan su servicio.<\/p>\n","protected":false},"excerpt":{"rendered":"<p>Al interior de uno de los veh\u00edculos revisados se encontraron armas blancas Oaxaca de Ju\u00e1rez, Oax. 12 de febrero 2020.-\u00a0En operativo conjunto con la Polic\u00eda Vial Estatal y la Secretar\u00eda de Movilidad (Semovi), fueron retiradas de circulaci\u00f3n cinco unidades de mototaxis que prestaban el servicio de transporte p\u00fablico de manera ilegal; las cuales no contaban [&hellip;]<\/p>\n","protected":false},"author":34,"featured_media":0,"comment_status":"open","ping_status":"open","sticky":false,"template":"","format":"standard","meta":{"episode_type":"","audio_file":"","podmotor_file_id":"","podmotor_episode_id":"","cover_image":"","cover_image_id":"","duration":"","filesize":"","filesize_raw":"","date_recorded":"","explicit":"","block":"","itunes_episode_number":"","itunes_title":"","itunes_season_number":"","itunes_episode_type":"","footnotes":""},"categories":[8],"tags":[385],"class_list":["post-50078","post","type-post","status-publish","format-standard","hentry","category-noticias","tag-semovi"],"acf":[],"publishpress_future_action":{"enabled":false,"date":"2026-05-08 11:23:10","action":"change-status","newStatus":"draft","terms":[],"taxonomy":"category","extraData":[]},"publishpress_future_workflow_manual_trigger":{"enabledWorkflows":[]},"_links":{"self":[{"href":"https:\/\/www.oaxaca.gob.mx\/comunicacion\/wp-json\/wp\/v2\/posts\/50078","targetHints":{"allow":["GET"]}}],"collection":[{"href":"https:\/\/www.oaxaca.gob.mx\/comunicacion\/wp-json\/wp\/v2\/posts"}],"about":[{"href":"https:\/\/www.oaxaca.gob.mx\/comunicacion\/wp-json\/wp\/v2\/types\/post"}],"author":[{"embeddable":true,"href":"https:\/\/www.oaxaca.gob.mx\/comunicacion\/wp-json\/wp\/v2\/users\/34"}],"replies":[{"embeddable":true,"href":"https:\/\/www.oaxaca.gob.mx\/comunicacion\/wp-json\/wp\/v2\/comments?post=50078"}],"version-history":[{"count":2,"href":"https:\/\/www.oaxaca.gob.mx\/comunicacion\/wp-json\/wp\/v2\/posts\/50078\/revisions"}],"predecessor-version":[{"id":50084,"href":"https:\/\/www.oaxaca.gob.mx\/comunicacion\/wp-json\/wp\/v2\/posts\/50078\/revisions\/50084"}],"wp:attachment":[{"href":"https:\/\/www.oaxaca.gob.mx\/comunicacion\/wp-json\/wp\/v2\/media?parent=50078"}],"wp:term":[{"taxonomy":"category","embeddable":true,"href":"https:\/\/www.oaxaca.gob.mx\/comunicacion\/wp-json\/wp\/v2\/categories?post=50078"},{"taxonomy":"post_tag","embeddable":true,"href":"https:\/\/www.oaxaca.gob.mx\/comunicacion\/wp-json\/wp\/v2\/tags?post=50078"}],"curies":[{"name":"wp","href":"https:\/\/api.w.org\/{rel}","templated":true}]}}