{"id":48142,"date":"2020-01-06T16:54:32","date_gmt":"2020-01-06T22:54:32","guid":{"rendered":"https:\/\/www.oaxaca.gob.mx\/comunicacion\/?p=48142"},"modified":"2020-01-06T17:11:42","modified_gmt":"2020-01-06T23:11:42","slug":"finaliza-con-exito-el-festival-decembrino-en-oaxaca-seculta","status":"publish","type":"post","link":"https:\/\/www.oaxaca.gob.mx\/comunicacion\/finaliza-con-exito-el-festival-decembrino-en-oaxaca-seculta\/","title":{"rendered":"Finaliza con \u00e9xito el Festival Decembrino en Oaxaca: Seculta"},"content":{"rendered":"\n\t\t<style type=\"text\/css\">\n\t\t\t#gallery-1 {\n\t\t\t\tmargin: auto;\n\t\t\t}\n\t\t\t#gallery-1 .gallery-item {\n\t\t\t\tfloat: left;\n\t\t\t\tmargin-top: 10px;\n\t\t\t\ttext-align: center;\n\t\t\t\twidth: 33%;\n\t\t\t}\n\t\t\t#gallery-1 img {\n\t\t\t\tborder: 2px solid #cfcfcf;\n\t\t\t}\n\t\t\t#gallery-1 .gallery-caption {\n\t\t\t\tmargin-left: 0;\n\t\t\t}\n\t\t\t\/* see gallery_shortcode() in wp-includes\/media.php *\/\n\t\t<\/style>\n\t\t<div id='gallery-1' class='gallery galleryid-48142 gallery-columns-3 gallery-size-medium'><dl class='gallery-item'>\n\t\t\t<dt class='gallery-icon landscape'>\n\t\t\t\t<a href='https:\/\/www.oaxaca.gob.mx\/comunicacion\/finaliza-con-exito-el-festival-decembrino-en-oaxaca-seculta\/banner-decembrino-1\/'><img loading=\"lazy\" decoding=\"async\" width=\"300\" height=\"300\" src=\"https:\/\/www.oaxaca.gob.mx\/comunicacion\/wp-content\/uploads\/sites\/28\/2020\/01\/Banner-decembrino-1-300x300.jpeg\" class=\"attachment-medium size-medium\" alt=\"\" srcset=\"https:\/\/www.oaxaca.gob.mx\/comunicacion\/wp-content\/uploads\/sites\/28\/2020\/01\/Banner-decembrino-1-300x300.jpeg 300w, https:\/\/www.oaxaca.gob.mx\/comunicacion\/wp-content\/uploads\/sites\/28\/2020\/01\/Banner-decembrino-1-150x150.jpeg 150w, https:\/\/www.oaxaca.gob.mx\/comunicacion\/wp-content\/uploads\/sites\/28\/2020\/01\/Banner-decembrino-1.jpeg 720w\" sizes=\"auto, (max-width: 300px) 100vw, 300px\" \/><\/a>\n\t\t\t<\/dt><\/dl><dl class='gallery-item'>\n\t\t\t<dt class='gallery-icon landscape'>\n\t\t\t\t<a href='https:\/\/www.oaxaca.gob.mx\/comunicacion\/finaliza-con-exito-el-festival-decembrino-en-oaxaca-seculta\/banner-decembrino-2\/'><img loading=\"lazy\" decoding=\"async\" width=\"300\" height=\"300\" src=\"https:\/\/www.oaxaca.gob.mx\/comunicacion\/wp-content\/uploads\/sites\/28\/2020\/01\/Banner-decembrino-2-300x300.jpeg\" class=\"attachment-medium size-medium\" alt=\"\" srcset=\"https:\/\/www.oaxaca.gob.mx\/comunicacion\/wp-content\/uploads\/sites\/28\/2020\/01\/Banner-decembrino-2-300x300.jpeg 300w, https:\/\/www.oaxaca.gob.mx\/comunicacion\/wp-content\/uploads\/sites\/28\/2020\/01\/Banner-decembrino-2-150x150.jpeg 150w, https:\/\/www.oaxaca.gob.mx\/comunicacion\/wp-content\/uploads\/sites\/28\/2020\/01\/Banner-decembrino-2.jpeg 720w\" sizes=\"auto, (max-width: 300px) 100vw, 300px\" \/><\/a>\n\t\t\t<\/dt><\/dl><dl class='gallery-item'>\n\t\t\t<dt class='gallery-icon landscape'>\n\t\t\t\t<a href='https:\/\/www.oaxaca.gob.mx\/comunicacion\/finaliza-con-exito-el-festival-decembrino-en-oaxaca-seculta\/banner-decembrino-3\/'><img loading=\"lazy\" decoding=\"async\" width=\"300\" height=\"300\" src=\"https:\/\/www.oaxaca.gob.mx\/comunicacion\/wp-content\/uploads\/sites\/28\/2020\/01\/Banner-decembrino-3-300x300.jpeg\" class=\"attachment-medium size-medium\" alt=\"\" srcset=\"https:\/\/www.oaxaca.gob.mx\/comunicacion\/wp-content\/uploads\/sites\/28\/2020\/01\/Banner-decembrino-3-300x300.jpeg 300w, https:\/\/www.oaxaca.gob.mx\/comunicacion\/wp-content\/uploads\/sites\/28\/2020\/01\/Banner-decembrino-3-150x150.jpeg 150w, https:\/\/www.oaxaca.gob.mx\/comunicacion\/wp-content\/uploads\/sites\/28\/2020\/01\/Banner-decembrino-3.jpeg 720w\" sizes=\"auto, (max-width: 300px) 100vw, 300px\" \/><\/a>\n\t\t\t<\/dt><\/dl><br style=\"clear: both\" \/>\n\t\t<\/div>\n\n<ul>\n<li>Tuvo una participaci\u00f3n de 36 mil 346 asistentes a los 57 eventos realizados en varios municipios<\/li>\n<\/ul>\n<p><strong>Oaxaca de Ju\u00e1rez, Oax. 6 de enero de 2020.-<\/strong>\u00a0En el marco del \u201cFestival Decembrino 2019\u201d celebrado en Oaxaca capital, as\u00ed como municipios aleda\u00f1os del 12 al 30 de diciembre, la titular de la Secretar\u00eda de las Culturas y Artes de Oaxaca (Seculta), Adriana Aguilar Escobar dio a conocer los resultados del Festival Decembrino 2019.<\/p>\n<p>Se\u00f1al\u00f3 que aproximadamente 36 mil 346 personas entre oaxaque\u00f1os, visitantes nacionales y extranjeros disfrutaron de 57 actividades culturales como funciones de teatro, danza y conciertos.<\/p>\n<p>Durante casi un mes, se llevaron a cabo diversos eventos culturales, entre los que destacan 43 eventos de m\u00fasica, seis eventos de teatro, cuatro talleres de tarjetas postales dirigidos a p\u00fablico infantil y cuatro eventos de danza, beneficiando a m\u00e1s de mil artistas locales quienes estuvieron realizando sus actividades en los municipios de Oaxaca de Ju\u00e1rez, San Pablo Villa de Mitla, San Jer\u00f3nimo Tlacochahuaya y Tlacolula de Matamoros.<\/p>\n<p>Adriana Aguilar resalt\u00f3 los conciertos brindados por la banda de m\u00fasica de viento \u201cGuelaguetza\u201d, bajo la direcci\u00f3n del maestro franc\u00e9s Herv\u00e9 Brisse y del oaxaque\u00f1o C\u00e9sar Delgado en el teatro Macedonio Alcal\u00e1 de Oaxaca y en el Complejo Cultural \u201cLos Pinos\u201d donde\u00a0 ambos recintos lucieron llenos y los asistentes pudieron disfrutar de la pieza musical \u201cEl Dorado\u201d, partitura realizada ex profeso para la inauguraci\u00f3n del Festival Internacional Lille en Francia en 2019.<\/p>\n<p>As\u00ed tambi\u00e9n, los conciertos brindados a la comunidad penitenciaria de los Centros de Reinserci\u00f3n Social (Cereso) de Tanivet y Etla, para garantizar una reinserci\u00f3n social a trav\u00e9s de la cultura.<\/p>\n<p>Por otra parte, con una inversi\u00f3n de 438 mil 810 pesos, se llev\u00f3 a cabo la entrega de 35 instrumentos musicales a ni\u00f1os y j\u00f3venes de San Pedro y San Pablo Ayutla a 10 d\u00edas del robo perpetrado en su comunidad, cumpliendo con ello, la palabra ofrecida a la comunidad mixe del gobernador Alejandro Murat Hinojosa.<\/p>\n<p>De igual forma, con el apoyo de la Direcci\u00f3n General de Bibliotecas, se reforzaron 219 bibliotecas, lo que representa 76 mil 500 nuevos vol\u00famenes bibliogr\u00e1ficos. Los tr\u00e1mites iniciaron el a\u00f1o pasado para 51 nuevas bibliotecas y en diciembre se aperturaron cinco y cada una recibir\u00e1 mil 500 libros.<\/p>\n<p>Por \u00faltimo, el Programa PACMYC, durante los \u00faltimos tres a\u00f1os ha financiado 186 proyectos municipales de rescate a la cultura popular e ind\u00edgena con un monto de 12 millones. En el 2019, con el apoyo de la Fundaci\u00f3n Alfredo Harp Hel\u00fa, recurso federal y recurso estatal, Oaxaca logr\u00f3 el mayor monto a nivel nacional con 7 millones 035 mil pesos, apoyando a 84 proyectos.<\/p>\n<p>Al momento se han depositado el 50% de los recursos por parte de Secretar\u00eda de Finanzas y durante este mes de enero se entregar\u00e1 el restante.<\/p>\n","protected":false},"excerpt":{"rendered":"<p>Tuvo una participaci\u00f3n de 36 mil 346 asistentes a los 57 eventos realizados en varios municipios Oaxaca de Ju\u00e1rez, Oax. 6 de enero de 2020.-\u00a0En el marco del \u201cFestival Decembrino 2019\u201d celebrado en Oaxaca capital, as\u00ed como municipios aleda\u00f1os del 12 al 30 de diciembre, la titular de la Secretar\u00eda de las Culturas y Artes [&hellip;]<\/p>\n","protected":false},"author":38,"featured_media":48144,"comment_status":"open","ping_status":"open","sticky":false,"template":"","format":"standard","meta":{"episode_type":"","audio_file":"","podmotor_file_id":"","podmotor_episode_id":"","cover_image":"","cover_image_id":"","duration":"","filesize":"","filesize_raw":"","date_recorded":"","explicit":"","block":"","itunes_episode_number":"","itunes_title":"","itunes_season_number":"","itunes_episode_type":"","footnotes":""},"categories":[8],"tags":[371],"class_list":["post-48142","post","type-post","status-publish","format-standard","has-post-thumbnail","hentry","category-noticias","tag-seculta"],"acf":[],"publishpress_future_action":{"enabled":false,"date":"2026-05-10 10:23:40","action":"change-status","newStatus":"draft","terms":[],"taxonomy":"category","extraData":[]},"publishpress_future_workflow_manual_trigger":{"enabledWorkflows":[]},"_links":{"self":[{"href":"https:\/\/www.oaxaca.gob.mx\/comunicacion\/wp-json\/wp\/v2\/posts\/48142","targetHints":{"allow":["GET"]}}],"collection":[{"href":"https:\/\/www.oaxaca.gob.mx\/comunicacion\/wp-json\/wp\/v2\/posts"}],"about":[{"href":"https:\/\/www.oaxaca.gob.mx\/comunicacion\/wp-json\/wp\/v2\/types\/post"}],"author":[{"embeddable":true,"href":"https:\/\/www.oaxaca.gob.mx\/comunicacion\/wp-json\/wp\/v2\/users\/38"}],"replies":[{"embeddable":true,"href":"https:\/\/www.oaxaca.gob.mx\/comunicacion\/wp-json\/wp\/v2\/comments?post=48142"}],"version-history":[{"count":1,"href":"https:\/\/www.oaxaca.gob.mx\/comunicacion\/wp-json\/wp\/v2\/posts\/48142\/revisions"}],"predecessor-version":[{"id":48146,"href":"https:\/\/www.oaxaca.gob.mx\/comunicacion\/wp-json\/wp\/v2\/posts\/48142\/revisions\/48146"}],"wp:featuredmedia":[{"embeddable":true,"href":"https:\/\/www.oaxaca.gob.mx\/comunicacion\/wp-json\/wp\/v2\/media\/48144"}],"wp:attachment":[{"href":"https:\/\/www.oaxaca.gob.mx\/comunicacion\/wp-json\/wp\/v2\/media?parent=48142"}],"wp:term":[{"taxonomy":"category","embeddable":true,"href":"https:\/\/www.oaxaca.gob.mx\/comunicacion\/wp-json\/wp\/v2\/categories?post=48142"},{"taxonomy":"post_tag","embeddable":true,"href":"https:\/\/www.oaxaca.gob.mx\/comunicacion\/wp-json\/wp\/v2\/tags?post=48142"}],"curies":[{"name":"wp","href":"https:\/\/api.w.org\/{rel}","templated":true}]}}